{"id":11310,"date":"2022-03-31T14:06:51","date_gmt":"2022-03-31T17:06:51","guid":{"rendered":"https:\/\/universomola.com\/?p=11310"},"modified":"2022-03-31T14:39:30","modified_gmt":"2022-03-31T17:39:30","slug":"como-la-moda-latinoamericana-promueve-el-cuidado-medioambiental","status":"publish","type":"post","link":"https:\/\/universomola.com\/en\/como-la-moda-latinoamericana-promueve-el-cuidado-medioambiental\/","title":{"rendered":"Como la moda latinoamericana promueve el cuidado medioambiental."},"content":{"rendered":"<div class=\"fusion-fullwidth fullwidth-box fusion-builder-row-1 fusion-flex-container nonhundred-percent-fullwidth non-hundred-percent-height-scrolling\" style=\"--awb-border-radius-top-left:0px;--awb-border-radius-top-right:0px;--awb-border-radius-bottom-right:0px;--awb-border-radius-bottom-left:0px;--awb-flex-wrap:wrap;\" ><div class=\"fusion-builder-row fusion-row fusion-flex-align-items-flex-start fusion-flex-content-wrap\" style=\"max-width:calc( 1200px + 0px );margin-left: calc(-0px \/ 2 );margin-right: calc(-0px \/ 2 );\"><div class=\"fusion-layout-column fusion_builder_column fusion-builder-column-0 fusion_builder_column_1_1 1_1 fusion-flex-column\" style=\"--awb-bg-size:cover;--awb-width-large:100%;--awb-margin-top-large:0px;--awb-spacing-right-large:0px;--awb-margin-bottom-large:0px;--awb-spacing-left-large:0px;--awb-width-medium:100%;--awb-spacing-right-medium:0px;--awb-spacing-left-medium:0px;--awb-width-small:100%;--awb-spacing-right-small:0px;--awb-spacing-left-small:0px;\"><div class=\"fusion-column-wrapper fusion-flex-justify-content-flex-start fusion-content-layout-column\"><div class=\"fusion-text fusion-text-1\"><p style=\"text-align: justify; color: rgb(0, 0, 0);\">Por Luisa G\u00f3mez Comunicadora Universo MOLA<\/p>\n<p style=\"text-align: justify; color: rgb(0, 0, 0);\">Hoy en d\u00eda son cada vez m\u00e1s las personalidades, marcas y dise\u00f1adores de moda que se interesan por el cuidado medioambiental.<\/p>\n<p style=\"text-align: justify; color: rgb(0, 0, 0);\">La moda responsable de su impacto en nuestro planeta es un tema por el que se interesan cada vez m\u00e1s en la industria de la moda, especialmente en Latinoam\u00e9rica, y asimismo, va tomando fuerza en las pasarelas alrededor del mundo. \u201cEste enfoque recuerda un poco a la moda antigua, donde se usaban materiales naturales, y exist\u00eda un valor social, ambiental y un proceso muy artesanal\u201d (Ruiz,2012)<\/p>\n<p style=\"text-align: justify;\"><span style=\"color: rgb(0, 0, 0);\">Hoy les damos a conocer marcas integradas a Universo MOLA en su secci\u00f3n de MOLA Hub, este proyecto busca dar a conocer la red latinoamericana de actores de la moda sostenible que permite que los involucrados se desarrollen en comunidad para fortalecer sus propios servicios y productos dentro del continente. Algunas de las marcas que se mencionar\u00e1n aqu\u00ed son: Manos del Uruguay, Fen\u00f3menos textiles y Maria Bouvier. Si est\u00e1s interesado en conocer m\u00e1s de la secci\u00f3n MOLA Hub, puedes visitar <\/span><span style=\"\"><a href=\"https:\/\/universomola.com\/index.php\/mola-hub\/\" target=\"_blank\" rel=\"noopener noreferrer\" style=\"color: rgb(206, 226, 232);\"><span style=\"color: rgb(69, 170, 198);\"><u><b>esta p\u00e1gina<\/b><\/u><\/span><\/a><\/span><span style=\"color: rgb(0, 0, 0);\">; all\u00ed encontrar\u00e1s marcas amigables con la naturaleza con responsabilidad social y adem\u00e1s te sugerimos visitar nuestra tienda y adquirir sus productos sostenibles.<\/span><\/p>\n<p style=\"text-align: justify; color: rgb(0, 0, 0);\">\u00a1Conozcamos algunas de las marcas de UNIVERSO MOLA!<\/p>\n<p style=\"text-align: justify;\"><span style=\"color: rgb(0, 0, 0);\">&#8211;<\/span><b style=\"color: rgb(0, 0, 0);\">Manos del Uruguay<\/b><span style=\"color: rgb(0, 0, 0);\"> Crea prendas e hilos hermosos, \u00e9ticos y sostenibles proveniente de la lana, del cuero, de la madera y cuerno. Cada pieza es una oportunidad para ayudar a una mujer uruguaya a mantener a su familia y cada producto elaborado tiene una etiqueta con la firma del artesano y el nombre del pueblo donde est\u00e1 ubicada la cooperativa. Esto les ayuda a recordar que detr\u00e1s de cada poncho, manta o bufanda, hay una mujer, una historia.<\/span><\/p>\n<p style=\"text-align: justify;\"><span style=\"color: rgb(0, 0, 0);\">&#8211;<\/span><b style=\"color: rgb(0, 0, 0);\">Fen\u00f3menos textiles<\/b><span style=\"color: rgb(0, 0, 0);\"> es una marca de accesorios, indumentaria y art\u00edculos para el hogar realizados con fibras naturales, d\u00e1ndole valor a la creaci\u00f3n del textil. En la elaboraci\u00f3n de sus productos se utiliza principalmente la t\u00e9cnica de fieltro de lana, trabaj\u00e1ndola desde el vell\u00f3n, donde las fibras se amasan hasta formar un pa\u00f1o artesanal. Tambi\u00e9n se trabaja en tejido de punto y telar. Se realizan te\u00f1idos con tintes naturales y ecoprint.<\/span><\/p>\n<p style=\"text-align: justify; color: rgb(0, 0, 0);\">Y por \u00faltimo tenemos a:<\/p>\n<p style=\"text-align: justify;\"><b style=\"color: rgb(0, 0, 0);\">MAR\u00cdA BOUVIER<\/b><span style=\"color: rgb(0, 0, 0);\"> quien trabaja con el te\u00f1ido natural a mano. Esta t\u00e9cnica milenaria permite no solo trabajar con el color sino tambi\u00e9n crearlo con las manos, sin da\u00f1ar nuestro medio ambiente. Aqu\u00ed encontraras varios dise\u00f1os inspirados en la naturaleza.<\/span><\/p>\n<p style=\"text-align: justify;\"><span style=\"background-color: rgba(255, 255, 255, 0); color: rgb(0, 0, 0); font-family: var(--body_typography-font-family); font-size: var(--body_typography-font-size); font-style: var(--body_typography-font-style,normal); font-weight: var(--body_typography-font-weight); letter-spacing: var(--body_typography-letter-spacing);\">Para finalizar, debo decir que la moda latina est\u00e1 cada vez m\u00e1s en auge y debemos apoyar tanto nuestra cultura como nuestra identidad, ya que en ella descubrir\u00e1s lo rica y maravillosa que es. Adem\u00e1s de apoyar lo nuestro, ayudas a los artesanos y dise\u00f1adores que buscan priorizar un doble impacto: cuidar la naturaleza mediante t\u00e9cnicas realmente efectivas que no tiene nada que ver con el greenwashing, promover la moda latinoamericana. As\u00ed que vale la pena apoyar nuestra cultura y por ende sus productos.<\/span><\/p>\n<p style=\"text-align: justify;\"><span style=\"background-color: rgba(255, 255, 255, 0); color: rgb(0, 0, 0); font-family: var(--body_typography-font-family); font-size: var(--body_typography-font-size); font-style: var(--body_typography-font-style,normal); font-weight: var(--body_typography-font-weight); letter-spacing: var(--body_typography-letter-spacing);\"> <\/span><\/p>\n<div style=\"text-align: justify;\"><span style=\"color: #000000; background-color: rgba(255, 255, 255, 0); font-family: var(--body_typography-font-family); font-size: var(--body_typography-font-size); font-style: var(--body_typography-font-style,normal); letter-spacing: var(--body_typography-letter-spacing);\"><b style=\"color: rgb(0, 0, 0);\">References<\/b><\/span><\/div>\n<p style=\"color: rgb(0, 0, 0);\">\n<div style=\"text-align: justify;\"><span style=\"font-family: var(--body_typography-font-family); font-size: var(--body_typography-font-size); font-style: var(--body_typography-font-style,normal); font-weight: var(--body_typography-font-weight); letter-spacing: var(--body_typography-letter-spacing); background-color: rgba(255, 255, 255, 0);\"><span style=\"color: rgb(0, 0, 0);\">Ruiz J., L. (04 de 10 de 2012). LR la republica. Obtenido de Eco Fashion Latam nace para promover la Moda Eco y sostenible en Latinoam\u00e9rica: https:\/\/www.larepublica.co\/ocio\/eco-fashion-latam-nace-para-promover-la-moda-eco-y-sostenible-en-latinoamerica-2022500<\/span><\/span><\/div><\/p>\n<\/div><\/div><\/div><\/div><\/div>","protected":false},"excerpt":{"rendered":"","protected":false},"author":9,"featured_media":11311,"comment_status":"open","ping_status":"open","sticky":false,"template":"","format":"standard","meta":{"_monsterinsights_skip_tracking":false,"_monsterinsights_sitenote_active":false,"_monsterinsights_sitenote_note":"","_monsterinsights_sitenote_category":0,"footnotes":""},"categories":[40],"tags":[],"class_list":["post-11310","post","type-post","status-publish","format-standard","has-post-thumbnail","hentry","category-blog"],"_links":{"self":[{"href":"https:\/\/universomola.com\/en\/wp-json\/wp\/v2\/posts\/11310","targetHints":{"allow":["GET"]}}],"collection":[{"href":"https:\/\/universomola.com\/en\/wp-json\/wp\/v2\/posts"}],"about":[{"href":"https:\/\/universomola.com\/en\/wp-json\/wp\/v2\/types\/post"}],"author":[{"embeddable":true,"href":"https:\/\/universomola.com\/en\/wp-json\/wp\/v2\/users\/9"}],"replies":[{"embeddable":true,"href":"https:\/\/universomola.com\/en\/wp-json\/wp\/v2\/comments?post=11310"}],"version-history":[{"count":8,"href":"https:\/\/universomola.com\/en\/wp-json\/wp\/v2\/posts\/11310\/revisions"}],"predecessor-version":[{"id":11319,"href":"https:\/\/universomola.com\/en\/wp-json\/wp\/v2\/posts\/11310\/revisions\/11319"}],"wp:featuredmedia":[{"embeddable":true,"href":"https:\/\/universomola.com\/en\/wp-json\/wp\/v2\/media\/11311"}],"wp:attachment":[{"href":"https:\/\/universomola.com\/en\/wp-json\/wp\/v2\/media?parent=11310"}],"wp:term":[{"taxonomy":"category","embeddable":true,"href":"https:\/\/universomola.com\/en\/wp-json\/wp\/v2\/categories?post=11310"},{"taxonomy":"post_tag","embeddable":true,"href":"https:\/\/universomola.com\/en\/wp-json\/wp\/v2\/tags?post=11310"}],"curies":[{"name":"wp","href":"https:\/\/api.w.org\/{rel}","templated":true}]}}