{"id":11895,"date":"2022-04-15T13:13:38","date_gmt":"2022-04-15T16:13:38","guid":{"rendered":"https:\/\/universomola.com\/?p=11895"},"modified":"2022-04-15T13:18:02","modified_gmt":"2022-04-15T16:18:02","slug":"la-moda-como-resultado-de-la-mezcla-cultural","status":"publish","type":"post","link":"https:\/\/universomola.com\/en\/la-moda-como-resultado-de-la-mezcla-cultural\/","title":{"rendered":"La moda como resultado de la mezcla cultural."},"content":{"rendered":"[fusion_builder_container hundred_percent=\u00bbno\u00bb equal_height_columns=\u00bbno\u00bb hide_on_mobile=\u00bbsmall-visibility,medium-visibility,large-visibility\u00bb background_position=\u00bbcenter center\u00bb background_repeat=\u00bbno-repeat\u00bb fade=\u00bbno\u00bb background_parallax=\u00bbnone\u00bb parallax_speed=\u00bb0.3&#8243; video_aspect_ratio=\u00bb16:9&#8243; video_loop=\u00bbyes\u00bb video_mute=\u00bbyes\u00bb border_style=\u00bbsolid\u00bb flex_column_spacing=\u00bb0px\u00bb type=\u00bbflex\u00bb][fusion_builder_row][fusion_builder_column type=\u00bb1_1&#8243; type=\u00bb1_1&#8243; background_position=\u00bbleft top\u00bb background_color=\u00bb\u00bb border_color=\u00bb\u00bb border_style=\u00bbsolid\u00bb border_position=\u00bball\u00bb spacing=\u00bbyes\u00bb background_image=\u00bb\u00bb background_repeat=\u00bbno-repeat\u00bb padding_top=\u00bb\u00bb padding_right=\u00bb\u00bb padding_bottom=\u00bb\u00bb padding_left=\u00bb\u00bb margin_top=\u00bb0px\u00bb margin_bottom=\u00bb0px\u00bb class=\u00bb\u00bb id=\u00bb\u00bb animation_type=\u00bb\u00bb animation_speed=\u00bb0.3&#8243; animation_direction=\u00bbleft\u00bb hide_on_mobile=\u00bbsmall-visibility,medium-visibility,large-visibility\u00bb center_content=\u00bbno\u00bb last=\u00bbtrue\u00bb min_height=\u00bb\u00bb hover_type=\u00bbnone\u00bb link=\u00bb\u00bb first=\u00bbtrue\u00bb][fusion_text]\n<p style=\"color: rgb(0, 0, 0);\">Por Luisa G\u00f3mez\/ Comunicadora Universo MOLA<\/p>\n<p style=\"text-align: justify; color: rgb(0, 0, 0);\">Diversidad e inclusividad son las principales t\u00e9rminos o expresiones que se utilizan en la actualidad para mostrar c\u00f3mo la industria de la moda comienza a realizar cambios en pro de los canones \u201creales\u201d de la poblaci\u00f3n al momento de comenzar a dise\u00f1ar prendas aptas para todos y todas, sin tener como referente medidas especificadas a los modelos. Estos cambios no solo comenzaron a afectar la moda en Europa o E.E.U.U., tambi\u00e9n se ha extendido a Latinoam\u00e9rica.<\/p>\n<p style=\"text-align: justify;\"><span style=\"color: rgb(0, 0, 0);\">En nuestro territorio se enfocan m\u00e1s en los cambios de una forma m\u00e1s \u201cabierta y positiva\u201d ya que \u201ccuando<\/span><em><span style=\"color: rgb(0, 0, 0);\"> se habla de moda e inclusi\u00f3n, se percibe un universo de posibilidades expresivas, en donde todos aportamos una visi\u00f3n propia construida a partir de la colectividad y las ra\u00edces ancestrales que se van adaptando a un contexto actual y que enriquecen la cultura de nuestra Am<\/span><\/em><em><span style=\"color: rgb(0, 0, 0);\">\u00e9<\/span><\/em><em><span style=\"color: rgb(0, 0, 0);\">rica Latina<\/span><\/em><em><span style=\"color: rgb(0, 0, 0);\">\u201d<\/span><\/em><span style=\"color: rgb(0, 0, 0);\"> (Toro,2020).<\/span><\/p>\n<p style=\"text-align: justify;\"><span style=\"color: rgb(0, 0, 0);\">Seguramente se preguntar\u00e1n por qu\u00e9 en Am\u00e9rica latina se est\u00e1 pensando en la mezcla cultural, las ra\u00edces ancestrales y no se reduce solamente a las tallas y a la diversidad de g\u00e9nero. La respuesta es simple, si se quiere tener una comprensi\u00f3n m\u00e1s certera y profunda del sentido de inclusi\u00f3n, \u201c<\/span><em><span style=\"color: rgb(0, 0, 0);\">es necesario entender la relaci\u00f3n entre la moda y el patrimonio cultural, pues ambas dotan de identidad a los pueblos, permiten la expresi\u00f3n de las regiones y cuentan una historia en com\u00fa<\/span><\/em><em><span style=\"color: rgb(0, 0, 0);\">n a trav<\/span><\/em><em><span style=\"color: rgb(0, 0, 0);\">\u00e9<\/span><\/em><em><span style=\"color: rgb(0, 0, 0);\">s de la utilizaci\u00f3n de las prendas, que son una manifestaci\u00f3<\/span><\/em><em><span style=\"color: rgb(0, 0, 0);\">n de c<\/span><\/em><em><span style=\"color: rgb(0, 0, 0);\">\u00f3mo vemos el mundo.\u201d<\/span><\/em><span style=\"color: rgb(0, 0, 0);\"> (Toro,2020)<\/span><\/p>\n<p style=\"text-align: justify;\"><span style=\"color: rgb(0, 0, 0);\">La moda es un s\u00edmbolo de identidad y diversidad cultural, pues seg\u00fan Hamar la diversidad significa <\/span><em><span style=\"color: rgb(0, 0, 0);\"><span style=\"color: rgb(0, 0, 0);\">\u00abla mezcla de algo. Es la diferencia dentro de un grupo de personas. Esa d<\/span>iferencia puede ser de g<\/span><\/em><em><span style=\"color: rgb(0, 0, 0);\">\u00e9<\/span><\/em><em><span style=\"color: rgb(0, 0, 0);\">nero, sexualidad, discapacidad, imagen corporal\u201d <\/span><\/em><span style=\"color: rgb(0, 0, 0);\">(Hamar, 2022) <\/span><em><span style=\"color: rgb(0, 0, 0);\">y<\/span><\/em><span style=\"color: rgb(0, 0, 0);\"> por consiguiente, todo ello se ve reflejado en las prendas que vestimos cotidianamente.<\/span><\/p>\n<p style=\"text-align: justify;\"><span style=\"color: rgb(0, 0, 0);\">\u201c<\/span><em><span style=\"color: rgb(0, 0, 0);\">A trav\u00e9s de las prendas que usan las personas a diario, encontramos identificaci\u00f3n. Estas prendas promueven el valor de lo que somos naturalmente, cocreando con las artes nativas y transmutando identidades en las \u00e1<\/span><\/em><em><span style=\"color: rgb(0, 0, 0);\">reas urbanas<\/span><\/em><em><span style=\"color: rgb(0, 0, 0);\">\u201d <\/span><\/em><span style=\"color: rgb(0, 0, 0);\">(Toro,2020).<\/span><\/p>\n<p style=\"text-align: justify; color: rgb(0, 0, 0);\">Queda claro entonces que la diversidad e inclusi\u00f3n denotan la mezcla cultural de cada etnia o pueblo, por ello es importante en el mundo de la moda mostrar y resaltar los dise\u00f1os aut\u00f3ctonos, la diversidad de los modelos, de tallas y de g\u00e9nero para poder mostrar el verdadero progreso en la industria textil.<\/p>\n<p style=\"text-align: left; color: rgb(0, 0, 0);\">\n<p style=\"text-align: left; color: rgb(0, 0, 0);\">\n<p style=\"text-align: justify; color: rgb(0, 0, 0);\">\n<h1 data-fontsize=\"80\" data-lineheight=\"96px\" class=\"fusion-responsive-typography-calculated\" style=\"text-align: justify; --fontSize:80; line-height: 1.2; color: rgb(0, 0, 0);\">Referencias<\/h1>\n<p style=\"text-align: justify;\"><span style=\"color: rgb(0, 0, 0);\">Hamar , C. L. (2022). <\/span><em><span style=\"color: rgb(0, 0, 0);\">LUXIDERS<\/span><\/em><span style=\"color: rgb(0, 0, 0);\">. Obtenido de Diversidad e Inclusividad en la industria de la moda: https:\/\/luxiders.com\/es\/diversidad-inclusividad-moda\/<\/span><\/p>\n<p style=\"text-align: justify;\"><span style=\"color: rgb(0, 0, 0);\">Toro, M. (13 de 11 de 2020). <\/span><em><span style=\"color: rgb(0, 0, 0);\">BIOGUIA<\/span><\/em><span style=\"color: rgb(0, 0, 0);\">. Obtenido de Moda e inclusi\u00f3n en Am\u00e9rica Latina: una reflexi\u00f3n acerca de la diversidad: https:\/\/www.bioguia.com\/tendencias\/moda-e-inclusion-en-america-latina-una-reflexion-acerca-de-la-diversidad_85626932.html<\/span><\/p>\n<p style=\"text-align: justify; color: rgb(0, 0, 0);\">\n<p style=\"text-align: justify; color: rgb(0, 0, 0);\">\n<p style=\"text-align: justify; color: rgb(0, 0, 0);\">\n[\/fusion_text][\/fusion_builder_column][\/fusion_builder_row][\/fusion_builder_container]\n","protected":false},"excerpt":{"rendered":"<p>[fusion_builder_container hundred_percent=\u00bbno\u00bb equal_height_columns=\u00bbno\u00bb hide_on_mobile=\u00bbsmall-visibility,medium-visibility,large-visibility\u00bb background_position=\u00bbcenter center\u00bb background_repeat=\u00bbno-repeat\u00bb fade=\u00bbno\u00bb background_parallax=\u00bbnone\u00bb parallax_speed=\u00bb0.3&#8243; video_aspect_ratio=\u00bb16:9&#8243; video_loop=\u00bbyes\u00bb video_mute=\u00bbyes\u00bb border_style=\u00bbsolid\u00bb flex_column_spacing=\u00bb0px\u00bb type=\u00bbflex\u00bb][fusion_builder_row][fusion_builder_column type=\u00bb1_1&#8243; type=\u00bb1_1&#8243; background_position=\u00bbleft top\u00bb background_color=\u00bb\u00bb border_color=\u00bb\u00bb border_style=\u00bbsolid\u00bb border_position=\u00bball\u00bb spacing=\u00bbyes\u00bb background_image=\u00bb\u00bb background_repeat=\u00bbno-repeat\u00bb padding_top=\u00bb\u00bb padding_right=\u00bb\u00bb padding_bottom=\u00bb\u00bb&#8230;<\/p>\n","protected":false},"author":9,"featured_media":11896,"comment_status":"open","ping_status":"open","sticky":false,"template":"","format":"standard","meta":{"footnotes":""},"categories":[40],"tags":[],"class_list":["post-11895","post","type-post","status-publish","format-standard","has-post-thumbnail","category-blog"],"_links":{"self":[{"href":"https:\/\/universomola.com\/en\/wp-json\/wp\/v2\/posts\/11895","targetHints":{"allow":["GET"]}}],"collection":[{"href":"https:\/\/universomola.com\/en\/wp-json\/wp\/v2\/posts"}],"about":[{"href":"https:\/\/universomola.com\/en\/wp-json\/wp\/v2\/types\/post"}],"author":[{"embeddable":true,"href":"https:\/\/universomola.com\/en\/wp-json\/wp\/v2\/users\/9"}],"replies":[{"embeddable":true,"href":"https:\/\/universomola.com\/en\/wp-json\/wp\/v2\/comments?post=11895"}],"version-history":[{"count":6,"href":"https:\/\/universomola.com\/en\/wp-json\/wp\/v2\/posts\/11895\/revisions"}],"predecessor-version":[{"id":11902,"href":"https:\/\/universomola.com\/en\/wp-json\/wp\/v2\/posts\/11895\/revisions\/11902"}],"wp:featuredmedia":[{"embeddable":true,"href":"https:\/\/universomola.com\/en\/wp-json\/wp\/v2\/media\/11896"}],"wp:attachment":[{"href":"https:\/\/universomola.com\/en\/wp-json\/wp\/v2\/media?parent=11895"}],"wp:term":[{"taxonomy":"category","embeddable":true,"href":"https:\/\/universomola.com\/en\/wp-json\/wp\/v2\/categories?post=11895"},{"taxonomy":"post_tag","embeddable":true,"href":"https:\/\/universomola.com\/en\/wp-json\/wp\/v2\/tags?post=11895"}],"curies":[{"name":"wp","href":"https:\/\/api.w.org\/{rel}","templated":true}]}}