{"id":12137,"date":"2022-04-29T11:57:16","date_gmt":"2022-04-29T14:57:16","guid":{"rendered":"https:\/\/universomola.com\/?p=12137"},"modified":"2022-04-29T11:58:39","modified_gmt":"2022-04-29T14:58:39","slug":"como-la-ropa-me-ayudo-a-conocerme","status":"publish","type":"post","link":"https:\/\/universomola.com\/en\/como-la-ropa-me-ayudo-a-conocerme\/","title":{"rendered":"C\u00f3mo la ropa me ayud\u00f3 a conocerme"},"content":{"rendered":"<div class=\"fusion-fullwidth fullwidth-box fusion-builder-row-1 fusion-flex-container nonhundred-percent-fullwidth non-hundred-percent-height-scrolling\" style=\"--awb-border-radius-top-left:0px;--awb-border-radius-top-right:0px;--awb-border-radius-bottom-right:0px;--awb-border-radius-bottom-left:0px;--awb-flex-wrap:wrap;\" ><div class=\"fusion-builder-row fusion-row fusion-flex-align-items-flex-start fusion-flex-content-wrap\" style=\"max-width:calc( 1200px + 0px );margin-left: calc(-0px \/ 2 );margin-right: calc(-0px \/ 2 );\"><div class=\"fusion-layout-column fusion_builder_column fusion-builder-column-0 fusion_builder_column_1_1 1_1 fusion-flex-column\" style=\"--awb-bg-size:cover;--awb-width-large:100%;--awb-margin-top-large:0px;--awb-spacing-right-large:0px;--awb-margin-bottom-large:0px;--awb-spacing-left-large:0px;--awb-width-medium:100%;--awb-spacing-right-medium:0px;--awb-spacing-left-medium:0px;--awb-width-small:100%;--awb-spacing-right-small:0px;--awb-spacing-left-small:0px;\"><div class=\"fusion-column-wrapper fusion-flex-justify-content-flex-start fusion-content-layout-column\"><div class=\"fusion-text fusion-text-1\"><p><span style=\"font-weight: 400; color: rgb(0, 0, 0);\">Por Aida Raddi Corbari<\/span><\/p>\n<p style=\"text-align: justify;\"><span style=\"font-weight: 400; color: rgb(2, 2, 2);\">&#8211; \u201c\u00a1Te gusta la pilcha (ropa)!. Cuando ten\u00e9s algo nuevo, te encanta y vas al espejo a mirarte.\u201d &#8211; Me cuenta mi mam\u00e1. Para ese entonces yo ten\u00eda un a\u00f1o y medio, as\u00ed que mi relaci\u00f3n con la moda viene desde que soy muy chica. Recuerdo que ten\u00eda vestidos, maquillaje y bijouterie que hab\u00edan sido de ella o de alguna de mis abuelas y que siempre los usaba para disfrazarme, cuando jugaba con mis amigas. Me acuerdo tambi\u00e9n que siempre eleg\u00eda el vestido blanco con flores.<\/span><\/p>\n<p style=\"text-align: justify;\"><span style=\"font-weight: 400; color: rgb(2, 2, 2);\">Pero en la adolescencia algo pas\u00f3 que hizo que me olvidara de todo esto, y empec\u00e9 a vestirme con colores oscuros, remeras de bandas y pantalones algunos talles m\u00e1s grandes que el m\u00edo. Me pele\u00e9 con esa feminidad que disfrutaba explorar cuando era una ni\u00f1a. En mis veintes &#8211;<\/span><i><span style=\"font-weight: 400; color: rgb(2, 2, 2);\">Pinterest mediante<\/span><\/i><span style=\"font-weight: 400; color: rgb(2, 2, 2);\">&#8211; me volv\u00ed a conectar con ese lado que hab\u00eda quedado oculto bajo las remeras de bandas de rock, y los colores y las flores volvieron a formar parte de mi guardarropa; tambi\u00e9n el maquillaje y los accesorios.<\/span><\/p>\n<p style=\"text-align: justify;\"><span style=\"font-weight: 400; color: rgb(2, 2, 2);\">Hoy s\u00e9 algunas cosas m\u00e1s de m\u00ed que no sab\u00eda cu\u00e1ndo era m\u00e1s chica. A m\u00ed me gusta vestirme bien, pero tambi\u00e9n me gusta estar c\u00f3moda para poder manejarme con total libertad en esta ciudad que todos los d\u00edas ofrece alguna aventura nueva. <\/span><\/p>\n<p style=\"text-align: justify;\"><span style=\"font-weight: 400; color: rgb(2, 2, 2);\">Poder encontrar ropa que se adapte a mis gustos y a mis necesidades no es f\u00e1cil, menos cuando usas talles grandes y la cosa se pone peor cuando las marcas manejan precios muchas veces restrictivos y donde los fabricantes se inventaron una de las mejores estrategias de marketing de los \u00faltimos tiempos: el talle \u00fanico. \u00a1Como si tal cosa existiera! Lo que lo convierte en una gran estrategia de marketing no es que sea algo bueno, sino que perdur\u00f3 en el tiempo y que se hizo sentido com\u00fan en la sociedad. \u00bfA qui\u00e9n se le ocurri\u00f3 semejante barbaridad? Me pregunto, y me respondo que seguramente fue la misma persona que decidi\u00f3 traer una tabla de talles est\u00e1ndar del norte del mundo, ignorando que las latinoamericanas tenemos caderas y busto. La periodista Luciana Peker al respecto en su libro \u2018Putita Golosa\u2019 dice que el disciplinamiento del cuerpo \u00fanico no es inocente, casual o despolitizado, que \u201ccomo toda exclusi\u00f3n, quedar afuera del placard de la moda es quedar encerradas en el closet de las indeseables\u201d Y yo coincido.<\/span><\/p>\n<p style=\"text-align: justify;\"><span style=\"font-weight: 400; color: rgb(2, 2, 2);\">Creo m\u00e1s en buscar el estilo propio que en seguir las modas, que cambian cada vez m\u00e1s seguido. Prefiero buscar cosas que me gusten y que me hagan sentir bien, en lugar de estar con una prenda  que me hace sentir inc\u00f3moda pero hay que usarla por que las \u2018Las tendencias\u2019 lo dicen. Mi armario ideal tiene uno -o varios- \u2018the little black dress\u2019, polleras acampanadas y vestidos que parecen sacados de una colecci\u00f3n de Dior de los a\u00f1os 50. Aunque en la realidad, los pantalones son lo que m\u00e1s se ajusta a la vida urbana, as\u00ed como los zapatos o zapatillas al ras del suelo y prendas de colores lisos que son f\u00e1cilmente combinables. <\/span><\/p>\n<p style=\"text-align: justify;\"><span style=\"font-weight: 400; color: rgb(2, 2, 2);\">Muchas de estas prendas de a poco las estoy empezando a conseguir en el circuito de emprendedores y marcas independientes, pero esto es reciente, porque hace tan solo dos o tres a\u00f1os la industria de la moda decidi\u00f3 que las personas plus size podemos vestirnos bien y eso permiti\u00f3 que aparecieran varias marcas que nos ofrecen diferentes opciones, habilitando la posibilidad de explorar c\u00f3mo nos gusta vestirnos y qu\u00e9 nos hace sentir c\u00f3modas y bellas. <\/span><\/p>\n<p style=\"text-align: justify;\"><span style=\"font-weight: 400; color: rgb(2, 2, 2);\">&#8211; Yo fui puliendo mi estilo personal como pude, pero es bueno saber que las adolescentes de hoy en d\u00eda no van a tener que hacerlo.<\/span><\/p>\n<p style=\"text-align: justify; color: rgb(2, 2, 2);\">\n<\/div><\/div><\/div><\/div><\/div>","protected":false},"excerpt":{"rendered":"","protected":false},"author":9,"featured_media":12138,"comment_status":"open","ping_status":"open","sticky":false,"template":"","format":"standard","meta":{"_monsterinsights_skip_tracking":false,"_monsterinsights_sitenote_active":false,"_monsterinsights_sitenote_note":"","_monsterinsights_sitenote_category":0,"footnotes":""},"categories":[40],"tags":[],"class_list":["post-12137","post","type-post","status-publish","format-standard","has-post-thumbnail","hentry","category-blog"],"_links":{"self":[{"href":"https:\/\/universomola.com\/en\/wp-json\/wp\/v2\/posts\/12137","targetHints":{"allow":["GET"]}}],"collection":[{"href":"https:\/\/universomola.com\/en\/wp-json\/wp\/v2\/posts"}],"about":[{"href":"https:\/\/universomola.com\/en\/wp-json\/wp\/v2\/types\/post"}],"author":[{"embeddable":true,"href":"https:\/\/universomola.com\/en\/wp-json\/wp\/v2\/users\/9"}],"replies":[{"embeddable":true,"href":"https:\/\/universomola.com\/en\/wp-json\/wp\/v2\/comments?post=12137"}],"version-history":[{"count":2,"href":"https:\/\/universomola.com\/en\/wp-json\/wp\/v2\/posts\/12137\/revisions"}],"predecessor-version":[{"id":12140,"href":"https:\/\/universomola.com\/en\/wp-json\/wp\/v2\/posts\/12137\/revisions\/12140"}],"wp:featuredmedia":[{"embeddable":true,"href":"https:\/\/universomola.com\/en\/wp-json\/wp\/v2\/media\/12138"}],"wp:attachment":[{"href":"https:\/\/universomola.com\/en\/wp-json\/wp\/v2\/media?parent=12137"}],"wp:term":[{"taxonomy":"category","embeddable":true,"href":"https:\/\/universomola.com\/en\/wp-json\/wp\/v2\/categories?post=12137"},{"taxonomy":"post_tag","embeddable":true,"href":"https:\/\/universomola.com\/en\/wp-json\/wp\/v2\/tags?post=12137"}],"curies":[{"name":"wp","href":"https:\/\/api.w.org\/{rel}","templated":true}]}}