{"id":12148,"date":"2022-05-03T21:48:34","date_gmt":"2022-05-04T00:48:34","guid":{"rendered":"https:\/\/universomola.com\/?p=12148"},"modified":"2022-08-06T21:45:36","modified_gmt":"2022-08-07T00:45:36","slug":"mola-news-paper","status":"publish","type":"post","link":"https:\/\/universomola.com\/en\/mola-news-paper\/","title":{"rendered":"MOLA NEWS PAPER"},"content":{"rendered":"<div class=\"fusion-fullwidth fullwidth-box fusion-builder-row-1 fusion-flex-container nonhundred-percent-fullwidth non-hundred-percent-height-scrolling\" style=\"--awb-border-radius-top-left:0px;--awb-border-radius-top-right:0px;--awb-border-radius-bottom-right:0px;--awb-border-radius-bottom-left:0px;--awb-flex-wrap:wrap;\" ><div class=\"fusion-builder-row fusion-row fusion-flex-align-items-flex-start fusion-flex-content-wrap\" style=\"max-width:calc( 1200px + 0px );margin-left: calc(-0px \/ 2 );margin-right: calc(-0px \/ 2 );\"><div class=\"fusion-layout-column fusion_builder_column fusion-builder-column-0 fusion_builder_column_1_1 1_1 fusion-flex-column\" style=\"--awb-bg-size:cover;--awb-width-large:100%;--awb-margin-top-large:0px;--awb-spacing-right-large:0px;--awb-margin-bottom-large:0px;--awb-spacing-left-large:0px;--awb-width-medium:100%;--awb-spacing-right-medium:0px;--awb-spacing-left-medium:0px;--awb-width-small:100%;--awb-spacing-right-small:0px;--awb-spacing-left-small:0px;\"><div class=\"fusion-column-wrapper fusion-flex-justify-content-flex-start fusion-content-layout-column\"><div class=\"fusion-text fusion-text-1\"><div class=\"video-shortcode\"><iframe title=\"MOLA NEWS Noticias de moda sostenible 2022\" width=\"1200\" height=\"675\" data-src=\"https:\/\/www.youtube.com\/embed\/o5DPhIebPvA?feature=oembed\" frameborder=\"0\" allow=\"accelerometer; autoplay; clipboard-write; encrypted-media; gyroscope; picture-in-picture\" allowfullscreen src=\"data:image\/svg+xml;base64,PHN2ZyB3aWR0aD0iMSIgaGVpZ2h0PSIxIiB4bWxucz0iaHR0cDovL3d3dy53My5vcmcvMjAwMC9zdmciPjwvc3ZnPg==\" class=\"lazyload\" data-load-mode=\"1\"><\/iframe><\/div>\n<p style=\"text-align: justify;\"><span style=\"font-weight: 400; color: #000000;\">Mola News paper buscar\u00e1 informar de diversos temas relacionados con la sostenibilidad, incluyendo los nuevos avances tecno sostenibles que est\u00e1n desarrollando las grandes industrias en pro del medio ambiente.<\/span><\/p>\n<p style=\"text-align: justify;\"><span style=\"font-weight: 400; color: #000000;\">Hoy en d\u00eda vivimos en un mundo de constantes cambios demogr\u00e1ficos, tecnol\u00f3gicos y econ\u00f3micos, que incluyen el <\/span><b style=\"color: #000000;\">desarrollo <\/b><span style=\"font-weight: 400; color: #000000;\">que implica cambio, un cambio gradual y direccional. Por ello, se ha creado el t\u00e9rmino de <\/span><b style=\"color: #000000;\">desarrollo sostenible<\/b><span style=\"font-weight: 400; color: #000000;\">, como una idea para asegurar que estos cambios se produzcan de una forma que mejoren la condici\u00f3n humana. Por tal motivo, se mencionar\u00e1n dos marcas en espec\u00edfico que buscan implementar el desarrollo sostenible en la industria textil actual y por \u00faltimo hablaremos un poco del Pacto Verde Europeo quien crear\u00e1 nuevas oportunidades de innovaci\u00f3n, de inversi\u00f3n y empleo.<\/span><\/p>\n<p style=\"text-align: justify;\"><b style=\"color: #000000;\">NOTICIA #1<\/b><\/p>\n<p style=\"text-align: justify;\"><span style=\"font-weight: 400; color: #000000;\">Comenzaremos hablando un poco de <\/span><b style=\"color: #000000;\">Fashion For Good, <\/b><span style=\"font-weight: 400; color: #000000;\">esta organizaci\u00f3n ha lanzado su \u00faltimo plan llamado \u201cProyecto de Residuos Agr\u00edcolas Sin Explotar\u201d en su plataforma de \u201c<\/span><b style=\"color: #000000;\">innovaci\u00f3n transforma<\/b><span style=\"font-weight: 400; color: #000000;\">\u201d con el \u00e1nimo de validar y escalar tecnolog\u00edas que puedan transformar con \u00e9xito los residuos agr\u00edcolas en fibras textiles sostenibles. Asimismo, este proyecto busca explorar una nueva fuente de materias primas para la industria de la moda, para que ayude a impulsar a la agricultura industrial y a la textil. Este proceso busca llevar los resultados hacia el \u201ccero netos\u201d en pocas palabras, esto conllevar\u00e1 a\u00fan menor n\u00famero de emisiones de gases de efecto invernadero a nuestro planeta. Esta marca ha decidido dar este importante paso pensando en los residuos originados por la industria agr\u00edcola, estos \u201cdesechos\u201d no suelen ser aprovechados por lo que terminan siendo quemados. Por consiguiente, para dar buen uso de estos recursos, <\/span><b style=\"color: #000000;\">Fashion For Good <\/b><span style=\"font-weight: 400; color: #000000;\">concluir\u00e1 la primera fase de su proyecto en diciembre de 2022 y trabajar\u00e1 la viabilidad de mezclas de fibras naturales que puedan resultar beneficiosas para la creaci\u00f3n de elementos de vestir y calzado.<\/span><\/p>\n<p style=\"text-align: justify;\"><b style=\"color: #000000;\">NOTICIA #2<\/b><\/p>\n<p style=\"text-align: justify;\"><b style=\"color: #000000;\">Lafayette<\/b><span style=\"font-weight: 400; color: #000000;\"> lanza una colecci\u00f3n de telas biodegradables para celebrar sus 80 a\u00f1os, esta empresa busca producir elementos con responsabilidad ambiental y para ello ha creado la colecci\u00f3n<\/span><i><span style=\"font-weight: 400; color: #000000;\"> Green Bio<\/span><\/i><span style=\"font-weight: 400; color: #000000;\">. Esta colecci\u00f3n de textiles sostenibles con hilos biodegradables va dirigida a marcas que trabajen sus prendas desde la sostenibilidad en el \u00e1mbito deportivo.<\/span><\/p>\n<p style=\"text-align: justify;\"><span style=\"font-weight: 400; color: #000000;\">Algunas de las caracter\u00edsticas que tendr\u00e1n los productos de esta colecci\u00f3n son: <\/span><\/p>\n<ul>\n<li style=\"text-align: justify; font-weight: 400;\" aria-level=\"1\"><span style=\"font-weight: 400; color: #000000;\">Textil para camisetas liviano, con protecci\u00f3n solar y antibacterial<\/span><\/li>\n<li style=\"text-align: justify; font-weight: 400;\" aria-level=\"1\"><span style=\"font-weight: 400; color: #000000;\">textil para camisetas con elongaci\u00f3n, con toque fr\u00edo y comodidad \u00f3ptima para el deportista, adem\u00e1s cuenta con caracter\u00edsticas de secado r\u00e1pido.<\/span><\/li>\n<li style=\"text-align: justify; font-weight: 400;\" aria-level=\"1\"><span style=\"font-weight: 400; color: #000000;\">textil de tejido plano para sudaderas y pantalonetas con elongaci\u00f3n en 4 v\u00edas, permitiendo m\u00e1s comodidad para el usuario.<\/span><\/li>\n<\/ul>\n<p style=\"text-align: justify;\"><span style=\"font-weight: 400; color: #000000;\">La empresa implementa una soluci\u00f3n qu\u00edmica en el chip de poli\u00e9ster, que permite que el textil se descomponga significativamente m\u00e1s r\u00e1pido en los vertederos\/rellenos sanitarios de recolecci\u00f3n de basura, trayendo menos residuos al planeta. Adem\u00e1s, la empresa se avala por la siguiente norma:<\/span><\/p>\n<p style=\"text-align: justify;\"><span style=\"font-weight: 400; color: #000000;\">ASTM D5511-18 M\u00e9todo de prueba est\u00e1ndar para determinar la biodegradaci\u00f3n de materiales pl\u00e1sticos en condiciones de digesti\u00f3n anaer\u00f3bica con alto contenido de s\u00f3lidos (condiciones vertedero\/relleno sanitario simuladas).<\/span><\/p>\n<p style=\"text-align: justify;\"><span style=\"font-weight: 400; color: #000000;\">On the other hand, <\/span><b style=\"color: #000000;\">Lafayette<\/b><span style=\"font-weight: 400; color: #000000;\"> recibi\u00f3 la certificaci\u00f3n OEKO-TEX STD 100, sello que garantiza que sus productos, hechos en la f\u00e1brica de Colombia son seguros para el usuario una vez el textil entra en contacto con la piel, adem\u00e1s, en 2020 lanzaron la plataforma de productos GREEN R con hilos de poli\u00e9ster reciclado, certificados con el sello Global Recycled Standard -GRS-, contribuyendo as\u00ed con el cuidado del medioambiente, reduciendo 85% de consumo energ\u00e9tico y minimizando 77% de las emisiones de CO2. <\/span><\/p>\n<p style=\"text-align: justify;\"><b style=\"color: #000000;\">NOTICIA #3<\/b><\/p>\n<p style=\"text-align: justify;\"><span style=\"font-weight: 400; color: #000000;\">Por \u00faltimo, tenemos al Pacto Verde Europeo quien en conjunto con varios pa\u00edses y 27 estados miembros de UE buscan detener el avance del cambio clim\u00e1tico mediante ciertas estrategias, algunas de estas son: <\/span><\/p>\n<ul>\n<li style=\"text-align: justify; font-weight: 400;\" aria-level=\"1\"><span style=\"font-weight: 400; color: #000000;\">Crear un Fondo Social para el Clima que apoyar\u00e1 a los ciudadanos de la UE m\u00e1s afectados por la pobreza energ\u00e9tica o de movilidad o m\u00e1s expuestos a esta.<\/span><\/li>\n<li style=\"text-align: justify; font-weight: 400;\" aria-level=\"1\"><span style=\"font-weight: 400; color: #000000;\">Contribuir a mitigar los costes para las personas m\u00e1s expuestas a los cambios, a fin de garantizar que la transici\u00f3n sea justa y no deje a nadie atr\u00e1s.<\/span><\/li>\n<li style=\"text-align: justify; font-weight: 400;\" aria-level=\"1\"><span style=\"font-weight: 400; color: #000000;\">Aportar 72 200 millones de euros para financiar la renovaci\u00f3n de edificios, el acceso a una movilidad sin emisiones o con bajas emisiones, o incluso el apoyo a las rentas.<\/span><\/li>\n<\/ul>\n<p style=\"text-align: justify;\"><span style=\"font-weight: 400; color: #000000;\">La Comisi\u00f3n tambi\u00e9n propone restaurar los bosques, los suelos, los humedales y las turberas de Europa. Esto aumentar\u00e1 la absorci\u00f3n de CO2 y har\u00e1 que nuestro medio ambiente sea m\u00e1s resiliente al cambio clim\u00e1tico.<\/span><\/p>\n<p style=\"text-align: justify;\"><span style=\"font-weight: 400; color: #000000;\">En conclusi\u00f3n, para dar el paso a la sostenibilidad es necesario identificar marcas que realmente quieran ayudar al medioambiente y a la sociedad de forma honesta y que contemple todos los \u00e1mbitos de desarrollo. Es necesario que se tengan en cuenta todos los niveles econ\u00f3micos, sociales y medio ambientales para promover la sostenibilidad a largo plazo en todos sus aspectos y as\u00ed satisfacer las necesidades actuales y futuras de la sociedad sin destruir el ecosistema.<\/span><\/p>\n<\/div><\/div><\/div><\/div><\/div>","protected":false},"excerpt":{"rendered":"","protected":false},"author":7,"featured_media":12249,"comment_status":"open","ping_status":"open","sticky":false,"template":"","format":"standard","meta":{"_monsterinsights_skip_tracking":false,"_monsterinsights_sitenote_active":false,"_monsterinsights_sitenote_note":"","_monsterinsights_sitenote_category":0,"footnotes":""},"categories":[37],"tags":[],"class_list":["post-12148","post","type-post","status-publish","format-standard","has-post-thumbnail","hentry","category-molanews"],"_links":{"self":[{"href":"https:\/\/universomola.com\/en\/wp-json\/wp\/v2\/posts\/12148","targetHints":{"allow":["GET"]}}],"collection":[{"href":"https:\/\/universomola.com\/en\/wp-json\/wp\/v2\/posts"}],"about":[{"href":"https:\/\/universomola.com\/en\/wp-json\/wp\/v2\/types\/post"}],"author":[{"embeddable":true,"href":"https:\/\/universomola.com\/en\/wp-json\/wp\/v2\/users\/7"}],"replies":[{"embeddable":true,"href":"https:\/\/universomola.com\/en\/wp-json\/wp\/v2\/comments?post=12148"}],"version-history":[{"count":3,"href":"https:\/\/universomola.com\/en\/wp-json\/wp\/v2\/posts\/12148\/revisions"}],"predecessor-version":[{"id":12161,"href":"https:\/\/universomola.com\/en\/wp-json\/wp\/v2\/posts\/12148\/revisions\/12161"}],"wp:featuredmedia":[{"embeddable":true,"href":"https:\/\/universomola.com\/en\/wp-json\/wp\/v2\/media\/12249"}],"wp:attachment":[{"href":"https:\/\/universomola.com\/en\/wp-json\/wp\/v2\/media?parent=12148"}],"wp:term":[{"taxonomy":"category","embeddable":true,"href":"https:\/\/universomola.com\/en\/wp-json\/wp\/v2\/categories?post=12148"},{"taxonomy":"post_tag","embeddable":true,"href":"https:\/\/universomola.com\/en\/wp-json\/wp\/v2\/tags?post=12148"}],"curies":[{"name":"wp","href":"https:\/\/api.w.org\/{rel}","templated":true}]}}