{"id":12157,"date":"2022-05-06T12:43:32","date_gmt":"2022-05-06T15:43:32","guid":{"rendered":"https:\/\/universomola.com\/?p=12157"},"modified":"2022-05-06T12:45:15","modified_gmt":"2022-05-06T15:45:15","slug":"la-moda-como-impulsor-de-la-identidad-y-del-desarrollo-humano","status":"publish","type":"post","link":"https:\/\/universomola.com\/en\/la-moda-como-impulsor-de-la-identidad-y-del-desarrollo-humano\/","title":{"rendered":"La moda como impulsor de la identidad y del desarrollo humano."},"content":{"rendered":"<div class=\"fusion-fullwidth fullwidth-box fusion-builder-row-1 fusion-flex-container nonhundred-percent-fullwidth non-hundred-percent-height-scrolling\" style=\"--awb-border-radius-top-left:0px;--awb-border-radius-top-right:0px;--awb-border-radius-bottom-right:0px;--awb-border-radius-bottom-left:0px;--awb-flex-wrap:wrap;\" ><div class=\"fusion-builder-row fusion-row fusion-flex-align-items-flex-start fusion-flex-content-wrap\" style=\"max-width:calc( 1200px + 0px );margin-left: calc(-0px \/ 2 );margin-right: calc(-0px \/ 2 );\"><div class=\"fusion-layout-column fusion_builder_column fusion-builder-column-0 fusion_builder_column_1_1 1_1 fusion-flex-column\" style=\"--awb-bg-size:cover;--awb-width-large:100%;--awb-margin-top-large:0px;--awb-spacing-right-large:0px;--awb-margin-bottom-large:0px;--awb-spacing-left-large:0px;--awb-width-medium:100%;--awb-spacing-right-medium:0px;--awb-spacing-left-medium:0px;--awb-width-small:100%;--awb-spacing-right-small:0px;--awb-spacing-left-small:0px;\"><div class=\"fusion-column-wrapper fusion-flex-justify-content-flex-start fusion-content-layout-column\"><div class=\"fusion-text fusion-text-1\"><p style=\"text-align: justify; color: rgb(2, 2, 2);\">Por Luisa G\u00f3mez\/ Comunicadora Universo MOLA<\/p>\n<p style=\"text-align: justify; color: rgb(2, 2, 2);\">La moda ha sido una potente influencia cultural de cada civilizaci\u00f3n ya que ha formado parte de nuestra identidad como sociedad desde hace siglos, aunque muchos lo consideren un tema banal o superficial. Es importante reconocer que \u201cla moda es un fen\u00f3meno social y cultural, [\u2026] un importante impulsor en el sector de la econom\u00eda, y un motor de la originalidad en las estrategias de comercializaci\u00f3n y comunicaci\u00f3n\u201d (Llovet,2008), por lo que trasciende su componente meramente est\u00e9tico.<\/p>\n<p style=\"text-align: justify;\"><span style=\"color: rgb(2, 2, 2);\">Para comenzar, es necesario expresar la importancia de la moda porque el simple hecho de \u201cvestirse\u201d con cierto tipo de prendas corresponde a una demanda social. Adem\u00e1s, vestir con prendas espec\u00edficas denota la forma en que una persona muestra su rol, estatus y g\u00e9nero en la sociedad. Por consiguiente, la moda es una de las mas grandes expresiones de la libertad humana, porque refleja \u201c<\/span><em><span style=\"color: rgb(2, 2, 2);\">los principales valores morales y est\u00e9ticos de las sociedades<\/span><\/em><span style=\"color: rgb(2, 2, 2);\">\u201d (AN\u00c1HUAC,2022).<\/span><\/p>\n<p style=\"text-align: justify;\"><span style=\"color: rgb(2, 2, 2);\">El fil\u00f3sofo Alfredo Cruz ofreci\u00f3 la siguiente reflexi\u00f3n al momento de expresar que la moda un sin\u00f3nimo de cultura: \u201c<\/span><em><span style=\"color: rgb(2, 2, 2);\">El vestir no solo cubre el cuerpo, sino que carga de sentido y expresividad nuestra presencia f\u00edsica<\/span><\/em><span style=\"color: rgb(2, 2, 2);\">.\u201d<\/span><\/p>\n<p style=\"text-align: justify;\"><span style=\"color: rgb(2, 2, 2);\">Por otro lado, la producci\u00f3n de moda o estilo como fen\u00f3meno cultural y econ\u00f3mico demuestra c\u00f3mo la industria textil se ha duplicado los \u00faltimos 15 a\u00f1os, esto se debe al crecimiento poblacional en todo el mundo y el aumento de las ventas per c\u00e1pita en los pa\u00edses desarrollados. \u201c<\/span><em><span style=\"color: rgb(2, 2, 2);\">Se estima que para 2050, el Producto Interno Bruto global aumentar\u00e1 un 400 por ciento, lo que significar\u00e1 una mayor demanda de ropa. Sin embargo, esto podr\u00eda ser tambi\u00e9n una oportunidad para mejorar<\/span><\/em><span style=\"color: rgb(2, 2, 2);\">\u201d (Reichart &amp; Drew, 2019).<\/span><\/p>\n<p style=\"text-align: justify; color: rgb(2, 2, 2);\">En conclusi\u00f3n, la moda por muy popular y superficial que parezca denota el poder econ\u00f3mico social que posee alrededor del mundo. Esta industria es s\u00edmbolo de identidad cultural, y ha desarrollado la econom\u00eda y el sustento de muchas familias, sea a trav\u00e9s de la moda r\u00e1pida (Fast fashion) o la moda sostenible, siendo esta \u00faltima por la que hay que seguir apostando para el bien de nosotros como sociedad y el planeta.<\/p>\n<p style=\"text-align: justify; color: rgb(2, 2, 2);\">\n<p style=\"text-align: justify; color: rgb(2, 2, 2);\">\n<p style=\"text-align: justify; color: rgb(2, 2, 2);\">\n<h1 data-fontsize=\"80\" data-lineheight=\"96px\" class=\"fusion-responsive-typography-calculated\" style=\"text-align: justify; --fontSize:80; line-height: 1.2; color: rgb(2, 2, 2);\">References<\/h1>\n<p style=\"text-align: left;\"><em><span style=\"color: rgb(2, 2, 2);\">AN\u00c1HUAC MAYAB<\/span><\/em><span style=\"color: rgb(2, 2, 2);\">. (2022). Obtenido de Dise\u00f1o de Moda: Su influencia en la sociedad y el papel del dise\u00f1ador de moda: https:\/\/merida.anahuac.mx\/licenciaturas\/blog\/diseno-de-moda-su-influencia-en-la-sociedad-y-el-papel-del-disenador-de-moda<\/span><\/p>\n<p style=\"text-align: left;\"><span style=\"color: rgb(2, 2, 2);\">LLOVET, C. (17 de noviembre de 2008). <\/span><em><span style=\"color: rgb(2, 2, 2);\">La moda que nos hace m\u00e1s humanos<\/span><\/em><span style=\"color: rgb(2, 2, 2);\">. Obtenido de https:\/\/www.aceprensa.com\/cultura\/la-moda-que-nos-hace-mas-humanos\/<\/span><\/p>\n<p style=\"text-align: left;\"><span style=\"color: rgb(2, 2, 2);\">Reichart, E., &amp; Drew, D. (05 de marzo de 2019). <\/span><em><span style=\"color: rgb(2, 2, 2);\">Los impactos econ\u00f3micos, sociales y ambientales de la moda r\u00e1pida<\/span><\/em><span style=\"color: rgb(2, 2, 2);\">. Obtenido de https:\/\/wrimexico.org\/bloga\/los-impactos-econ%C3%B3micos-sociales-y-ambientales-de-la-moda-r%C3%A1pida<\/span><\/p>\n<p style=\"text-align: justify; color: rgb(2, 2, 2);\">\n<p style=\"text-align: justify; color: rgb(2, 2, 2);\">\n<p style=\"text-align: justify; color: rgb(2, 2, 2);\">\n<p style=\"text-align: justify; color: rgb(2, 2, 2);\">\n<p style=\"text-align: justify; color: rgb(2, 2, 2);\">\n<p style=\"text-align: justify; color: rgb(2, 2, 2);\">\n<p style=\"text-align: justify; color: rgb(2, 2, 2);\">\n<p style=\"text-align: justify; color: rgb(2, 2, 2);\">\n<p style=\"text-align: justify; color: rgb(2, 2, 2);\">\n<p style=\"text-align: justify; color: rgb(2, 2, 2);\">\n<p style=\"text-align: justify; color: rgb(2, 2, 2);\">\n<\/div><\/div><\/div><\/div><\/div>","protected":false},"excerpt":{"rendered":"","protected":false},"author":9,"featured_media":12158,"comment_status":"open","ping_status":"open","sticky":false,"template":"","format":"standard","meta":{"_monsterinsights_skip_tracking":false,"_monsterinsights_sitenote_active":false,"_monsterinsights_sitenote_note":"","_monsterinsights_sitenote_category":0,"footnotes":""},"categories":[40],"tags":[],"class_list":["post-12157","post","type-post","status-publish","format-standard","has-post-thumbnail","hentry","category-blog"],"_links":{"self":[{"href":"https:\/\/universomola.com\/en\/wp-json\/wp\/v2\/posts\/12157","targetHints":{"allow":["GET"]}}],"collection":[{"href":"https:\/\/universomola.com\/en\/wp-json\/wp\/v2\/posts"}],"about":[{"href":"https:\/\/universomola.com\/en\/wp-json\/wp\/v2\/types\/post"}],"author":[{"embeddable":true,"href":"https:\/\/universomola.com\/en\/wp-json\/wp\/v2\/users\/9"}],"replies":[{"embeddable":true,"href":"https:\/\/universomola.com\/en\/wp-json\/wp\/v2\/comments?post=12157"}],"version-history":[{"count":2,"href":"https:\/\/universomola.com\/en\/wp-json\/wp\/v2\/posts\/12157\/revisions"}],"predecessor-version":[{"id":12160,"href":"https:\/\/universomola.com\/en\/wp-json\/wp\/v2\/posts\/12157\/revisions\/12160"}],"wp:featuredmedia":[{"embeddable":true,"href":"https:\/\/universomola.com\/en\/wp-json\/wp\/v2\/media\/12158"}],"wp:attachment":[{"href":"https:\/\/universomola.com\/en\/wp-json\/wp\/v2\/media?parent=12157"}],"wp:term":[{"taxonomy":"category","embeddable":true,"href":"https:\/\/universomola.com\/en\/wp-json\/wp\/v2\/categories?post=12157"},{"taxonomy":"post_tag","embeddable":true,"href":"https:\/\/universomola.com\/en\/wp-json\/wp\/v2\/tags?post=12157"}],"curies":[{"name":"wp","href":"https:\/\/api.w.org\/{rel}","templated":true}]}}