{"id":12251,"date":"2022-05-20T14:58:29","date_gmt":"2022-05-20T17:58:29","guid":{"rendered":"https:\/\/universomola.com\/?p=12251"},"modified":"2022-05-21T14:01:23","modified_gmt":"2022-05-21T17:01:23","slug":"especiales-son-las-pizzas-no-las-personas","status":"publish","type":"post","link":"https:\/\/universomola.com\/en\/especiales-son-las-pizzas-no-las-personas\/","title":{"rendered":"Especiales son las pizzas, no las personas"},"content":{"rendered":"<div class=\"fusion-fullwidth fullwidth-box fusion-builder-row-1 fusion-flex-container nonhundred-percent-fullwidth non-hundred-percent-height-scrolling\" style=\"--awb-border-radius-top-left:0px;--awb-border-radius-top-right:0px;--awb-border-radius-bottom-right:0px;--awb-border-radius-bottom-left:0px;--awb-flex-wrap:wrap;\" ><div class=\"fusion-builder-row fusion-row fusion-flex-align-items-flex-start fusion-flex-content-wrap\" style=\"max-width:calc( 1200px + 0px );margin-left: calc(-0px \/ 2 );margin-right: calc(-0px \/ 2 );\"><div class=\"fusion-layout-column fusion_builder_column fusion-builder-column-0 fusion_builder_column_1_1 1_1 fusion-flex-column\" style=\"--awb-bg-size:cover;--awb-width-large:100%;--awb-margin-top-large:0px;--awb-spacing-right-large:0px;--awb-margin-bottom-large:0px;--awb-spacing-left-large:0px;--awb-width-medium:100%;--awb-spacing-right-medium:0px;--awb-spacing-left-medium:0px;--awb-width-small:100%;--awb-spacing-right-small:0px;--awb-spacing-left-small:0px;\"><div class=\"fusion-column-wrapper fusion-flex-justify-content-flex-start fusion-content-layout-column\"><div class=\"fusion-text fusion-text-1\"><p style=\"text-align: justify;\"><i><span style=\"font-weight: 400;\"><span style=\"color: #020202;\">By<\/span> <span style=\"color: #060706;\">Bianca Pasqualini &#8211; Colaboradora de Argentina<\/span><\/span><\/i><\/p>\n<p style=\"text-align: justify;\"><i><span style=\"font-weight: 400; color: #060706;\">\u201cEs talle \u00fanico, pero cede\u201d. \u201cNo tenemos nada en ese tama\u00f1o\u201d. \u201cSe usa as\u00ed, ajustado\u201d. \u201cNo trabajamos talles especiales\u201d. \u201cPero mira que es la talla m\u00e1s grande\u201d. \u201cCon el uso se adapta a tu cuerpo\u201d. <\/span><\/i><\/p>\n<p style=\"text-align: justify;\"><span style=\"font-weight: 400; color: #060706;\">Poder comprar ropa de nuestra talla es un derecho y una necesidad. Uno pensar\u00eda que a estas alturas ya hubi\u00e9semos aprendido que<\/span><b style=\"color: #060706;\"> uno no tiene que adaptarse a la ropa<\/b><span style=\"font-weight: 400; color: #060706;\">, sino todo lo contrario.<\/span><\/p>\n<p style=\"text-align: justify;\"><span style=\"font-weight: 400; color: #060706;\">Sin embargo, hace poco menos de dos semanas, le\u00edamos los \u201cgrandes esfuerzos\u201d que la reconocida celebridad Kim Kardashian tuvo que realizar para entrar en un vestido de Marilyn Monroe, para el ic\u00f3nico evento de la Gala del MET. M\u00e1s precisamente, decidi\u00f3 someterse a una estricta dieta para bajar m\u00e1s de siete kilos en tres semanas, con el mero objetivo de entrar en un vestido. Bonito ejemplo. <\/span><\/p>\n<p style=\"text-align: justify;\"><span style=\"font-weight: 400; color: #060706;\">La cuesti\u00f3n es que, a\u00fan cuando simult\u00e1neamente se est\u00e1 debatiendo o implementando la <\/span><i><span style=\"font-weight: 400; color: #060706;\">Ley de Talles,<\/span><\/i><span style=\"font-weight: 400; color: #060706;\"> y algunas marcas est\u00e1n adoptando una mayor diversidad para con sus modelos, la industria de la moda no ha cambiado mucho que digamos. Me gusta decir que la moda ha subido muchos escalones, pero todav\u00eda no lleg\u00f3 a la cima. <\/span><\/p>\n<p style=\"text-align: justify;\"><span style=\"font-weight: 400; color: #060706;\">En todos los pa\u00edses del mundo, se presentan porcentajes alt\u00edsimos de personas que tienen <\/span><b style=\"color: #060706;\">dificultades para encontrar su talla<\/b><span style=\"font-weight: 400; color: #060706;\"> \u4e00y esta cuesti\u00f3n no hace diferencias de g\u00e9nero.<\/span><\/p>\n<p style=\"text-align: justify;\"><span style=\"font-weight: 400; color: #060706;\">Uno creer\u00eda que con las herramientas t\u00e9cnicas que existen hoy en d\u00eda, la diversidad de tallas ya ser\u00eda cosa del pasado. Pero la realidad es que el problema sigue m\u00e1s que presente. <\/span><\/p>\n<p style=\"text-align: justify;\"><span style=\"font-weight: 400; color: #060706;\">Muchos creen, adem\u00e1s, que la inclusi\u00f3n de tallas hace referencia \u00fanicamente a la incorporaci\u00f3n de los talles hoy referidos como plus-size, pero la cuesti\u00f3n va mucho m\u00e1s all\u00e1. El problema que afrontamos actualmente no se soluciona con que las marcas incluyan un\/a modelo \u201ccurvy\u201d en su pasarelas una vez al a\u00f1o. <\/span><\/p>\n<p style=\"text-align: justify;\"><span style=\"font-weight: 400; color: #060706;\">Se trata de que la industria de la moda adopte<\/span><b style=\"color: #060706;\"> talles<\/b><b><i><span style=\"color: #060706;\"> reales<\/span><\/i><\/b><b style=\"color: #060706;\"> para personas <\/b><b><i><span style=\"color: #060706;\">reales.<\/span><\/i><\/b><\/p>\n<p style=\"text-align: justify;\"><span style=\"font-weight: 400; color: #060706;\">Y tampoco debe entenderse esto como una cr\u00edtica a quienes hoy se encuentran dentro de los par\u00e1metros de belleza, porque esos tambi\u00e9n son talles reales. El problema aparece cuando una cierta talla se convierte en el estereotipo \u00fanico al que todos debemos adaptarnos. O que, tambi\u00e9n, nos quieran convencer de que agregar un talle XL a su colecci\u00f3n es inclusividad porque no lo es. <\/span><\/p>\n<p style=\"text-align: justify;\"><span style=\"font-weight: 400; color: #060706;\">The<\/span><b style=\"color: #060706;\"> diversidad de cuerpos<\/b><span style=\"font-weight: 400; color: #060706;\"> pasa por una variedad de factores: desde la edad y las formas, hasta los tama\u00f1os. <\/span><\/p>\n<p style=\"text-align: justify;\"><span style=\"font-weight: 400; color: #060706;\">La moda es un lenguaje instant\u00e1neo, incluso cuando no somos conscientes de ello: es una forma de comunicaci\u00f3n que utilizamos todos los d\u00edas, a lo largo de toda la vida. Y el restrictivo abanico de tallas y tama\u00f1os con el que hoy en d\u00eda convivimos no es un problema de est\u00e9tica, es un <\/span><b style=\"color: #060706;\">problema de expresi\u00f3n<\/b> <b style=\"color: #060706;\">y representaci\u00f3n. <\/b><\/p>\n<p style=\"text-align: justify;\"><span style=\"font-weight: 400; color: #060706;\">Lo que para muchos es un h\u00e1bito cotidiano e incluso inconsciente, para otros es una pesadilla.<\/span><\/p>\n<p style=\"text-align: justify;\"><span style=\"font-weight: 400;\"><span style=\"color: #060706;\">Se necesitan tallas y tama\u00f1os reales para todos los cuerpos. Hay que seguir trabajando por una moda inclusiva y democr\u00e1tica, donde haya tallas y tama\u00f1os para todos. Porque esto ya no es s\u00f3lo una necesidad, sino que es una urgencia.<\/span> <\/span><\/p>\n<\/div><\/div><\/div><\/div><\/div>","protected":false},"excerpt":{"rendered":"","protected":false},"author":9,"featured_media":12252,"comment_status":"open","ping_status":"open","sticky":false,"template":"","format":"standard","meta":{"_monsterinsights_skip_tracking":false,"_monsterinsights_sitenote_active":false,"_monsterinsights_sitenote_note":"","_monsterinsights_sitenote_category":0,"footnotes":""},"categories":[40],"tags":[],"class_list":["post-12251","post","type-post","status-publish","format-standard","has-post-thumbnail","hentry","category-blog"],"_links":{"self":[{"href":"https:\/\/universomola.com\/en\/wp-json\/wp\/v2\/posts\/12251","targetHints":{"allow":["GET"]}}],"collection":[{"href":"https:\/\/universomola.com\/en\/wp-json\/wp\/v2\/posts"}],"about":[{"href":"https:\/\/universomola.com\/en\/wp-json\/wp\/v2\/types\/post"}],"author":[{"embeddable":true,"href":"https:\/\/universomola.com\/en\/wp-json\/wp\/v2\/users\/9"}],"replies":[{"embeddable":true,"href":"https:\/\/universomola.com\/en\/wp-json\/wp\/v2\/comments?post=12251"}],"version-history":[{"count":4,"href":"https:\/\/universomola.com\/en\/wp-json\/wp\/v2\/posts\/12251\/revisions"}],"predecessor-version":[{"id":12258,"href":"https:\/\/universomola.com\/en\/wp-json\/wp\/v2\/posts\/12251\/revisions\/12258"}],"wp:featuredmedia":[{"embeddable":true,"href":"https:\/\/universomola.com\/en\/wp-json\/wp\/v2\/media\/12252"}],"wp:attachment":[{"href":"https:\/\/universomola.com\/en\/wp-json\/wp\/v2\/media?parent=12251"}],"wp:term":[{"taxonomy":"category","embeddable":true,"href":"https:\/\/universomola.com\/en\/wp-json\/wp\/v2\/categories?post=12251"},{"taxonomy":"post_tag","embeddable":true,"href":"https:\/\/universomola.com\/en\/wp-json\/wp\/v2\/tags?post=12251"}],"curies":[{"name":"wp","href":"https:\/\/api.w.org\/{rel}","templated":true}]}}