{"id":13270,"date":"2022-09-07T14:09:54","date_gmt":"2022-09-07T17:09:54","guid":{"rendered":"https:\/\/universomola.com\/?p=13270"},"modified":"2022-09-08T20:44:11","modified_gmt":"2022-09-08T23:44:11","slug":"rebeldia-y-regeneracion-enfoques-que-toman-relevancia-en-la-moda-actual","status":"publish","type":"post","link":"https:\/\/universomola.com\/en\/rebeldia-y-regeneracion-enfoques-que-toman-relevancia-en-la-moda-actual\/","title":{"rendered":"Rebeld\u00eda y regeneraci\u00f3n, enfoques que toman relevancia en la moda actual"},"content":{"rendered":"[fusion_builder_container hundred_percent=\u00bbno\u00bb equal_height_columns=\u00bbno\u00bb hide_on_mobile=\u00bbsmall-visibility,medium-visibility,large-visibility\u00bb background_position=\u00bbcenter center\u00bb background_repeat=\u00bbno-repeat\u00bb fade=\u00bbno\u00bb background_parallax=\u00bbnone\u00bb parallax_speed=\u00bb0.3&#8243; video_aspect_ratio=\u00bb16:9&#8243; video_loop=\u00bbyes\u00bb video_mute=\u00bbyes\u00bb border_style=\u00bbsolid\u00bb flex_column_spacing=\u00bb0px\u00bb type=\u00bbflex\u00bb][fusion_builder_row][fusion_builder_column type=\u00bb1_1&#8243; layout=\u00bb1_1&#8243; background_position=\u00bbleft top\u00bb background_color=\u00bb\u00bb border_color=\u00bb\u00bb border_style=\u00bbsolid\u00bb border_position=\u00bball\u00bb spacing=\u00bbyes\u00bb background_image=\u00bb\u00bb background_repeat=\u00bbno-repeat\u00bb padding_top=\u00bb\u00bb padding_right=\u00bb\u00bb padding_bottom=\u00bb\u00bb padding_left=\u00bb\u00bb margin_top=\u00bb0px\u00bb margin_bottom=\u00bb0px\u00bb class=\u00bb\u00bb id=\u00bb\u00bb animation_type=\u00bb\u00bb animation_speed=\u00bb0.3&#8243; animation_direction=\u00bbleft\u00bb hide_on_mobile=\u00bbsmall-visibility,medium-visibility,large-visibility\u00bb center_content=\u00bbno\u00bb last=\u00bbtrue\u00bb min_height=\u00bb\u00bb hover_type=\u00bbnone\u00bb link=\u00bb\u00bb first=\u00bbtrue\u00bb][fusion_text columns=\u00bb1&#8243; column_min_width=\u00bb\u00bb column_spacing=\u00bb\u00bb rule_style=\u00bbdefault\u00bb rule_size=\u00bb\u00bb rule_color=\u00bb\u00bb content_alignment_medium=\u00bb\u00bb content_alignment_small=\u00bb\u00bb content_alignment=\u00bb\u00bb hide_on_mobile=\u00bbsmall-visibility,medium-visibility,large-visibility\u00bb sticky_display=\u00bbnormal,sticky\u00bb class=\u00bb\u00bb id=\u00bb\u00bb font_size=\u00bb\u00bb fusion_font_family_text_font=\u00bb\u00bb fusion_font_variant_text_font=\u00bb\u00bb line_height=\u00bb\u00bb letter_spacing=\u00bb\u00bb text_color=\u00bb\u00bb animation_type=\u00bb\u00bb animation_direction=\u00bbleft\u00bb animation_speed=\u00bb0.3&#8243; animation_offset=\u00bb\u00bb]\n<p><span style=\"color: #706f6f;\">Por Aida Raddi Cobari.<\/span><\/p>\n<p><strong style=\"color: #000000;\">Rebeld\u00eda y regeneraci\u00f3n, enfoques que toman relevancia en la moda actual.<\/strong><\/p>\n<p style=\"text-align: justify;\"><span style=\"font-weight: 400; color: #000000;\">La moda es una forma de expresi\u00f3n, porque individualmente la usamos para contar qui\u00e9nes y c\u00f3mo somos. Pero si ampliamos un poco m\u00e1s la imagen, podemos ver que tambi\u00e9n refleja el contexto social y pol\u00edtico. <\/span><\/p>\n<p style=\"text-align: justify;\"><span style=\"font-weight: 400; color: #000000;\">Desde hace algunos a\u00f1os podemos ver una vuelta de la moda de los a\u00f1os 80, que si la tendr\u00edamos que definir en pocas palabras ser\u00eda: colorida, con hombreras y mucho fijador de pelo. Pero, si contextualizamos la d\u00e9cada, nos encontramos con que: estaba creciendo la tensi\u00f3n entre Estados Unidos y Rusia en la guerra fr\u00eda y cae el muro de Berl\u00edn generando la apertura de Alemania Oriental al Capitalismo, entre algunas cosas que pasaron. Pero llevaron a que haya una tendencia al consumo ostentoso. Tambi\u00e9n que la mujer, finalmente luego de varias d\u00e9cadas de lucha, empezara a mostrarse igual al hombre con el uso de hombreras, el color negro, pantalones y trajes sastre, incluso en contextos informales o de esparcimiento. <\/span><\/p>\n<p style=\"text-align: justify;\"><span style=\"font-weight: 400; color: #000000;\">Otra cosa que caracteriz\u00f3 a la d\u00e9cada del 80 fueron sus peinados con mucho volumen, por un lado, el famoso pelo largo con rulos bien marcados. Y por otro lado se usaba el cabello corto por delante y largo por detr\u00e1s. Este \u00faltimo lo utilizaban los Punk de la \u00e9poca que, a pesar de haber surgido en los a\u00f1os 70, tuvo su comeback en los 80. Contrastando con todos los colores, los oversize y los batidos abultados, la est\u00e9tica punk empieza a tomar notoriedad con sus pantalones ajustados, camperas de cuero, borcegos, parches, piercings y peinados extravagantes que desafiaban la gravedad, como: los mohawks y los liberty spikes.<\/span><\/p>\n<p style=\"text-align: justify;\"><span style=\"font-weight: 400; color: #000000;\">La est\u00e9tica punk era rechazar lo est\u00e9ticamente agradable y se tomaban prendas comunes para usarlas de maneras chocantes. La ropa era elegida y manipulada para enviar diferentes mensajes. Y para esto a las prendas se le agregan parches de tela, o directamente se escrib\u00eda encima del cuero o del jean, dos de los materiales m\u00e1s utilizados en ese tipo de est\u00e9tica. <\/span><\/p>\n<p style=\"text-align: justify;\"><span style=\"font-weight: 400; color: #000000;\">Pero lo punk no estaba caracterizado s\u00f3lo por lo est\u00e9tico, sino que era una forma de expresar el descontento por lo establecido, de ser contestatario y antisistema. Esta rebeld\u00eda lleg\u00f3 para instalarse, porque un par de a\u00f1os m\u00e1s tarde llegar\u00eda a las principales pasarelas con Viviane Westwood. \u00bfEsto hizo que perdiera el car\u00e1cter contra hegem\u00f3nico para pasar a ser un producto comercial m\u00e1s? Puede ser, pero eso es tema para otro art\u00edculo. <\/span><\/p>\n<p style=\"text-align: justify;\"><span style=\"font-weight: 400; color: #000000;\">Lo que s\u00ed podemos asegurar es que el punk posteriormente influy\u00f3 en el grunge y el movimiento emo. Y que al convertirse en m\u00fasica del mainstream, dio pie a que se pudieran crear fusiones con otros g\u00e9neros como el happy punk y el pop punk. <\/span><\/p>\n<p style=\"text-align: justify;\"><span style=\"font-weight: 400; color: #000000;\">Y en esta \u00faltima me quisiera detener, porque est\u00e1 haciendo un comeback. Porque este g\u00e9nero apareci\u00f3 entre finales de los 90 y principios de los 2000, que es una \u00e9poca muy trendy \u00faltimamente. A pesar de que quienes la vivimos estemos sufriendo con la vuelta del tiro bajo y los pantalones cargo. <\/span><\/p>\n<p style=\"text-align: justify;\"><span style=\"font-weight: 400; color: #000000;\">Pero la tendencia pop punk de los 2000, se identifica con el uso del tart\u00e1n, las cadenas, las remeras con roturas o estampas y botas. Tambi\u00e9n tiene un dejo de un sentimiento anti moda, que fue una idea que empez\u00f3 a aparecer en la pandemia. Quiz\u00e1s porque surgi\u00f3 la necesidad de tener ropa m\u00e1s c\u00f3moda y funcional que llamativa y est\u00e9ticamente linda.<\/span><\/p>\n<p style=\"text-align: justify;\"><span style=\"font-weight: 400; color: #000000;\">Esta comodidad y funcionalidad es, necesariamente colores planos, f\u00e1cilmente combinables, prendas atemporales y que sean duraderas. Esto, podr\u00eda ser considerado medio anti. Porque nos lleva a consumir menos y a tener un guardarropas m\u00e1s acotado. Que en estos tiempos de fast fashion y contenido en redes del tipo \u201ccompre estos objetos para que vos no tengas que hacerlo\u201d o \u201chaul de shein\u201d, es una actitud medio anti hegemon\u00eda, es decir, medio punk. <\/span><\/p>\n[\/fusion_text][\/fusion_builder_column][\/fusion_builder_row][\/fusion_builder_container]\n","protected":false},"excerpt":{"rendered":"<p>[fusion_builder_container hundred_percent=\u00bbno\u00bb equal_height_columns=\u00bbno\u00bb hide_on_mobile=\u00bbsmall-visibility,medium-visibility,large-visibility\u00bb background_position=\u00bbcenter center\u00bb background_repeat=\u00bbno-repeat\u00bb fade=\u00bbno\u00bb background_parallax=\u00bbnone\u00bb parallax_speed=\u00bb0.3&#8243; video_aspect_ratio=\u00bb16:9&#8243; video_loop=\u00bbyes\u00bb video_mute=\u00bbyes\u00bb border_style=\u00bbsolid\u00bb flex_column_spacing=\u00bb0px\u00bb type=\u00bbflex\u00bb][fusion_builder_row][fusion_builder_column type=\u00bb1_1&#8243; layout=\u00bb1_1&#8243; background_position=\u00bbleft top\u00bb background_color=\u00bb\u00bb border_color=\u00bb\u00bb border_style=\u00bbsolid\u00bb border_position=\u00bball\u00bb spacing=\u00bbyes\u00bb background_image=\u00bb\u00bb background_repeat=\u00bbno-repeat\u00bb padding_top=\u00bb\u00bb padding_right=\u00bb\u00bb padding_bottom=\u00bb\u00bb&#8230;<\/p>\n","protected":false},"author":9,"featured_media":13273,"comment_status":"open","ping_status":"open","sticky":false,"template":"","format":"standard","meta":{"footnotes":""},"categories":[40],"tags":[],"class_list":["post-13270","post","type-post","status-publish","format-standard","has-post-thumbnail","category-blog"],"_links":{"self":[{"href":"https:\/\/universomola.com\/en\/wp-json\/wp\/v2\/posts\/13270","targetHints":{"allow":["GET"]}}],"collection":[{"href":"https:\/\/universomola.com\/en\/wp-json\/wp\/v2\/posts"}],"about":[{"href":"https:\/\/universomola.com\/en\/wp-json\/wp\/v2\/types\/post"}],"author":[{"embeddable":true,"href":"https:\/\/universomola.com\/en\/wp-json\/wp\/v2\/users\/9"}],"replies":[{"embeddable":true,"href":"https:\/\/universomola.com\/en\/wp-json\/wp\/v2\/comments?post=13270"}],"version-history":[{"count":7,"href":"https:\/\/universomola.com\/en\/wp-json\/wp\/v2\/posts\/13270\/revisions"}],"predecessor-version":[{"id":13384,"href":"https:\/\/universomola.com\/en\/wp-json\/wp\/v2\/posts\/13270\/revisions\/13384"}],"wp:featuredmedia":[{"embeddable":true,"href":"https:\/\/universomola.com\/en\/wp-json\/wp\/v2\/media\/13273"}],"wp:attachment":[{"href":"https:\/\/universomola.com\/en\/wp-json\/wp\/v2\/media?parent=13270"}],"wp:term":[{"taxonomy":"category","embeddable":true,"href":"https:\/\/universomola.com\/en\/wp-json\/wp\/v2\/categories?post=13270"},{"taxonomy":"post_tag","embeddable":true,"href":"https:\/\/universomola.com\/en\/wp-json\/wp\/v2\/tags?post=13270"}],"curies":[{"name":"wp","href":"https:\/\/api.w.org\/{rel}","templated":true}]}}