{"id":13424,"date":"2022-09-13T12:11:31","date_gmt":"2022-09-13T15:11:31","guid":{"rendered":"https:\/\/universomola.com\/?p=13424"},"modified":"2023-08-17T17:51:29","modified_gmt":"2023-08-17T20:51:29","slug":"universo-mola-cerro-con-exito-el-mola-fashion-day-cali","status":"publish","type":"post","link":"https:\/\/universomola.com\/en\/universo-mola-cerro-con-exito-el-mola-fashion-day-cali\/","title":{"rendered":"Universo MOLA cerr\u00f3 con \u00e9xito el MOLA Fashion Day Cali."},"content":{"rendered":"<div class=\"fusion-fullwidth fullwidth-box fusion-builder-row-1 fusion-flex-container nonhundred-percent-fullwidth non-hundred-percent-height-scrolling\" style=\"--awb-border-radius-top-left:0px;--awb-border-radius-top-right:0px;--awb-border-radius-bottom-right:0px;--awb-border-radius-bottom-left:0px;--awb-padding-bottom:0%;--awb-flex-wrap:wrap;\" ><div class=\"fusion-builder-row fusion-row fusion-flex-align-items-flex-start fusion-flex-content-wrap\" style=\"max-width:calc( 1200px + 0px );margin-left: calc(-0px \/ 2 );margin-right: calc(-0px \/ 2 );\"><div class=\"fusion-layout-column fusion_builder_column fusion-builder-column-0 fusion_builder_column_1_1 1_1 fusion-flex-column\" style=\"--awb-bg-size:cover;--awb-width-large:100%;--awb-margin-top-large:0px;--awb-spacing-right-large:0px;--awb-margin-bottom-large:0px;--awb-spacing-left-large:0px;--awb-width-medium:100%;--awb-spacing-right-medium:0px;--awb-spacing-left-medium:0px;--awb-width-small:100%;--awb-spacing-right-small:0px;--awb-spacing-left-small:0px;\"><div class=\"fusion-column-wrapper fusion-flex-justify-content-flex-start fusion-content-layout-column\"><div class=\"fusion-text fusion-text-1\"><p>Por Carolina Ortiz Jerez<\/p>\n<p style=\"text-align: justify;\"><strong style=\"color: #000000;\">Universo MOLA cerr\u00f3 con \u00e9xito el MOLA Fashion Day Cali.<\/strong><\/p>\n<p style=\"text-align: justify;\"><span style=\"color: #000000;\">El d\u00eda 19 de agosto pasado, se llev\u00f3 a cabo con \u00e9xito <\/span><strong style=\"color: #000000;\">MOLA Fashion Day Cali<\/strong><span style=\"color: #000000;\">, evento organizado por <\/span><strong style=\"color: #000000;\">Universo MOLA<\/strong><span style=\"color: #000000;\">, programa perteneciente a la Fundaci\u00f3n Entre Soles y Lunas, junto con la <\/span><strong style=\"color: #000000;\">Green Chamber of Commerce of Colombia<\/strong><span style=\"color: #000000;\">.<\/span><\/p>\n<p style=\"text-align: justify;\"><strong style=\"color: #000000;\">MOLA Fashion Day Cali<\/strong><span style=\"color: #000000;\"> reuni\u00f3 a 17 marcas colombianas de moda sostenible, todas ellas becadas por la Fundaci\u00f3n Entre Soles y Lunas, con el fin de preparar una delegaci\u00f3n que estar\u00e1 presente en <\/span><strong style=\"color: #000000;\">MOLA Fashion Week 2023<\/strong><span style=\"color: #000000;\">, el gran evento de moda sostenible de Latinoam\u00e9rica, que se realizar\u00e1 en <\/span><strong style=\"color: #000000;\">Punta del Este, Uruguay<\/strong><span style=\"color: #000000;\">, del <\/span><strong style=\"color: #000000;\">27 al 31 de marzo pr\u00f3ximo<\/strong><span style=\"color: #000000;\">.<\/span><\/p>\n<p style=\"text-align: justify;\"><span style=\"color: #000000;\">De acuerdo a lo se\u00f1alado por<\/span><strong style=\"color: #000000;\"> Valentina Su\u00e1rez,<\/strong><span style=\"color: #000000;\"> directora del programa Universo MOLA, <\/span><strong style=\"color: #000000;\">MOLA Fashion Day<\/strong><span style=\"color: #000000;\"> es un evento de un d\u00eda, en el que diferentes actores del mundo de la moda latinoamericana participan en una intensa jornada de entrenamiento, que tiene como finalidad, mejorar las pr\u00e1cticas y acciones de las marcas de moda vinculadas a la sostenibilidad.<\/span><\/p>\n<p style=\"text-align: justify; color: #000000;\">Tanto las marcas, como las empresas y artesanos que participaron en esta jornada, fueron seleccionadas en raz\u00f3n de ciertos criterios, entre los que se cuentan: la econom\u00eda circular, la recuperaci\u00f3n del patrimonio material y\/o inmaterial, as\u00ed como una comunicaci\u00f3n asertiva y transparente, entre otros requerimientos.<\/p>\n<\/div><div class=\"fusion-image-element\" style=\"text-align:center;--awb-caption-title-font-family:var(--h2_typography-font-family);--awb-caption-title-font-weight:var(--h2_typography-font-weight);--awb-caption-title-font-style:var(--h2_typography-font-style);--awb-caption-title-size:var(--h2_typography-font-size);--awb-caption-title-transform:var(--h2_typography-text-transform);--awb-caption-title-line-height:var(--h2_typography-line-height);--awb-caption-title-letter-spacing:var(--h2_typography-letter-spacing);\"><span class=\"fusion-imageframe imageframe-none imageframe-1 hover-type-none\"><img decoding=\"async\" width=\"400\" height=\"533\" title=\"photo_2022-08-23_18-21-57\" data-src=\"https:\/\/universomola.com\/wp-content\/uploads\/2022\/09\/photo_2022-08-23_18-21-57-400x533.jpg\" alt class=\"img-responsive wp-image-13428 lazyload\" data-srcset=\"https:\/\/universomola.com\/wp-content\/uploads\/2022\/09\/photo_2022-08-23_18-21-57-200x267.jpg 200w, https:\/\/universomola.com\/wp-content\/uploads\/2022\/09\/photo_2022-08-23_18-21-57-400x533.jpg 400w, https:\/\/universomola.com\/wp-content\/uploads\/2022\/09\/photo_2022-08-23_18-21-57-600x800.jpg 600w, https:\/\/universomola.com\/wp-content\/uploads\/2022\/09\/photo_2022-08-23_18-21-57-800x1067.jpg 800w, https:\/\/universomola.com\/wp-content\/uploads\/2022\/09\/photo_2022-08-23_18-21-57.jpg 960w\" data-sizes=\"(max-width: 875px) 100vw, (max-width: 620px) 100vw, 400px\" src=\"data:image\/svg+xml;base64,PHN2ZyB3aWR0aD0iMSIgaGVpZ2h0PSIxIiB4bWxucz0iaHR0cDovL3d3dy53My5vcmcvMjAwMC9zdmciPjwvc3ZnPg==\" style=\"--smush-placeholder-width: 400px; --smush-placeholder-aspect-ratio: 400\/533;\" \/><\/span><\/div><\/div><\/div><div class=\"fusion-layout-column fusion_builder_column fusion-builder-column-1 fusion_builder_column_1_1 1_1 fusion-flex-column\" style=\"--awb-bg-size:cover;--awb-width-large:100%;--awb-margin-top-large:0px;--awb-spacing-right-large:0px;--awb-margin-bottom-large:0px;--awb-spacing-left-large:0px;--awb-width-medium:100%;--awb-spacing-right-medium:0px;--awb-spacing-left-medium:0px;--awb-width-small:100%;--awb-spacing-right-small:0px;--awb-spacing-left-small:0px;\"><div class=\"fusion-column-wrapper fusion-flex-justify-content-flex-start fusion-content-layout-column\"><div class=\"fusion-text fusion-text-2\"><p><span style=\"text-align: justify; background-color: rgba(255, 255, 255, 0); font-family: var(--body_typography-font-family); font-size: var(--body_typography-font-size); font-style: var(--body_typography-font-style,normal); font-weight: var(--body_typography-font-weight); letter-spacing: var(--body_typography-letter-spacing);\"><span style=\"color: #000000;\"><br \/>\nDurante la jornada de entrenamiento, las marcas participaron en una serie de m\u00f3dulos en los que se abordaron temas como: modelos de negocio, econom\u00eda circular, indicadores de sostenibilidad, comunicaci\u00f3n y procesos de participaci\u00f3n en eventos.<\/span><\/span><\/p>\n<p style=\"text-align: justify;\"><span style=\"color: #000000;\">Para la ocasi\u00f3n, se cont\u00f3 con la participaci\u00f3n de un panel de expertos compuesto por <\/span><strong style=\"color: #000000;\">Valentina Su\u00e1rez<\/strong><span style=\"color: #000000;\">, directora de Universo MOLA; <\/span><strong style=\"color: #000000;\">Alejandra Nore\u00f1a<\/strong><span style=\"color: #000000;\">, creadora y directora de Habitar Academy; <\/span><strong style=\"color: #000000;\">Mauricio C\u00e1rdenas<\/strong><span style=\"color: #000000;\">, cofundador y presidente de la junta directiva de la C\u00e1mara Verde de Comercio de Latinoam\u00e9rica, y <\/span><strong style=\"color: #000000;\">Lillyana Mej\u00eda<\/strong><span style=\"color: #000000;\">, consultora en sostenibilidad empresarial, quienes estuvieron a cargo de dichos m\u00f3dulos.<\/span><\/p>\n<p style=\"text-align: justify; color: #000000;\">Todas las marcas que asistieron a esta jornada de entrenamiento, fueron becadas por la Fundaci\u00f3n Entre Soles y Lunas, con medias becas y becas completas, con el fin de facilitar su participaci\u00f3n en el MOLA Fashion Week 2023, en Punta del Este.<\/p>\n<p style=\"text-align: justify;\"><span style=\"color: #000000;\">Incline Leather obtuvo una <\/span><strong style=\"color: #000000;\">beca completa pasarela<\/strong><span style=\"color: #000000;\">, Aude, Garces Bottier y Sientochenta, fueron becadas con <\/span><strong style=\"color: #000000;\">becas completas para galer\u00eda<\/strong><span style=\"color: #000000;\"> y las marcas Wondernut, Anar\u00ed, Xzae, Triangle, Arte y Sano, Huella de Fuego, Acquerello, Mariposas en Verano, Anabella, Ecologie, Onda Sostenible y Amor a Segunda Vista, fueron beneficiadas con <\/span><strong style=\"color: #000000;\">medias becas<\/strong><span style=\"color: #000000;\">.<\/span><\/p>\n<p style=\"text-align: justify;\"><span style=\"color: #000000;\">Con el fin de continuar la selecci\u00f3n de las marcas que participar\u00e1n en <\/span><strong style=\"color: #000000;\">MOLA Fashion Week 2023 en Punta del Este, Uruguay, <\/strong><span style=\"color: #000000;\"> Universo MOLA comunic\u00f3 que se encuentran abiertas las postulaciones para las pr\u00f3ximas jornadas de <\/span><strong style=\"color: #000000;\">MOLA Fashion Day, <\/strong><span style=\"color: #000000;\">las que tendr\u00e1n lugar en <\/span><strong style=\"color: #000000;\">Buenos Aires,<\/strong><span style=\"color: #000000;\"> el d\u00eda <\/span><strong style=\"color: #000000;\">28 de septiembre<\/strong><span style=\"color: #000000;\"> y en <\/span><strong style=\"color: #000000;\">Santiago de Chile<\/strong><span style=\"color: #000000;\">, el d\u00eda <\/span><strong style=\"color: #000000;\">6 de octubre<\/strong><span style=\"color: #000000;\">.<\/span><\/p>\n<p style=\"text-align: justify;\"><span style=\"color: #000000;\">Universo MOLA (programa de la <\/span><a href=\"http:\/\/www.entresolesylunas.org\/\"><strong style=\"color: #000000;\">Entre Soles y Lunas Foundation<\/strong><\/a><strong style=\"color: #000000;\">)<\/strong><span style=\"color: #000000;\"> es el Movimiento de Moda Internacional Latinoamericano Sostenible que promueve la creaci\u00f3n de redes, el desarrollo y reconocimiento de dise\u00f1adores, marcas y productores del valor en la cadena de la moda y la industria textil.<\/span><\/p>\n<\/div><div class=\"fusion-image-carousel fusion-image-carousel-auto fusion-image-carousel-1 fusion-carousel-border\"><div class=\"awb-carousel awb-swiper awb-swiper-carousel\" data-autoplay=\"no\" data-columns=\"1\" data-itemmargin=\"13\" data-itemwidth=\"180\" data-touchscroll=\"no\" data-imagesize=\"auto\" style=\"--awb-columns:1;\"><div class=\"swiper-wrapper awb-image-carousel-wrapper fusion-flex-align-items-center\"><div class=\"swiper-slide\"><div class=\"fusion-carousel-item-wrapper\"><div class=\"fusion-image-wrapper hover-type-zoomin\"><img decoding=\"async\" width=\"1280\" height=\"960\" data-src=\"https:\/\/universomola.com\/wp-content\/uploads\/2022\/09\/photo_2022-08-19_09-18-30.jpg\" class=\"attachment-full size-full lazyload\" alt=\"\" data-srcset=\"https:\/\/universomola.com\/wp-content\/uploads\/2022\/09\/photo_2022-08-19_09-18-30-200x150.jpg 200w, https:\/\/universomola.com\/wp-content\/uploads\/2022\/09\/photo_2022-08-19_09-18-30-300x225.jpg 300w, https:\/\/universomola.com\/wp-content\/uploads\/2022\/09\/photo_2022-08-19_09-18-30-400x300.jpg 400w, https:\/\/universomola.com\/wp-content\/uploads\/2022\/09\/photo_2022-08-19_09-18-30-500x375.jpg 500w, https:\/\/universomola.com\/wp-content\/uploads\/2022\/09\/photo_2022-08-19_09-18-30-600x450.jpg 600w, https:\/\/universomola.com\/wp-content\/uploads\/2022\/09\/photo_2022-08-19_09-18-30-700x525.jpg 700w, https:\/\/universomola.com\/wp-content\/uploads\/2022\/09\/photo_2022-08-19_09-18-30-768x576.jpg 768w, https:\/\/universomola.com\/wp-content\/uploads\/2022\/09\/photo_2022-08-19_09-18-30-800x600.jpg 800w, https:\/\/universomola.com\/wp-content\/uploads\/2022\/09\/photo_2022-08-19_09-18-30-1024x768.jpg 1024w, https:\/\/universomola.com\/wp-content\/uploads\/2022\/09\/photo_2022-08-19_09-18-30-1200x900.jpg 1200w, https:\/\/universomola.com\/wp-content\/uploads\/2022\/09\/photo_2022-08-19_09-18-30.jpg 1280w\" data-sizes=\"(max-width: 1280px) 100vw, 1280px\" src=\"data:image\/svg+xml;base64,PHN2ZyB3aWR0aD0iMSIgaGVpZ2h0PSIxIiB4bWxucz0iaHR0cDovL3d3dy53My5vcmcvMjAwMC9zdmciPjwvc3ZnPg==\" style=\"--smush-placeholder-width: 1280px; --smush-placeholder-aspect-ratio: 1280\/960;\" \/><\/div><\/div><\/div><div class=\"swiper-slide\"><div class=\"fusion-carousel-item-wrapper\"><div class=\"fusion-image-wrapper hover-type-zoomin\"><img decoding=\"async\" width=\"1280\" height=\"960\" data-src=\"https:\/\/universomola.com\/wp-content\/uploads\/2022\/09\/photo_2022-08-19_09-18-25.jpg\" class=\"attachment-full size-full lazyload\" alt=\"\" data-srcset=\"https:\/\/universomola.com\/wp-content\/uploads\/2022\/09\/photo_2022-08-19_09-18-25-200x150.jpg 200w, https:\/\/universomola.com\/wp-content\/uploads\/2022\/09\/photo_2022-08-19_09-18-25-300x225.jpg 300w, https:\/\/universomola.com\/wp-content\/uploads\/2022\/09\/photo_2022-08-19_09-18-25-400x300.jpg 400w, https:\/\/universomola.com\/wp-content\/uploads\/2022\/09\/photo_2022-08-19_09-18-25-500x375.jpg 500w, https:\/\/universomola.com\/wp-content\/uploads\/2022\/09\/photo_2022-08-19_09-18-25-600x450.jpg 600w, https:\/\/universomola.com\/wp-content\/uploads\/2022\/09\/photo_2022-08-19_09-18-25-700x525.jpg 700w, https:\/\/universomola.com\/wp-content\/uploads\/2022\/09\/photo_2022-08-19_09-18-25-768x576.jpg 768w, https:\/\/universomola.com\/wp-content\/uploads\/2022\/09\/photo_2022-08-19_09-18-25-800x600.jpg 800w, https:\/\/universomola.com\/wp-content\/uploads\/2022\/09\/photo_2022-08-19_09-18-25-1024x768.jpg 1024w, https:\/\/universomola.com\/wp-content\/uploads\/2022\/09\/photo_2022-08-19_09-18-25-1200x900.jpg 1200w, https:\/\/universomola.com\/wp-content\/uploads\/2022\/09\/photo_2022-08-19_09-18-25.jpg 1280w\" data-sizes=\"(max-width: 1280px) 100vw, 1280px\" src=\"data:image\/svg+xml;base64,PHN2ZyB3aWR0aD0iMSIgaGVpZ2h0PSIxIiB4bWxucz0iaHR0cDovL3d3dy53My5vcmcvMjAwMC9zdmciPjwvc3ZnPg==\" style=\"--smush-placeholder-width: 1280px; --smush-placeholder-aspect-ratio: 1280\/960;\" \/><\/div><\/div><\/div><div class=\"swiper-slide\"><div class=\"fusion-carousel-item-wrapper\"><div class=\"fusion-image-wrapper hover-type-zoomin\"><img decoding=\"async\" width=\"1280\" height=\"960\" data-src=\"https:\/\/universomola.com\/wp-content\/uploads\/2022\/09\/photo_2022-08-18_20-05-37.jpg\" class=\"attachment-full size-full lazyload\" alt=\"\" data-srcset=\"https:\/\/universomola.com\/wp-content\/uploads\/2022\/09\/photo_2022-08-18_20-05-37-200x150.jpg 200w, https:\/\/universomola.com\/wp-content\/uploads\/2022\/09\/photo_2022-08-18_20-05-37-300x225.jpg 300w, https:\/\/universomola.com\/wp-content\/uploads\/2022\/09\/photo_2022-08-18_20-05-37-400x300.jpg 400w, https:\/\/universomola.com\/wp-content\/uploads\/2022\/09\/photo_2022-08-18_20-05-37-500x375.jpg 500w, https:\/\/universomola.com\/wp-content\/uploads\/2022\/09\/photo_2022-08-18_20-05-37-600x450.jpg 600w, https:\/\/universomola.com\/wp-content\/uploads\/2022\/09\/photo_2022-08-18_20-05-37-700x525.jpg 700w, https:\/\/universomola.com\/wp-content\/uploads\/2022\/09\/photo_2022-08-18_20-05-37-768x576.jpg 768w, https:\/\/universomola.com\/wp-content\/uploads\/2022\/09\/photo_2022-08-18_20-05-37-800x600.jpg 800w, https:\/\/universomola.com\/wp-content\/uploads\/2022\/09\/photo_2022-08-18_20-05-37-1024x768.jpg 1024w, https:\/\/universomola.com\/wp-content\/uploads\/2022\/09\/photo_2022-08-18_20-05-37-1200x900.jpg 1200w, https:\/\/universomola.com\/wp-content\/uploads\/2022\/09\/photo_2022-08-18_20-05-37.jpg 1280w\" data-sizes=\"(max-width: 1280px) 100vw, 1280px\" src=\"data:image\/svg+xml;base64,PHN2ZyB3aWR0aD0iMSIgaGVpZ2h0PSIxIiB4bWxucz0iaHR0cDovL3d3dy53My5vcmcvMjAwMC9zdmciPjwvc3ZnPg==\" style=\"--smush-placeholder-width: 1280px; --smush-placeholder-aspect-ratio: 1280\/960;\" \/><\/div><\/div><\/div><div class=\"swiper-slide\"><div class=\"fusion-carousel-item-wrapper\"><div class=\"fusion-image-wrapper hover-type-zoomin\"><img decoding=\"async\" width=\"1280\" height=\"960\" data-src=\"https:\/\/universomola.com\/wp-content\/uploads\/2022\/09\/photo_2022-08-19_09-19-14.jpg\" class=\"attachment-full size-full lazyload\" alt=\"\" data-srcset=\"https:\/\/universomola.com\/wp-content\/uploads\/2022\/09\/photo_2022-08-19_09-19-14-200x150.jpg 200w, https:\/\/universomola.com\/wp-content\/uploads\/2022\/09\/photo_2022-08-19_09-19-14-300x225.jpg 300w, https:\/\/universomola.com\/wp-content\/uploads\/2022\/09\/photo_2022-08-19_09-19-14-400x300.jpg 400w, https:\/\/universomola.com\/wp-content\/uploads\/2022\/09\/photo_2022-08-19_09-19-14-500x375.jpg 500w, https:\/\/universomola.com\/wp-content\/uploads\/2022\/09\/photo_2022-08-19_09-19-14-600x450.jpg 600w, https:\/\/universomola.com\/wp-content\/uploads\/2022\/09\/photo_2022-08-19_09-19-14-700x525.jpg 700w, https:\/\/universomola.com\/wp-content\/uploads\/2022\/09\/photo_2022-08-19_09-19-14-768x576.jpg 768w, https:\/\/universomola.com\/wp-content\/uploads\/2022\/09\/photo_2022-08-19_09-19-14-800x600.jpg 800w, https:\/\/universomola.com\/wp-content\/uploads\/2022\/09\/photo_2022-08-19_09-19-14-1024x768.jpg 1024w, https:\/\/universomola.com\/wp-content\/uploads\/2022\/09\/photo_2022-08-19_09-19-14-1200x900.jpg 1200w, https:\/\/universomola.com\/wp-content\/uploads\/2022\/09\/photo_2022-08-19_09-19-14.jpg 1280w\" data-sizes=\"(max-width: 1280px) 100vw, 1280px\" src=\"data:image\/svg+xml;base64,PHN2ZyB3aWR0aD0iMSIgaGVpZ2h0PSIxIiB4bWxucz0iaHR0cDovL3d3dy53My5vcmcvMjAwMC9zdmciPjwvc3ZnPg==\" style=\"--smush-placeholder-width: 1280px; --smush-placeholder-aspect-ratio: 1280\/960;\" \/><\/div><\/div><\/div><div class=\"swiper-slide\"><div class=\"fusion-carousel-item-wrapper\"><div class=\"fusion-image-wrapper hover-type-zoomin\"><img decoding=\"async\" width=\"1280\" height=\"960\" data-src=\"https:\/\/universomola.com\/wp-content\/uploads\/2022\/09\/photo_2022-08-23_18-21-59.jpg\" class=\"attachment-full size-full lazyload\" alt=\"\" data-srcset=\"https:\/\/universomola.com\/wp-content\/uploads\/2022\/09\/photo_2022-08-23_18-21-59-200x150.jpg 200w, https:\/\/universomola.com\/wp-content\/uploads\/2022\/09\/photo_2022-08-23_18-21-59-300x225.jpg 300w, https:\/\/universomola.com\/wp-content\/uploads\/2022\/09\/photo_2022-08-23_18-21-59-400x300.jpg 400w, https:\/\/universomola.com\/wp-content\/uploads\/2022\/09\/photo_2022-08-23_18-21-59-500x375.jpg 500w, https:\/\/universomola.com\/wp-content\/uploads\/2022\/09\/photo_2022-08-23_18-21-59-600x450.jpg 600w, https:\/\/universomola.com\/wp-content\/uploads\/2022\/09\/photo_2022-08-23_18-21-59-700x525.jpg 700w, https:\/\/universomola.com\/wp-content\/uploads\/2022\/09\/photo_2022-08-23_18-21-59-768x576.jpg 768w, https:\/\/universomola.com\/wp-content\/uploads\/2022\/09\/photo_2022-08-23_18-21-59-800x600.jpg 800w, https:\/\/universomola.com\/wp-content\/uploads\/2022\/09\/photo_2022-08-23_18-21-59-1024x768.jpg 1024w, https:\/\/universomola.com\/wp-content\/uploads\/2022\/09\/photo_2022-08-23_18-21-59-1200x900.jpg 1200w, https:\/\/universomola.com\/wp-content\/uploads\/2022\/09\/photo_2022-08-23_18-21-59.jpg 1280w\" data-sizes=\"(max-width: 1280px) 100vw, 1280px\" src=\"data:image\/svg+xml;base64,PHN2ZyB3aWR0aD0iMSIgaGVpZ2h0PSIxIiB4bWxucz0iaHR0cDovL3d3dy53My5vcmcvMjAwMC9zdmciPjwvc3ZnPg==\" style=\"--smush-placeholder-width: 1280px; --smush-placeholder-aspect-ratio: 1280\/960;\" \/><\/div><\/div><\/div><\/div><div class=\"awb-swiper-button awb-swiper-button-prev\"><i class=\"awb-icon-angle-left\" aria-hidden=\"true\"><\/i><\/div><div class=\"awb-swiper-button awb-swiper-button-next\"><i class=\"awb-icon-angle-right\" aria-hidden=\"true\"><\/i><\/div><\/div><\/div><\/div><\/div><\/div><\/div>","protected":false},"excerpt":{"rendered":"","protected":false},"author":9,"featured_media":13438,"comment_status":"open","ping_status":"open","sticky":false,"template":"","format":"standard","meta":{"_monsterinsights_skip_tracking":false,"_monsterinsights_sitenote_active":false,"_monsterinsights_sitenote_note":"","_monsterinsights_sitenote_category":0,"footnotes":""},"categories":[305,183],"tags":[212],"class_list":["post-13424","post","type-post","status-publish","format-standard","has-post-thumbnail","hentry","category-fashion-day","category-noti-mola-news","tag-cali"],"_links":{"self":[{"href":"https:\/\/universomola.com\/en\/wp-json\/wp\/v2\/posts\/13424","targetHints":{"allow":["GET"]}}],"collection":[{"href":"https:\/\/universomola.com\/en\/wp-json\/wp\/v2\/posts"}],"about":[{"href":"https:\/\/universomola.com\/en\/wp-json\/wp\/v2\/types\/post"}],"author":[{"embeddable":true,"href":"https:\/\/universomola.com\/en\/wp-json\/wp\/v2\/users\/9"}],"replies":[{"embeddable":true,"href":"https:\/\/universomola.com\/en\/wp-json\/wp\/v2\/comments?post=13424"}],"version-history":[{"count":9,"href":"https:\/\/universomola.com\/en\/wp-json\/wp\/v2\/posts\/13424\/revisions"}],"predecessor-version":[{"id":14088,"href":"https:\/\/universomola.com\/en\/wp-json\/wp\/v2\/posts\/13424\/revisions\/14088"}],"wp:featuredmedia":[{"embeddable":true,"href":"https:\/\/universomola.com\/en\/wp-json\/wp\/v2\/media\/13438"}],"wp:attachment":[{"href":"https:\/\/universomola.com\/en\/wp-json\/wp\/v2\/media?parent=13424"}],"wp:term":[{"taxonomy":"category","embeddable":true,"href":"https:\/\/universomola.com\/en\/wp-json\/wp\/v2\/categories?post=13424"},{"taxonomy":"post_tag","embeddable":true,"href":"https:\/\/universomola.com\/en\/wp-json\/wp\/v2\/tags?post=13424"}],"curies":[{"name":"wp","href":"https:\/\/api.w.org\/{rel}","templated":true}]}}