{"id":13439,"date":"2022-09-13T14:31:48","date_gmt":"2022-09-13T17:31:48","guid":{"rendered":"https:\/\/universomola.com\/?p=13439"},"modified":"2022-09-13T18:46:48","modified_gmt":"2022-09-13T21:46:48","slug":"argentina-fashion-week-un-espacio-donde-la-moda-sostenible-es-representada","status":"publish","type":"post","link":"https:\/\/universomola.com\/en\/argentina-fashion-week-un-espacio-donde-la-moda-sostenible-es-representada\/","title":{"rendered":"Argentina Fashion Week: un espacio donde la moda sostenible es representada."},"content":{"rendered":"<p><div class=\"fusion-fullwidth fullwidth-box fusion-builder-row-1 fusion-flex-container nonhundred-percent-fullwidth non-hundred-percent-height-scrolling\" style=\"--awb-border-radius-top-left:0px;--awb-border-radius-top-right:0px;--awb-border-radius-bottom-right:0px;--awb-border-radius-bottom-left:0px;--awb-padding-bottom:0%;--awb-flex-wrap:wrap;\" ><div class=\"fusion-builder-row fusion-row fusion-flex-align-items-flex-start fusion-flex-content-wrap\" style=\"max-width:calc( 1200px + 0px );margin-left: calc(-0px \/ 2 );margin-right: calc(-0px \/ 2 );\"><div class=\"fusion-layout-column fusion_builder_column fusion-builder-column-0 fusion_builder_column_1_1 1_1 fusion-flex-column\" style=\"--awb-bg-size:cover;--awb-width-large:100%;--awb-margin-top-large:0px;--awb-spacing-right-large:0px;--awb-margin-bottom-large:0px;--awb-spacing-left-large:0px;--awb-width-medium:100%;--awb-spacing-right-medium:0px;--awb-spacing-left-medium:0px;--awb-width-small:100%;--awb-spacing-right-small:0px;--awb-spacing-left-small:0px;\"><div class=\"fusion-column-wrapper fusion-flex-justify-content-flex-start fusion-content-layout-column\"><div class=\"fusion-text fusion-text-1\"><p>By <span style=\"font-weight: 400;\">M\u00f3nica C\u00f3rdova<\/span><\/p>\n<p style=\"text-align: justify;\"><span style=\"color: #000000;\"><b>Argentina Fashion Week: un espacio donde la moda sostenible es representada.<\/b><\/span><\/p>\n<p style=\"text-align: justify;\"><span style=\"font-weight: 400; color: #000000;\">Del 22 al 26 de agosto se llev\u00f3 a cabo en la ciudad de Buenos Aires la m\u00e1s reciente edici\u00f3n de Argentina Fashion Week temporada primavera-verano 2022-2023 donde dise\u00f1adores y artesanos se dieron cita para presentar sus colecciones. <\/span><\/p>\n<p style=\"text-align: justify;\"><span style=\"font-weight: 400; color: #000000;\">El m\u00e1s importante encuentro de moda del pa\u00eds reuni\u00f3 a 15 dise\u00f1adores argentinos e internacionales en sus cinco d\u00edas de jornadas llevadas a cabo en el Palacio Paz con la organizaci\u00f3n de Vidal Rivas y bajo la direcci\u00f3n de H\u00e9ctor Vidal Rivas y su equipo.<\/span><\/p>\n<p style=\"text-align: justify;\"><span style=\"color: #000000;\"><span style=\"font-weight: 400;\">Fue durante el \u00faltimo d\u00eda de presentaciones en el Palacio Paz donde la sostenibilidad y la moda caminaron de la mano con el trabajo de diversos artesanos y dise\u00f1adores que se dieron a la tarea de representar sus propias visiones de la moda en el pa\u00eds y sus comunidades, esto con apoyo de la <\/span><b>Asociaci\u00f3n Moda Sostenible Argentina <\/b><span style=\"font-weight: 400;\">(AMSOAR) y sus directivos. <\/span><\/span><\/p>\n<p style=\"text-align: justify;\"><span style=\"font-weight: 400; color: #000000;\">Circuito Moda Sostenible Argentina es una iniciativa de la Asociaci\u00f3n Moda Sostenible Argentina la cual tiene como objetivo el dar a conocer y fomentar dise\u00f1adores y artesanos locales comprometidos con la sostenibilidad en la moda; bajo este compromiso se presentaron seis colecciones distintas en la 59\u00b0 edici\u00f3n de ARFW, contando con el trabajo de artesanos, dise\u00f1adores e instituciones gubernamentales como lo fue la Secretar\u00eda de Turismo de la Pampa.<\/span><\/p>\n<p style=\"text-align: justify;\"><span style=\"color: #000000;\"><span style=\"font-weight: 400;\">Con apoyo de la Secretar\u00eda de Turismo de la Pampa los <\/span><b>ponchos tradicionales pampeanos<\/b><span style=\"font-weight: 400;\"> tuvieron su propia pasarela con la participaci\u00f3n de Elvira Toledano, Irma Cabral, Margarita Cabral, Juana Yanten, Noem\u00ed Zabala y Zulma Dur\u00e1n (en textiles) y Tamara Amaya, Carla Amaya, Daniel V\u00e1zquez, Mari Olgu\u00edn y Mat\u00edas Dos Santos (en accesorios).<\/span><\/span><\/p>\n<p style=\"text-align: justify;\">\n<\/div><div class=\"fusion-image-element\" style=\"text-align:center;--awb-caption-title-font-family:var(--h2_typography-font-family);--awb-caption-title-font-weight:var(--h2_typography-font-weight);--awb-caption-title-font-style:var(--h2_typography-font-style);--awb-caption-title-size:var(--h2_typography-font-size);--awb-caption-title-transform:var(--h2_typography-text-transform);--awb-caption-title-line-height:var(--h2_typography-line-height);--awb-caption-title-letter-spacing:var(--h2_typography-letter-spacing);\"><span class=\"fusion-imageframe imageframe-none imageframe-1 hover-type-none\"><img decoding=\"async\" width=\"740\" height=\"493\" title=\"MERCADO DE LA PAMPA\" data-src=\"https:\/\/universomola.com\/wp-content\/uploads\/2022\/09\/MERCADO-DE-LA-PAMPA.webp\" alt class=\"img-responsive wp-image-13446 lazyload\" data-srcset=\"https:\/\/universomola.com\/wp-content\/uploads\/2022\/09\/MERCADO-DE-LA-PAMPA-200x133.webp 200w, https:\/\/universomola.com\/wp-content\/uploads\/2022\/09\/MERCADO-DE-LA-PAMPA-300x200.webp 300w, https:\/\/universomola.com\/wp-content\/uploads\/2022\/09\/MERCADO-DE-LA-PAMPA-400x266.webp 400w, https:\/\/universomola.com\/wp-content\/uploads\/2022\/09\/MERCADO-DE-LA-PAMPA-500x333.webp 500w, https:\/\/universomola.com\/wp-content\/uploads\/2022\/09\/MERCADO-DE-LA-PAMPA-600x400.webp 600w, https:\/\/universomola.com\/wp-content\/uploads\/2022\/09\/MERCADO-DE-LA-PAMPA-700x466.webp 700w, https:\/\/universomola.com\/wp-content\/uploads\/2022\/09\/MERCADO-DE-LA-PAMPA.webp 740w\" data-sizes=\"(max-width: 875px) 100vw, (max-width: 620px) 100vw, 740px\" src=\"data:image\/svg+xml;base64,PHN2ZyB3aWR0aD0iMSIgaGVpZ2h0PSIxIiB4bWxucz0iaHR0cDovL3d3dy53My5vcmcvMjAwMC9zdmciPjwvc3ZnPg==\" style=\"--smush-placeholder-width: 740px; --smush-placeholder-aspect-ratio: 740\/493;\" \/><\/span><\/div><div class=\"fusion-text fusion-text-2\"><p><span style=\"color: #000000; text-align: justify; background-color: rgba(255, 255, 255, 0); font-family: var(--body_typography-font-family); font-size: var(--body_typography-font-size); font-style: var(--body_typography-font-style,normal); letter-spacing: var(--body_typography-letter-spacing);\">\u00a0<\/span><\/p>\n<p><span style=\"background-color: rgba(255, 255, 255, 0); color: #000000; font-family: var(--body_typography-font-family); font-size: var(--body_typography-font-size); font-style: var(--body_typography-font-style,normal); letter-spacing: var(--body_typography-letter-spacing); text-align: justify; font-weight: var(--body_typography-font-weight);\">Ponchos, medias mantas, tupu cintos y accesorios creados a base de textiles, materias primas y tintes naturales fueron parte de esta colecci\u00f3n mostrando el lado m\u00e1s tradicional y sostenible de su regi\u00f3n. El trabajo de los artesanos pampeanos dej\u00f3 fascinado al p\u00fablico con las t\u00e9cnicas y dise\u00f1os tradicionales que cada indumentaria presentaba.<\/span><\/p>\n<p style=\"text-align: justify;\"><span style=\"color: #000000;\"><span style=\"font-weight: 400;\">Por su parte, <\/span><b>Alkimia textiles<\/b><span style=\"font-weight: 400;\">, present\u00f3 la colecci\u00f3n \u201cWi\u00f1ay Pacha\u201d prendas y accesorios que abordaban problem\u00e1ticas como la reducci\u00f3n de la huella de carbono, la contaminaci\u00f3n del micropl\u00e1stico, la visibilizaci\u00f3n y trabajo justo de los artesanos y trabajadores. Utilizando t\u00e9cnicas de patronaje con cero residuo textil aprovechando al 100% los tejidos, dem\u00e1s de la implementaci\u00f3n de tintes org\u00e1nicos como las c\u00e1scaras de cebolla, palta, nuez, etc.<\/span><\/span><\/p>\n<\/div><div class=\"fusion-image-element\" style=\"text-align:center;--awb-caption-title-font-family:var(--h2_typography-font-family);--awb-caption-title-font-weight:var(--h2_typography-font-weight);--awb-caption-title-font-style:var(--h2_typography-font-style);--awb-caption-title-size:var(--h2_typography-font-size);--awb-caption-title-transform:var(--h2_typography-text-transform);--awb-caption-title-line-height:var(--h2_typography-line-height);--awb-caption-title-letter-spacing:var(--h2_typography-letter-spacing);\"><span class=\"fusion-imageframe imageframe-none imageframe-2 hover-type-none\"><img decoding=\"async\" width=\"740\" height=\"493\" title=\"ALKIMIA TEXTIL\" data-src=\"https:\/\/universomola.com\/wp-content\/uploads\/2022\/09\/ALKIMIA-TEXTIL.webp\" alt class=\"img-responsive wp-image-13442 lazyload\" data-srcset=\"https:\/\/universomola.com\/wp-content\/uploads\/2022\/09\/ALKIMIA-TEXTIL-200x133.webp 200w, https:\/\/universomola.com\/wp-content\/uploads\/2022\/09\/ALKIMIA-TEXTIL-300x200.webp 300w, https:\/\/universomola.com\/wp-content\/uploads\/2022\/09\/ALKIMIA-TEXTIL-400x266.webp 400w, https:\/\/universomola.com\/wp-content\/uploads\/2022\/09\/ALKIMIA-TEXTIL-500x333.webp 500w, https:\/\/universomola.com\/wp-content\/uploads\/2022\/09\/ALKIMIA-TEXTIL-600x400.webp 600w, https:\/\/universomola.com\/wp-content\/uploads\/2022\/09\/ALKIMIA-TEXTIL-700x466.webp 700w, https:\/\/universomola.com\/wp-content\/uploads\/2022\/09\/ALKIMIA-TEXTIL.webp 740w\" data-sizes=\"(max-width: 875px) 100vw, (max-width: 620px) 100vw, 740px\" src=\"data:image\/svg+xml;base64,PHN2ZyB3aWR0aD0iMSIgaGVpZ2h0PSIxIiB4bWxucz0iaHR0cDovL3d3dy53My5vcmcvMjAwMC9zdmciPjwvc3ZnPg==\" style=\"--smush-placeholder-width: 740px; --smush-placeholder-aspect-ratio: 740\/493;\" \/><\/span><\/div><div class=\"fusion-text fusion-text-3\"><p>&nbsp;<\/p>\n<p style=\"text-align: justify;\"><span style=\"color: #000000;\"><b>Ver\u00f3nica Lezcano<\/b><span style=\"font-weight: 400;\"> present\u00f3 su colecci\u00f3n \u201cRespeto a la tierra\u201d vestidos con detalles met\u00e1licos hechos a base de pl\u00e1stico reciclado inspirada en la lucha contra el cambio clim\u00e1tico y el cuidado de los recursos hacia las presentes y futuras generaciones.<\/span><\/span><\/p>\n<\/div><\/div><\/div><div class=\"fusion-layout-column fusion_builder_column fusion-builder-column-1 fusion_builder_column_1_1 1_1 fusion-flex-column\" style=\"--awb-bg-size:cover;--awb-width-large:100%;--awb-margin-top-large:0px;--awb-spacing-right-large:0px;--awb-margin-bottom-large:0px;--awb-spacing-left-large:0px;--awb-width-medium:100%;--awb-spacing-right-medium:0px;--awb-spacing-left-medium:0px;--awb-width-small:100%;--awb-spacing-right-small:0px;--awb-spacing-left-small:0px;\"><div class=\"fusion-column-wrapper fusion-flex-justify-content-flex-start fusion-content-layout-column\"><div class=\"fusion-image-element\" style=\"text-align:center;--awb-caption-title-font-family:var(--h2_typography-font-family);--awb-caption-title-font-weight:var(--h2_typography-font-weight);--awb-caption-title-font-style:var(--h2_typography-font-style);--awb-caption-title-size:var(--h2_typography-font-size);--awb-caption-title-transform:var(--h2_typography-text-transform);--awb-caption-title-line-height:var(--h2_typography-line-height);--awb-caption-title-letter-spacing:var(--h2_typography-letter-spacing);\"><span class=\"fusion-imageframe imageframe-none imageframe-3 hover-type-none\"><img decoding=\"async\" width=\"400\" height=\"600\" title=\"VERONICA LEZCANO (1)\" data-src=\"https:\/\/universomola.com\/wp-content\/uploads\/2022\/09\/VERONICA-LEZCANO-1-1-400x600.webp\" alt class=\"img-responsive wp-image-13443 lazyload\" data-srcset=\"https:\/\/universomola.com\/wp-content\/uploads\/2022\/09\/VERONICA-LEZCANO-1-1-200x300.webp 200w, https:\/\/universomola.com\/wp-content\/uploads\/2022\/09\/VERONICA-LEZCANO-1-1-400x600.webp 400w, https:\/\/universomola.com\/wp-content\/uploads\/2022\/09\/VERONICA-LEZCANO-1-1-500x750.webp 500w, https:\/\/universomola.com\/wp-content\/uploads\/2022\/09\/VERONICA-LEZCANO-1-1-600x900.webp 600w, https:\/\/universomola.com\/wp-content\/uploads\/2022\/09\/VERONICA-LEZCANO-1-1-683x1024.webp 683w, https:\/\/universomola.com\/wp-content\/uploads\/2022\/09\/VERONICA-LEZCANO-1-1-700x1050.webp 700w, https:\/\/universomola.com\/wp-content\/uploads\/2022\/09\/VERONICA-LEZCANO-1-1.webp 740w\" data-sizes=\"(max-width: 875px) 100vw, (max-width: 620px) 100vw, 400px\" src=\"data:image\/svg+xml;base64,PHN2ZyB3aWR0aD0iMSIgaGVpZ2h0PSIxIiB4bWxucz0iaHR0cDovL3d3dy53My5vcmcvMjAwMC9zdmciPjwvc3ZnPg==\" style=\"--smush-placeholder-width: 400px; --smush-placeholder-aspect-ratio: 400\/600;\" \/><\/span><\/div><\/div><\/div><\/div><\/div><div class=\"fusion-fullwidth fullwidth-box fusion-builder-row-2 fusion-flex-container nonhundred-percent-fullwidth non-hundred-percent-height-scrolling\" style=\"--awb-border-radius-top-left:0px;--awb-border-radius-top-right:0px;--awb-border-radius-bottom-right:0px;--awb-border-radius-bottom-left:0px;--awb-padding-bottom:0%;--awb-flex-wrap:wrap;\" ><div class=\"fusion-builder-row fusion-row fusion-flex-align-items-flex-start fusion-flex-content-wrap\" style=\"max-width:calc( 1200px + 0px );margin-left: calc(-0px \/ 2 );margin-right: calc(-0px \/ 2 );\"><div class=\"fusion-layout-column fusion_builder_column fusion-builder-column-2 fusion_builder_column_1_1 1_1 fusion-flex-column\" style=\"--awb-bg-size:cover;--awb-width-large:100%;--awb-margin-top-large:0px;--awb-spacing-right-large:0px;--awb-margin-bottom-large:0px;--awb-spacing-left-large:0px;--awb-width-medium:100%;--awb-spacing-right-medium:0px;--awb-spacing-left-medium:0px;--awb-width-small:100%;--awb-spacing-right-small:0px;--awb-spacing-left-small:0px;\"><div class=\"fusion-column-wrapper fusion-flex-justify-content-flex-start fusion-content-layout-column\"><div class=\"fusion-text fusion-text-4\"><p><b style=\"color: #000000; text-align: justify; background-color: rgba(255, 255, 255, 0); font-family: var(--body_typography-font-family); font-size: var(--body_typography-font-size); font-style: var(--body_typography-font-style,normal); letter-spacing: var(--body_typography-letter-spacing);\">De la Veracruz<\/b><span style=\"color: #000000; text-align: justify; background-color: rgba(255, 255, 255, 0); font-family: var(--body_typography-font-family); font-size: var(--body_typography-font-size); font-style: var(--body_typography-font-style,normal); letter-spacing: var(--body_typography-letter-spacing);\"> \u2014dupla de madre e hija\u2014 exhibi\u00f3 la colecci\u00f3n \u201cPatria viva\u201d donde expresaron la conexi\u00f3n entre las fibras naturales y los apliques obtenidos del reciclaje; prendas, sombreros y accesorios que pudimos observar en la pasarela jugaban entre los diferentes elementos que las conformaban, entre ellos la lana natural y latas recicladas.<\/span><\/p>\n<p style=\"text-align: justify;\"><span style=\"color: #000000;\"><b>Cosecha Vintage<\/b><span style=\"font-weight: 400;\"> es una marca regenerativa que busca revalorizar el trabajo manual, la reutilizaci\u00f3n de los recursos y el uso de fibras naturales. Su colecci\u00f3n llamada \u201cC\u00edrculo Sagrado\u201d replantea el discurso del c\u00edrculo de la paz, aqu\u00ed mencionan su postura contra cualquier tipo de violencia y la utilizaci\u00f3n de textiles reciclados y fibras naturales.<\/span><\/span><\/p>\n<p style=\"text-align: justify;\">\n<\/div><div class=\"fusion-image-element\" style=\"text-align:center;--awb-caption-title-font-family:var(--h2_typography-font-family);--awb-caption-title-font-weight:var(--h2_typography-font-weight);--awb-caption-title-font-style:var(--h2_typography-font-style);--awb-caption-title-size:var(--h2_typography-font-size);--awb-caption-title-transform:var(--h2_typography-text-transform);--awb-caption-title-line-height:var(--h2_typography-line-height);--awb-caption-title-letter-spacing:var(--h2_typography-letter-spacing);\"><span class=\"fusion-imageframe imageframe-none imageframe-4 hover-type-none\"><img decoding=\"async\" width=\"740\" height=\"493\" title=\"COSECHA VINTAGE\" data-src=\"https:\/\/universomola.com\/wp-content\/uploads\/2022\/09\/COSECHA-VINTAGE.webp\" alt class=\"img-responsive wp-image-13444 lazyload\" data-srcset=\"https:\/\/universomola.com\/wp-content\/uploads\/2022\/09\/COSECHA-VINTAGE-200x133.webp 200w, https:\/\/universomola.com\/wp-content\/uploads\/2022\/09\/COSECHA-VINTAGE-300x200.webp 300w, https:\/\/universomola.com\/wp-content\/uploads\/2022\/09\/COSECHA-VINTAGE-400x266.webp 400w, https:\/\/universomola.com\/wp-content\/uploads\/2022\/09\/COSECHA-VINTAGE-500x333.webp 500w, https:\/\/universomola.com\/wp-content\/uploads\/2022\/09\/COSECHA-VINTAGE-600x400.webp 600w, https:\/\/universomola.com\/wp-content\/uploads\/2022\/09\/COSECHA-VINTAGE-700x466.webp 700w, https:\/\/universomola.com\/wp-content\/uploads\/2022\/09\/COSECHA-VINTAGE.webp 740w\" data-sizes=\"(max-width: 875px) 100vw, (max-width: 620px) 100vw, 740px\" src=\"data:image\/svg+xml;base64,PHN2ZyB3aWR0aD0iMSIgaGVpZ2h0PSIxIiB4bWxucz0iaHR0cDovL3d3dy53My5vcmcvMjAwMC9zdmciPjwvc3ZnPg==\" style=\"--smush-placeholder-width: 740px; --smush-placeholder-aspect-ratio: 740\/493;\" \/><\/span><\/div><div class=\"fusion-text fusion-text-5\"><p style=\"text-align: justify;\"><span style=\"color: #000000;\"><span style=\"font-weight: 400;\"><br \/>\n<\/span><\/span><span style=\"background-color: rgba(255, 255, 255, 0); font-family: var(--body_typography-font-family); font-size: var(--body_typography-font-size); font-style: var(--body_typography-font-style,normal); font-weight: var(--body_typography-font-weight); letter-spacing: var(--body_typography-letter-spacing); color: #000000;\"><br \/>\n.<\/span><span style=\"font-family: var(--body_typography-font-family); font-size: var(--body_typography-font-size); font-style: var(--body_typography-font-style,normal); font-weight: var(--body_typography-font-weight); letter-spacing: var(--body_typography-letter-spacing); color: #000000; background-color: rgba(255, 255, 255, 0);\">a colecci\u00f3n \u201cPrintemps Japanese\u201d de <\/span><b style=\"font-family: var(--body_typography-font-family); font-size: var(--body_typography-font-size); font-style: var(--body_typography-font-style,normal); letter-spacing: var(--body_typography-letter-spacing); color: #000000; background-color: rgba(255, 255, 255, 0);\">Graciela Misasi<\/b><span style=\"font-family: var(--body_typography-font-family); font-size: var(--body_typography-font-size); font-style: var(--body_typography-font-style,normal); font-weight: var(--body_typography-font-weight); letter-spacing: var(--body_typography-letter-spacing); color: #000000; background-color: rgba(255, 255, 255, 0);\"> mostr\u00f3 su lado m\u00e1s creativo y sostenible dando una revalorizaci\u00f3n a la cultura japonesa, dirigida a una mujer femenina y delicada.<br \/>\n<\/span><\/p>\n<p><span style=\"font-family: var(--body_typography-font-family); font-size: var(--body_typography-font-size); font-style: var(--body_typography-font-style,normal); font-weight: var(--body_typography-font-weight); letter-spacing: var(--body_typography-letter-spacing); color: #000000; background-color: rgba(255, 255, 255, 0);\">\u00a0<\/span><\/p>\n<\/div><div class=\"fusion-image-element\" style=\"--awb-caption-title-font-family:var(--h2_typography-font-family);--awb-caption-title-font-weight:var(--h2_typography-font-weight);--awb-caption-title-font-style:var(--h2_typography-font-style);--awb-caption-title-size:var(--h2_typography-font-size);--awb-caption-title-transform:var(--h2_typography-text-transform);--awb-caption-title-line-height:var(--h2_typography-line-height);--awb-caption-title-letter-spacing:var(--h2_typography-letter-spacing);\"><span class=\"fusion-imageframe imageframe-none imageframe-5 hover-type-none\"><img decoding=\"async\" width=\"740\" height=\"493\" title=\"GRACIELA MISASI\" data-src=\"https:\/\/universomola.com\/wp-content\/uploads\/2022\/09\/GRACIELA-MISASI.webp\" alt class=\"img-responsive wp-image-13445 lazyload\" data-srcset=\"https:\/\/universomola.com\/wp-content\/uploads\/2022\/09\/GRACIELA-MISASI-200x133.webp 200w, https:\/\/universomola.com\/wp-content\/uploads\/2022\/09\/GRACIELA-MISASI-300x200.webp 300w, https:\/\/universomola.com\/wp-content\/uploads\/2022\/09\/GRACIELA-MISASI-400x266.webp 400w, https:\/\/universomola.com\/wp-content\/uploads\/2022\/09\/GRACIELA-MISASI-500x333.webp 500w, https:\/\/universomola.com\/wp-content\/uploads\/2022\/09\/GRACIELA-MISASI-600x400.webp 600w, https:\/\/universomola.com\/wp-content\/uploads\/2022\/09\/GRACIELA-MISASI-700x466.webp 700w, https:\/\/universomola.com\/wp-content\/uploads\/2022\/09\/GRACIELA-MISASI.webp 740w\" data-sizes=\"(max-width: 875px) 100vw, (max-width: 620px) 100vw, 740px\" src=\"data:image\/svg+xml;base64,PHN2ZyB3aWR0aD0iMSIgaGVpZ2h0PSIxIiB4bWxucz0iaHR0cDovL3d3dy53My5vcmcvMjAwMC9zdmciPjwvc3ZnPg==\" style=\"--smush-placeholder-width: 740px; --smush-placeholder-aspect-ratio: 740\/493;\" \/><\/span><\/div><div class=\"fusion-text fusion-text-6\"><p><span style=\"color: #000000; text-align: justify; background-color: rgba(255, 255, 255, 0); font-family: var(--body_typography-font-family); font-size: var(--body_typography-font-size); font-style: var(--body_typography-font-style,normal); letter-spacing: var(--body_typography-letter-spacing);\">\u00a0<\/span><\/p>\n<p><span style=\"color: #000000; text-align: justify; background-color: rgba(255, 255, 255, 0); font-family: var(--body_typography-font-family); font-size: var(--body_typography-font-size); font-style: var(--body_typography-font-style,normal); letter-spacing: var(--body_typography-letter-spacing);\">A lo largo de la Argentina Fashion Week observamos la participaci\u00f3n de la marca de calzando brasile\u00f1a <\/span><b style=\"color: #000000; text-align: justify; background-color: rgba(255, 255, 255, 0); font-family: var(--body_typography-font-family); font-size: var(--body_typography-font-size); font-style: var(--body_typography-font-style,normal); letter-spacing: var(--body_typography-letter-spacing);\">Vizzano<\/b><span style=\"color: #000000; text-align: justify; background-color: rgba(255, 255, 255, 0); font-family: var(--body_typography-font-family); font-size: var(--body_typography-font-size); font-style: var(--body_typography-font-style,normal); letter-spacing: var(--body_typography-letter-spacing);\">, marca comprometida con la sustentabilidad de sus productos. Estilos vanguardistas con la intenci\u00f3n de comprometerse con el medio ambiente en el reciclado de todos sus materiales.<\/span><\/p>\n<p style=\"text-align: justify;\"><span style=\"font-weight: 400; color: #000000;\">Con el cierre de esta edici\u00f3n de ARFW 2022-2023 es importante reconocer el lugar que poseen los dise\u00f1adores, artesanos y productores en la valorizaci\u00f3n de la industria de la moda del pa\u00eds y sus futuras generaciones. La creaci\u00f3n de espacios donde la sostenibilidad y la moda puedan coexistir lo estamos percibiendo cada vez m\u00e1s en estas pasarelas y organizaciones; los tejidos tradicionales y las t\u00e9cnicas ancestrales de te\u00f1idos naturales para los textiles abren las puertas a nuevos talentos, artesanos y procesos de confecci\u00f3n para continuar con las siguientes ediciones de Argentina Fashion Week en su lado m\u00e1s sostenible. <\/span><\/p>\n<\/div><\/div><\/div><div class=\"fusion-layout-column fusion_builder_column fusion-builder-column-3 fusion_builder_column_1_1 1_1 fusion-flex-column\" style=\"--awb-bg-size:cover;--awb-width-large:100%;--awb-margin-top-large:0px;--awb-spacing-right-large:0px;--awb-margin-bottom-large:0px;--awb-spacing-left-large:0px;--awb-width-medium:100%;--awb-spacing-right-medium:0px;--awb-spacing-left-medium:0px;--awb-width-small:100%;--awb-spacing-right-small:0px;--awb-spacing-left-small:0px;\"><div class=\"fusion-column-wrapper fusion-flex-justify-content-flex-start fusion-content-layout-column\"><div class=\"fusion-text fusion-text-7\"><p><span style=\"background-color: rgba(255, 255, 255, 0); color: var(--body_typography-color); font-family: var(--body_typography-font-family); font-size: var(--body_typography-font-size); font-style: var(--body_typography-font-style,normal); font-weight: var(--body_typography-font-weight); letter-spacing: var(--body_typography-letter-spacing);\">Cr\u00e9ditos de las im\u00e1genes:<\/span><\/p>\n<p><span style=\"color: rgba(15, 22, 33, 0.71);\">Cortes\u00eda de<\/span><a style=\"color: rgba(15, 22, 33, 0.71);\" href=\"https:\/\/www.instagram.com\/arfashionweek\/?hl=es-la\"> <b>Argentina Fashion Week<\/b><\/a><\/p>\n<\/div><\/div><\/div><\/div><\/div><\/p>","protected":false},"excerpt":{"rendered":"","protected":false},"author":9,"featured_media":13451,"comment_status":"open","ping_status":"open","sticky":false,"template":"","format":"standard","meta":{"_monsterinsights_skip_tracking":false,"_monsterinsights_sitenote_active":false,"_monsterinsights_sitenote_note":"","_monsterinsights_sitenote_category":0,"footnotes":""},"categories":[183],"tags":[],"class_list":["post-13439","post","type-post","status-publish","format-standard","has-post-thumbnail","hentry","category-noti-mola-news"],"_links":{"self":[{"href":"https:\/\/universomola.com\/en\/wp-json\/wp\/v2\/posts\/13439","targetHints":{"allow":["GET"]}}],"collection":[{"href":"https:\/\/universomola.com\/en\/wp-json\/wp\/v2\/posts"}],"about":[{"href":"https:\/\/universomola.com\/en\/wp-json\/wp\/v2\/types\/post"}],"author":[{"embeddable":true,"href":"https:\/\/universomola.com\/en\/wp-json\/wp\/v2\/users\/9"}],"replies":[{"embeddable":true,"href":"https:\/\/universomola.com\/en\/wp-json\/wp\/v2\/comments?post=13439"}],"version-history":[{"count":5,"href":"https:\/\/universomola.com\/en\/wp-json\/wp\/v2\/posts\/13439\/revisions"}],"predecessor-version":[{"id":13452,"href":"https:\/\/universomola.com\/en\/wp-json\/wp\/v2\/posts\/13439\/revisions\/13452"}],"wp:featuredmedia":[{"embeddable":true,"href":"https:\/\/universomola.com\/en\/wp-json\/wp\/v2\/media\/13451"}],"wp:attachment":[{"href":"https:\/\/universomola.com\/en\/wp-json\/wp\/v2\/media?parent=13439"}],"wp:term":[{"taxonomy":"category","embeddable":true,"href":"https:\/\/universomola.com\/en\/wp-json\/wp\/v2\/categories?post=13439"},{"taxonomy":"post_tag","embeddable":true,"href":"https:\/\/universomola.com\/en\/wp-json\/wp\/v2\/tags?post=13439"}],"curies":[{"name":"wp","href":"https:\/\/api.w.org\/{rel}","templated":true}]}}