{"id":13484,"date":"2022-09-18T14:05:06","date_gmt":"2022-09-18T17:05:06","guid":{"rendered":"https:\/\/universomola.com\/?p=13484"},"modified":"2022-10-06T19:00:11","modified_gmt":"2022-10-06T22:00:11","slug":"finaliza-con-exito-la-semana-de-la-moda-de-nueva-york-con-talento-latinoamericano-presentado-por-la-fdla","status":"publish","type":"post","link":"https:\/\/universomola.com\/en\/finaliza-con-exito-la-semana-de-la-moda-de-nueva-york-con-talento-latinoamericano-presentado-por-la-fdla\/","title":{"rendered":"Finaliza con \u00e9xito la Semana de la Moda de Nueva York con talento latinoamericano presentado por la FDLA."},"content":{"rendered":"[fusion_builder_container hundred_percent=\u00bbno\u00bb equal_height_columns=\u00bbno\u00bb hide_on_mobile=\u00bbsmall-visibility,medium-visibility,large-visibility\u00bb background_position=\u00bbcenter center\u00bb background_repeat=\u00bbno-repeat\u00bb fade=\u00bbno\u00bb background_parallax=\u00bbnone\u00bb parallax_speed=\u00bb0.3&#8243; video_aspect_ratio=\u00bb16:9&#8243; video_loop=\u00bbyes\u00bb video_mute=\u00bbyes\u00bb border_style=\u00bbsolid\u00bb flex_column_spacing=\u00bb0px\u00bb type=\u00bbflex\u00bb padding_bottom=\u00bb0%\u00bb flex_align_items=\u00bbcenter\u00bb][fusion_builder_row][fusion_builder_column type=\u00bb1_1&#8243; layout=\u00bb1_1&#8243; background_position=\u00bbleft top\u00bb background_color=\u00bb\u00bb border_color=\u00bb\u00bb border_style=\u00bbsolid\u00bb border_position=\u00bball\u00bb spacing=\u00bbyes\u00bb background_image=\u00bb\u00bb background_repeat=\u00bbno-repeat\u00bb padding_top=\u00bb\u00bb padding_right=\u00bb\u00bb padding_bottom=\u00bb\u00bb padding_left=\u00bb\u00bb margin_top=\u00bb0px\u00bb margin_bottom=\u00bb0px\u00bb class=\u00bb\u00bb id=\u00bb\u00bb animation_type=\u00bb\u00bb animation_speed=\u00bb0.3&#8243; animation_direction=\u00bbleft\u00bb hide_on_mobile=\u00bbsmall-visibility,medium-visibility,large-visibility\u00bb center_content=\u00bbno\u00bb last=\u00bbtrue\u00bb min_height=\u00bb\u00bb hover_type=\u00bbnone\u00bb link=\u00bb\u00bb first=\u00bbtrue\u00bb][fusion_text columns=\u00bb1&#8243; column_min_width=\u00bb\u00bb column_spacing=\u00bb\u00bb rule_style=\u00bbdefault\u00bb rule_size=\u00bb\u00bb rule_color=\u00bb\u00bb content_alignment_medium=\u00bb\u00bb content_alignment_small=\u00bb\u00bb content_alignment=\u00bb\u00bb hide_on_mobile=\u00bbsmall-visibility,medium-visibility,large-visibility\u00bb sticky_display=\u00bbnormal,sticky\u00bb class=\u00bb\u00bb id=\u00bb\u00bb font_size=\u00bb\u00bb fusion_font_family_text_font=\u00bb\u00bb fusion_font_variant_text_font=\u00bb\u00bb line_height=\u00bb\u00bb letter_spacing=\u00bb\u00bb text_color=\u00bb\u00bb animation_type=\u00bb\u00bb animation_direction=\u00bbleft\u00bb animation_speed=\u00bb0.3&#8243; animation_offset=\u00bb\u00bb]\n<p>Por <span style=\"font-weight: 400;\">M\u00f3nica C\u00f3rdova<\/span><\/p>\n<p style=\"text-align: justify;\"><span style=\"color: #000000;\"><span style=\"font-weight: 400;\">Tras dos d\u00edas de presentaciones dise\u00f1adores y marcas latinoamericanas e hispanas dieron cierre a la <\/span><i><span style=\"font-weight: 400;\">NYFW<\/span><\/i><span style=\"font-weight: 400;\"> con el apoyo de la Federaci\u00f3n Dise\u00f1adores de Latinoam\u00e9rica promoviendo el nuevo lujo urbano sostenible.<\/span><\/span><\/p>\n<p style=\"text-align: justify;\"><span style=\"color: #000000;\"><span style=\"font-weight: 400;\">El d\u00eda de ayer \u2014mi\u00e9rcoles 14 de septiembre\u2014 se llev\u00f3 a cabo con satisfacci\u00f3n los \u00faltimos desfiles organizados por la <\/span><a style=\"color: #000000;\" href=\"https:\/\/www.instagram.com\/fashiondesignersoflatinamerica\/?hl=es\"><b>Fashion Designers of Latin America<\/b><\/a><span style=\"font-weight: 400;\"> ubicados en el <\/span><i><span style=\"font-weight: 400;\">Studio 525 <\/span><\/i><span style=\"font-weight: 400;\">en la Semana de la Moda de Nueva York. Con la participaci\u00f3n de dise\u00f1adores y marcas de pa\u00edses como Per\u00fa, M\u00e9xico, Colombia, Argentina, Cuba, Costa Rica y Espa\u00f1a mostrando el talento y trabajo de las mentes creativas y artesanos que proponen piezas con t\u00e9cnicas ancestrales de sus regiones mezclando la modernidad y sustentabilidad en sus procesos.<\/span><\/span><\/p>\n<p style=\"text-align: justify;\"><span style=\"font-weight: 400; color: #000000;\">Con el objetivo de dar exposici\u00f3n y soporte a dise\u00f1adores establecidos, emergentes y futuros de toda Am\u00e9rica Latina la FDLA se presenta en diversas semanas de la moda al rededor del mundo orientando la mirada al trabajo de estos creativos con propuestas frescas e innovadoras.<\/span><\/p>\n<p style=\"text-align: justify;\"><span style=\"font-weight: 400; color: #000000;\">El nuevo lujo urbano sostenible es la premisa que se plante\u00f3 durante estos dos d\u00edas de actividades donde los invitados pudieron observar piezas creadas a base de procesos hechos a mano, t\u00e9cnicas tradicionales y la implementaci\u00f3n de procedimientos menos invasivos al medio ambiente con la esencia urbana de la vida diaria. <\/span><\/p>\n<p style=\"text-align: justify;\"><span style=\"color: #000000;\"><span style=\"font-weight: 400;\">Un ejemplo de ello es el trabajo de los dise\u00f1adores costarricenses <\/span><a style=\"color: #000000;\" href=\"https:\/\/www.instagram.com\/toribiodonatobrand\/\"><b>Toribio &amp; Donato<\/b><\/a><span style=\"font-weight: 400;\"> quienes presentaron su colecci\u00f3n \u201cCholinda\u201d que involucra la innovaci\u00f3n y el reciclaje de materiales en la confecci\u00f3n de sus piezas, una propuesta que abarca el pensamiento de los dise\u00f1adores de \u201ccero desechos\u201d aprovechando en todo lo posible los textiles. Esta colecci\u00f3n mostr\u00f3 a plenitud su compromiso por una industria de la moda m\u00e1s sostenible y el exquisito dise\u00f1o visible en cada prenda.<br \/>\n<\/span><\/span><\/p>\n<p><span style=\"color: #000000;\"><span style=\"font-weight: 400;\">\u00a0<\/span><\/span><\/p>\n[\/fusion_text][fusion_imageframe image_id=\u00bb13487|full\u00bb max_width=\u00bb\u00bb sticky_max_width=\u00bb\u00bb style_type=\u00bb\u00bb blur=\u00bb\u00bb stylecolor=\u00bb\u00bb hover_type=\u00bbnone\u00bb bordersize=\u00bb\u00bb bordercolor=\u00bb\u00bb borderradius=\u00bb\u00bb align_medium=\u00bbnone\u00bb align_small=\u00bbnone\u00bb align=\u00bbcenter\u00bb lightbox=\u00bbno\u00bb gallery_id=\u00bb\u00bb lightbox_image=\u00bb\u00bb lightbox_image_id=\u00bb\u00bb alt=\u00bb\u00bb link=\u00bb\u00bb linktarget=\u00bb_self\u00bb animation_type=\u00bb\u00bb animation_direction=\u00bbleft\u00bb animation_speed=\u00bb0.3&#8243; animation_offset=\u00bb\u00bb hide_on_mobile=\u00bbsmall-visibility,medium-visibility,large-visibility\u00bb sticky_display=\u00bbnormal,sticky\u00bb class=\u00bb\u00bb id=\u00bb\u00bb filter_hue=\u00bb0&#8243; filter_saturation=\u00bb100&#8243; filter_brightness=\u00bb100&#8243; filter_contrast=\u00bb100&#8243; filter_invert=\u00bb0&#8243; filter_sepia=\u00bb0&#8243; filter_opacity=\u00bb100&#8243; filter_blur=\u00bb0&#8243; filter_hue_hover=\u00bb0&#8243; filter_saturation_hover=\u00bb100&#8243; filter_brightness_hover=\u00bb100&#8243; filter_contrast_hover=\u00bb100&#8243; filter_invert_hover=\u00bb0&#8243; filter_sepia_hover=\u00bb0&#8243; filter_opacity_hover=\u00bb100&#8243; filter_blur_hover=\u00bb0&#8243;]https:\/\/universomola.com\/wp-content\/uploads\/2022\/09\/ToribioDonato.jpg[\/fusion_imageframe][fusion_text columns=\u00bb1&#8243; column_min_width=\u00bb\u00bb column_spacing=\u00bb\u00bb rule_style=\u00bbdefault\u00bb rule_size=\u00bb\u00bb rule_color=\u00bb\u00bb content_alignment_medium=\u00bb\u00bb content_alignment_small=\u00bb\u00bb content_alignment=\u00bb\u00bb hide_on_mobile=\u00bbsmall-visibility,medium-visibility,large-visibility\u00bb sticky_display=\u00bbnormal,sticky\u00bb class=\u00bb\u00bb id=\u00bb\u00bb font_size=\u00bb\u00bb fusion_font_family_text_font=\u00bb\u00bb fusion_font_variant_text_font=\u00bb\u00bb line_height=\u00bb\u00bb letter_spacing=\u00bb\u00bb text_color=\u00bb\u00bb animation_type=\u00bb\u00bb animation_direction=\u00bbleft\u00bb animation_speed=\u00bb0.3&#8243; animation_offset=\u00bb\u00bb]\n<p><span style=\"color: #000000; text-align: justify; background-color: rgba(255, 255, 255, 0); font-family: var(--body_typography-font-family); font-size: var(--body_typography-font-size); font-style: var(--body_typography-font-style,normal); letter-spacing: var(--body_typography-letter-spacing);\">\u00a0<\/span><\/p>\n<p><span style=\"color: #000000; text-align: justify; background-color: rgba(255, 255, 255, 0); font-family: var(--body_typography-font-family); font-size: var(--body_typography-font-size); font-style: var(--body_typography-font-style,normal); letter-spacing: var(--body_typography-letter-spacing);\">Para <\/span><a style=\"text-align: justify; background-color: rgba(255, 255, 255, 0); font-family: var(--body_typography-font-family); font-size: var(--body_typography-font-size); font-style: var(--body_typography-font-style,normal); font-weight: var(--body_typography-font-weight); letter-spacing: var(--body_typography-letter-spacing); color: #000000;\" href=\"https:\/\/www.instagram.com\/elizabethmunoz_atelier\/\"><b>Elizabeth Mu\u00f1oz<\/b><\/a><span style=\"color: #000000; text-align: justify; background-color: rgba(255, 255, 255, 0); font-family: var(--body_typography-font-family); font-size: var(--body_typography-font-size); font-style: var(--body_typography-font-style,normal); letter-spacing: var(--body_typography-letter-spacing);\">, dise\u00f1adora peruana, el trabajar en conjunto con mujeres artesanas de comunidades rurales simboliza el motivo principal de su m\u00e1s reciente colecci\u00f3n presentada en la NYFW. Con ella busca visibilizar la impecable confecci\u00f3n de vestidos de novia y de alta costura hechos por mujeres de la comunidad Warmi Dorkas.<\/span><\/p>\n<p style=\"text-align: justify;\"><span style=\"color: #000000;\"><span style=\"font-weight: 400;\">A continuaci\u00f3n llego el turno de \u201cAmaz\u00f3nica\u201d la colecci\u00f3n m\u00e1s reciente del dise\u00f1ador argentino <\/span><a style=\"color: #000000;\" href=\"https:\/\/www.instagram.com\/benitofernandez\/\"><b>Benito Fern\u00e1ndez<\/b><\/a> <span style=\"font-weight: 400;\">cuyo trabajo se vio plasmado de gran colorido, telas fluidas y brillantes a juego de los estampados que daban vida en cada movimiento de las modelos en pasarela.<\/span><\/span><\/p>\n<p style=\"text-align: justify;\"><span style=\"color: #000000;\"><span style=\"font-weight: 400;\">\u201cNilo\u201d es la colecci\u00f3n inspirada en los sentimientos del dise\u00f1ador <\/span><a style=\"color: #000000;\" href=\"https:\/\/www.instagram.com\/yosmanylarreaestudio\/\"><b>Yosmany Larrea<\/b><\/a><span style=\"font-weight: 400;\"> quien a trav\u00e9s de deslumbrantes telas y siluetas femeninas con una est\u00e9tica relajada y elegante mostr\u00f3 su creatividad frente a los invitados de la FDLA, la esencia del dise\u00f1ador se vio cristalizada en la versatilidad y sofisticaci\u00f3n de las piezas.<\/span><\/span><\/p>\n<p style=\"text-align: justify;\"><span style=\"color: #000000;\"><span style=\"font-weight: 400;\">El cierre del segundo d\u00eda de presentaci\u00f3n fue a cargo del dise\u00f1ador colombiano <\/span><a style=\"color: #000000;\" href=\"https:\/\/www.instagram.com\/virgiliomadinah\/\"><b>Virgilio Madinah<\/b> <\/a><span style=\"font-weight: 400;\">con una envolvente pasarela llena de brillo, prendas met\u00e1licas y voluminosas figuras encarnado la feminidad y belleza; con la participaci\u00f3n en la caminata de la Miss Universo Espa\u00f1a 2022, Alicia Faubel, engalanando el vestido estelar del dise\u00f1ador.<br \/>\n<\/span><\/span><\/p>\n<p><span style=\"color: #000000;\"><span style=\"font-weight: 400;\">\u00a0<\/span><\/span><\/p>\n[\/fusion_text][fusion_imageframe image_id=\u00bb13495|full\u00bb max_width=\u00bb\u00bb sticky_max_width=\u00bb\u00bb style_type=\u00bb\u00bb blur=\u00bb\u00bb stylecolor=\u00bb\u00bb hover_type=\u00bbnone\u00bb bordersize=\u00bb\u00bb bordercolor=\u00bb\u00bb borderradius=\u00bb\u00bb align_medium=\u00bbnone\u00bb align_small=\u00bbnone\u00bb align=\u00bbcenter\u00bb margin_top=\u00bb\u00bb margin_right=\u00bb\u00bb margin_bottom=\u00bb\u00bb margin_left=\u00bb\u00bb lightbox=\u00bbno\u00bb gallery_id=\u00bb\u00bb lightbox_image=\u00bb\u00bb lightbox_image_id=\u00bb\u00bb alt=\u00bb\u00bb link=\u00bb\u00bb linktarget=\u00bb_self\u00bb hide_on_mobile=\u00bbsmall-visibility,medium-visibility,large-visibility\u00bb sticky_display=\u00bbnormal,sticky\u00bb class=\u00bb\u00bb id=\u00bb\u00bb animation_type=\u00bb\u00bb animation_direction=\u00bbleft\u00bb animation_speed=\u00bb0.3&#8243; animation_offset=\u00bb\u00bb filter_hue=\u00bb0&#8243; filter_saturation=\u00bb100&#8243; filter_brightness=\u00bb100&#8243; filter_contrast=\u00bb100&#8243; filter_invert=\u00bb0&#8243; filter_sepia=\u00bb0&#8243; filter_opacity=\u00bb100&#8243; filter_blur=\u00bb0&#8243; filter_hue_hover=\u00bb0&#8243; filter_saturation_hover=\u00bb100&#8243; filter_brightness_hover=\u00bb100&#8243; filter_contrast_hover=\u00bb100&#8243; filter_invert_hover=\u00bb0&#8243; filter_sepia_hover=\u00bb0&#8243; filter_opacity_hover=\u00bb100&#8243; filter_blur_hover=\u00bb0&#8243;]https:\/\/universomola.com\/wp-content\/uploads\/2022\/09\/Virgilio-Madinah-1.jpg[\/fusion_imageframe][fusion_text columns=\u00bb1&#8243; column_min_width=\u00bb\u00bb column_spacing=\u00bb\u00bb rule_style=\u00bbdefault\u00bb rule_size=\u00bb\u00bb rule_color=\u00bb\u00bb content_alignment_medium=\u00bb\u00bb content_alignment_small=\u00bb\u00bb content_alignment=\u00bb\u00bb hide_on_mobile=\u00bbsmall-visibility,medium-visibility,large-visibility\u00bb sticky_display=\u00bbnormal,sticky\u00bb class=\u00bb\u00bb id=\u00bb\u00bb font_size=\u00bb\u00bb fusion_font_family_text_font=\u00bb\u00bb fusion_font_variant_text_font=\u00bb\u00bb line_height=\u00bb\u00bb letter_spacing=\u00bb\u00bb text_color=\u00bb\u00bb animation_type=\u00bb\u00bb animation_direction=\u00bbleft\u00bb animation_speed=\u00bb0.3&#8243; animation_offset=\u00bb\u00bb]\n<p style=\"text-align: justify;\"><span style=\"color: #000000;\"><span style=\"font-weight: 400;\"><br \/>\nCelebrando los logros del evento se llev\u00f3 a cabo un <\/span><i><span style=\"font-weight: 400;\">after party<\/span><\/i><span style=\"font-weight: 400;\"> para los invitados de la FDLA, dise\u00f1adores y colaboradores en el DOM Lounge.<\/span><\/span><\/p>\n<p style=\"text-align: justify;\"><span style=\"color: #000000;\"><span style=\"font-weight: 400;\">Con dos exitosos d\u00edas de presentaciones la Fashion Designers of Latin America e <\/span><a style=\"color: #000000;\" href=\"https:\/\/www.hispanicfederation.org\/\"><i><span style=\"font-weight: 400;\">Hispanic Federation<\/span><\/i><\/a><span style=\"font-weight: 400;\"> finalizaron su presencia en la Semana de la Moda de Nueva York dando exposici\u00f3n a dise\u00f1adores, marcas y artesanos que recorrieron un largo camino de procesos y creaci\u00f3n para lograr demostrar el talento y el alma que las piezas presentadas proponen al p\u00fablico internacional.<\/span><\/span><\/p>\n<p style=\"text-align: justify;\"><span style=\"color: #000000;\"><b>Recuento de lo que se vivi\u00f3 en la NYFW.<\/b><\/span><\/p>\n<p style=\"text-align: justify;\"><span style=\"color: #000000;\"><span style=\"font-weight: 400;\">El primer d\u00eda arranc\u00f3 con la presentaci\u00f3n visual en el <\/span><i><span style=\"font-weight: 400;\">Times Square<\/span><\/i><span style=\"font-weight: 400;\"> de Nueva York de las marcas y dise\u00f1adores invitados por la Fashion Designers of Latin America donde se pudieron observar en las pantallas gigantes las propuestas de dise\u00f1o e innovaci\u00f3n que ser\u00edan presenciadas m\u00e1s tarde en las pasarelas.<\/span><\/span><\/p>\n<p style=\"text-align: justify;\"><span style=\"color: #000000;\"><span style=\"font-weight: 400;\">Contando con la participaci\u00f3n de Agatha Ruiz de la Prada, Carmen Seminario, Carlos Benguigui, Indira &amp; Isidro Jewelry, Cubel \u2014por Humberto Cubides\u2014 y el lanzamiento del <\/span><i><span style=\"font-weight: 400;\">E-Commerce <\/span><\/i><a style=\"color: #000000;\" href=\"https:\/\/www.instagram.com\/marcaslatam\/\"><span style=\"font-weight: 400;\">Marcas Latam<\/span><\/a><span style=\"font-weight: 400;\">, como herramienta de enlace entre dise\u00f1adores y marcas sustentables con el p\u00fablico internacional, se desarroll\u00f3 la primera fase de presentaciones en la NYFW.<br \/>\n<\/span><\/span><\/p>\n<p><span style=\"color: #000000;\"><span style=\"font-weight: 400;\">\u00a0<\/span><\/span><\/p>\n[\/fusion_text][fusion_images picture_size=\u00bbauto\u00bb hover_type=\u00bbnone\u00bb autoplay=\u00bbno\u00bb columns=\u00bb1&#8243; column_spacing=\u00bb13&#8243; show_nav=\u00bbyes\u00bb mouse_scroll=\u00bbno\u00bb border=\u00bbyes\u00bb lightbox=\u00bbno\u00bb hide_on_mobile=\u00bbsmall-visibility,medium-visibility,large-visibility\u00bb][fusion_image link=\u00bb\u00bb linktarget=\u00bb_self\u00bb alt=\u00bb\u00bb image_id=\u00bb13490|full\u00bb image=\u00bbhttps:\/\/universomola.com\/wp-content\/uploads\/2022\/09\/benguigui.jpg\u00bb \/][fusion_image image=\u00bbhttps:\/\/universomola.com\/wp-content\/uploads\/2022\/09\/cubel01.jpg\u00bb image_id=\u00bb13486|full\u00bb link=\u00bb\u00bb linktarget=\u00bb_self\u00bb alt=\u00bb\u00bb \/][\/fusion_images][fusion_text columns=\u00bb1&#8243; column_min_width=\u00bb\u00bb column_spacing=\u00bb\u00bb rule_style=\u00bbdefault\u00bb rule_size=\u00bb\u00bb rule_color=\u00bb\u00bb content_alignment_medium=\u00bb\u00bb content_alignment_small=\u00bb\u00bb content_alignment=\u00bb\u00bb hide_on_mobile=\u00bbsmall-visibility,medium-visibility,large-visibility\u00bb sticky_display=\u00bbnormal,sticky\u00bb class=\u00bb\u00bb id=\u00bb\u00bb font_size=\u00bb\u00bb fusion_font_family_text_font=\u00bb\u00bb fusion_font_variant_text_font=\u00bb\u00bb line_height=\u00bb\u00bb letter_spacing=\u00bb\u00bb text_color=\u00bb\u00bb animation_type=\u00bb\u00bb animation_direction=\u00bbleft\u00bb animation_speed=\u00bb0.3&#8243; animation_offset=\u00bb\u00bb]\n<p style=\"text-align: justify;\"><span style=\"color: #000000; background-color: rgba(255, 255, 255, 0); font-family: var(--body_typography-font-family); font-size: var(--body_typography-font-size); font-style: var(--body_typography-font-style,normal); letter-spacing: var(--body_typography-letter-spacing);\">Para el segundo d\u00eda de actividades se sum\u00f3 la participaci\u00f3n de Toribio &amp; Donato, Elizabeth Mu\u00f1oz, Yosmany Larrea y Virgilio Madinah cerrando con gran satisfacci\u00f3n la organizaci\u00f3n del equipo de colaboradores y la Fashion Designers of Latin America.<\/span><\/p>\n<p style=\"text-align: justify;\"><span style=\"font-weight: 400; color: #000000;\">Londres es la siguiente ciudad en la agenda del mes de la moda, con este se espera continuar observando el talento latinoamericano con propuestas reformadas y diversas que afiancen un legado sustentable para la industria de la moda creando espacios m\u00e1s \u00e9ticos e inclusivos para las presentes y futuras generaciones. <\/span><\/p>\n<p style=\"text-align: justify;\"><span style=\"font-weight: 400; color: #000000;\">\u00a0<\/span><\/p>\n<p><span style=\"background-color: rgba(255, 255, 255, 0); color: var(--body_typography-color); font-family: var(--body_typography-font-family); font-size: var(--body_typography-font-size); font-style: var(--body_typography-font-style,normal); font-weight: var(--body_typography-font-weight); letter-spacing: var(--body_typography-letter-spacing);\">CR\u00c9DITOS DE LAS IM\u00c1GENES:<br \/>\n<\/span>Fashion Designers of Latin America &#8211; <a href=\"https:\/\/www.instagram.com\/fashiondesignersoflatinamerica\/\"><b style=\"color: #656a70;\">@fashiondesignersoflatinamerica<\/b><\/a><\/p>\n[\/fusion_text][\/fusion_builder_column][\/fusion_builder_row][\/fusion_builder_container]\n","protected":false},"excerpt":{"rendered":"<p>[fusion_builder_container hundred_percent=\u00bbno\u00bb equal_height_columns=\u00bbno\u00bb hide_on_mobile=\u00bbsmall-visibility,medium-visibility,large-visibility\u00bb background_position=\u00bbcenter center\u00bb background_repeat=\u00bbno-repeat\u00bb fade=\u00bbno\u00bb background_parallax=\u00bbnone\u00bb parallax_speed=\u00bb0.3&#8243; video_aspect_ratio=\u00bb16:9&#8243; video_loop=\u00bbyes\u00bb video_mute=\u00bbyes\u00bb border_style=\u00bbsolid\u00bb flex_column_spacing=\u00bb0px\u00bb type=\u00bbflex\u00bb padding_bottom=\u00bb0%\u00bb flex_align_items=\u00bbcenter\u00bb][fusion_builder_row][fusion_builder_column type=\u00bb1_1&#8243; layout=\u00bb1_1&#8243; background_position=\u00bbleft top\u00bb background_color=\u00bb\u00bb border_color=\u00bb\u00bb border_style=\u00bbsolid\u00bb border_position=\u00bball\u00bb spacing=\u00bbyes\u00bb background_image=\u00bb\u00bb background_repeat=\u00bbno-repeat\u00bb padding_top=\u00bb\u00bb&#8230;<\/p>\n","protected":false},"author":9,"featured_media":13496,"comment_status":"open","ping_status":"open","sticky":false,"template":"","format":"standard","meta":{"footnotes":""},"categories":[183],"tags":[],"class_list":["post-13484","post","type-post","status-publish","format-standard","has-post-thumbnail","category-noti-mola-news"],"_links":{"self":[{"href":"https:\/\/universomola.com\/en\/wp-json\/wp\/v2\/posts\/13484","targetHints":{"allow":["GET"]}}],"collection":[{"href":"https:\/\/universomola.com\/en\/wp-json\/wp\/v2\/posts"}],"about":[{"href":"https:\/\/universomola.com\/en\/wp-json\/wp\/v2\/types\/post"}],"author":[{"embeddable":true,"href":"https:\/\/universomola.com\/en\/wp-json\/wp\/v2\/users\/9"}],"replies":[{"embeddable":true,"href":"https:\/\/universomola.com\/en\/wp-json\/wp\/v2\/comments?post=13484"}],"version-history":[{"count":11,"href":"https:\/\/universomola.com\/en\/wp-json\/wp\/v2\/posts\/13484\/revisions"}],"predecessor-version":[{"id":13799,"href":"https:\/\/universomola.com\/en\/wp-json\/wp\/v2\/posts\/13484\/revisions\/13799"}],"wp:featuredmedia":[{"embeddable":true,"href":"https:\/\/universomola.com\/en\/wp-json\/wp\/v2\/media\/13496"}],"wp:attachment":[{"href":"https:\/\/universomola.com\/en\/wp-json\/wp\/v2\/media?parent=13484"}],"wp:term":[{"taxonomy":"category","embeddable":true,"href":"https:\/\/universomola.com\/en\/wp-json\/wp\/v2\/categories?post=13484"},{"taxonomy":"post_tag","embeddable":true,"href":"https:\/\/universomola.com\/en\/wp-json\/wp\/v2\/tags?post=13484"}],"curies":[{"name":"wp","href":"https:\/\/api.w.org\/{rel}","templated":true}]}}