{"id":13809,"date":"2022-10-10T13:00:38","date_gmt":"2022-10-10T16:00:38","guid":{"rendered":"https:\/\/universomola.com\/?p=13809"},"modified":"2022-11-20T20:20:16","modified_gmt":"2022-11-20T23:20:16","slug":"maison-dolores-realiza-su-primer-desfile-en-paris","status":"publish","type":"post","link":"https:\/\/universomola.com\/en\/maison-dolores-realiza-su-primer-desfile-en-paris\/","title":{"rendered":"Maison Dolores realiza su primer desfile en Par\u00eds."},"content":{"rendered":"<div class=\"fusion-fullwidth fullwidth-box fusion-builder-row-1 fusion-flex-container nonhundred-percent-fullwidth non-hundred-percent-height-scrolling\" style=\"--awb-border-radius-top-left:0px;--awb-border-radius-top-right:0px;--awb-border-radius-bottom-right:0px;--awb-border-radius-bottom-left:0px;--awb-flex-wrap:wrap;\" ><div class=\"fusion-builder-row fusion-row fusion-flex-align-items-flex-start fusion-flex-content-wrap\" style=\"max-width:calc( 1200px + 0px );margin-left: calc(-0px \/ 2 );margin-right: calc(-0px \/ 2 );\"><div class=\"fusion-layout-column fusion_builder_column fusion-builder-column-0 fusion_builder_column_1_1 1_1 fusion-flex-column\" style=\"--awb-bg-size:cover;--awb-width-large:100%;--awb-margin-top-large:0px;--awb-spacing-right-large:0px;--awb-margin-bottom-large:0px;--awb-spacing-left-large:0px;--awb-width-medium:100%;--awb-spacing-right-medium:0px;--awb-spacing-left-medium:0px;--awb-width-small:100%;--awb-spacing-right-small:0px;--awb-spacing-left-small:0px;\"><div class=\"fusion-column-wrapper fusion-flex-justify-content-flex-start fusion-content-layout-column\"><div class=\"fusion-text fusion-text-1\"><p>Por Carolina Ortiz Jerez. @carolinaortizjerez<\/p>\n<p style=\"text-align: justify;\"><span style=\"font-weight: 400; color: #000000;\">Dentro del marco de la Semana de la Moda parisina, <\/span><b style=\"color: #000000;\">Maison Dolores<\/b><span style=\"font-weight: 400; color: #000000;\">, la marca de pr\u00eat-\u00e0-porter y loungewear de la dise\u00f1adora mexicana <\/span><b style=\"color: #000000;\">Lola Arias<\/b><span style=\"color: #000000;\"><span style=\"color: #000000;\">, realiz\u00f3 su primer desfile el d\u00eda jueves 22 de septiembre, en la Embajada de M\u00e9xico en Par\u00eds.<\/span><\/span><\/p>\n<div style=\"text-align: justify;\"><span style=\"color: var(--body_typography-color); font-family: var(--body_typography-font-family); font-size: var(--body_typography-font-size); font-style: var(--body_typography-font-style,normal); font-weight: var(--body_typography-font-weight); letter-spacing: var(--body_typography-letter-spacing); background-color: rgba(255, 255, 255, 0);\"><b style=\"color: #000000;\">Maison Dolores<\/b><\/span><span style=\"font-family: var(--body_typography-font-family); font-size: var(--body_typography-font-size); font-style: var(--body_typography-font-style,normal); font-weight: var(--body_typography-font-weight); letter-spacing: var(--body_typography-letter-spacing); background-color: rgba(255, 255, 255, 0); color: #000000;\"> es una marca de \u201cslow fashion\u201d creada en el a\u00f1o 2018, en la que se privilegian el dise\u00f1o de prendas atemporales, telas de gran calidad como la seda, una producci\u00f3n hecha a mano y acabados de alta costura.<\/span><\/div>\n<\/div><div class=\"fusion-image-element\" style=\"--awb-margin-top:30px;--awb-margin-bottom:40px;--awb-caption-title-font-family:var(--h2_typography-font-family);--awb-caption-title-font-weight:var(--h2_typography-font-weight);--awb-caption-title-font-style:var(--h2_typography-font-style);--awb-caption-title-size:var(--h2_typography-font-size);--awb-caption-title-transform:var(--h2_typography-text-transform);--awb-caption-title-line-height:var(--h2_typography-line-height);--awb-caption-title-letter-spacing:var(--h2_typography-letter-spacing);\"><span class=\"fusion-imageframe imageframe-none imageframe-1 hover-type-none\"><img decoding=\"async\" width=\"1\" height=\"1\" title=\"MaisonDolores8\" data-src=\"https:\/\/universomola.com\/wp-content\/uploads\/2022\/10\/MaisonDolores8.jpg\" alt class=\"img-responsive wp-image-13816 lazyload\" src=\"data:image\/svg+xml;base64,PHN2ZyB3aWR0aD0iMSIgaGVpZ2h0PSIxIiB4bWxucz0iaHR0cDovL3d3dy53My5vcmcvMjAwMC9zdmciPjwvc3ZnPg==\" style=\"--smush-placeholder-width: 1px; --smush-placeholder-aspect-ratio: 1\/1;\" \/><\/span><\/div><div class=\"fusion-text fusion-text-2\"><p style=\"text-align: justify;\"><span style=\"font-family: var(--body_typography-font-family); font-size: var(--body_typography-font-size); font-style: var(--body_typography-font-style,normal); font-weight: var(--body_typography-font-weight); letter-spacing: var(--body_typography-letter-spacing); background-color: rgba(255, 255, 255, 0); color: #000000;\">Durante el desfile, <\/span><b style=\"font-family: var(--body_typography-font-family); font-size: var(--body_typography-font-size); font-style: var(--body_typography-font-style,normal); letter-spacing: var(--body_typography-letter-spacing); background-color: rgba(255, 255, 255, 0); color: #000000;\">Maison Dolores<\/b><span style=\"font-family: var(--body_typography-font-family); font-size: var(--body_typography-font-size); font-style: var(--body_typography-font-style,normal); font-weight: var(--body_typography-font-weight); letter-spacing: var(--body_typography-letter-spacing); background-color: rgba(255, 255, 255, 0); color: #000000;\"> present\u00f3 su \u00faltima colecci\u00f3n titulada <\/span><b style=\"font-family: var(--body_typography-font-family); font-size: var(--body_typography-font-size); font-style: var(--body_typography-font-style,normal); letter-spacing: var(--body_typography-letter-spacing); background-color: rgba(255, 255, 255, 0); color: #000000;\">\u201cMusa \u201822\u201d,<\/b><span style=\"font-family: var(--body_typography-font-family); font-size: var(--body_typography-font-size); font-style: var(--body_typography-font-style,normal); font-weight: var(--body_typography-font-weight); letter-spacing: var(--body_typography-letter-spacing); background-color: rgba(255, 255, 255, 0); color: #000000;\"> en la que fue posible observar piezas ic\u00f3nicas de la marca, como vestidos y camisas de seda, mini vestidos con flecos de piedras y cristales, trajes sastre y foulards con prints exclusivos. <\/span><span style=\"color: var(--body_typography-color); font-family: var(--body_typography-font-family); font-size: var(--body_typography-font-size); font-style: var(--body_typography-font-style,normal); font-weight: var(--body_typography-font-weight); letter-spacing: var(--body_typography-letter-spacing); background-color: rgba(255, 255, 255, 0);\"><span style=\"color: #000000; font-family: var(--body_typography-font-family);\"><span style=\"font-style: var(--body_typography-font-style,normal); font-weight: var(--body_typography-font-weight); letter-spacing: var(--body_typography-letter-spacing); color: #000000;\">Asimismo, <\/span><\/span><\/span><b style=\"color: #000000; font-family: var(--body_typography-font-family); font-size: var(--body_typography-font-size); font-style: var(--body_typography-font-style,normal); letter-spacing: var(--body_typography-letter-spacing); background-color: rgba(255, 255, 255, 0);\">Maison Dolores<\/b><span style=\"color: #000000; font-family: var(--body_typography-font-family); font-size: var(--body_typography-font-size); font-style: var(--body_typography-font-style,normal); font-weight: var(--body_typography-font-weight); letter-spacing: var(--body_typography-letter-spacing); background-color: rgba(255, 255, 255, 0);\"> present\u00f3 un adelanto de su colecci\u00f3n oto\u00f1o-invierno 2022, en la que priman los conjuntos de dos piezas, chaquetas doble vista y pantalones en tejido de punto.<\/span><\/p>\n<\/div><div class=\"fusion-image-element\" style=\"--awb-margin-top:20px;--awb-margin-bottom:20px;--awb-caption-title-font-family:var(--h2_typography-font-family);--awb-caption-title-font-weight:var(--h2_typography-font-weight);--awb-caption-title-font-style:var(--h2_typography-font-style);--awb-caption-title-size:var(--h2_typography-font-size);--awb-caption-title-transform:var(--h2_typography-text-transform);--awb-caption-title-line-height:var(--h2_typography-line-height);--awb-caption-title-letter-spacing:var(--h2_typography-letter-spacing);\"><span class=\"fusion-imageframe imageframe-none imageframe-2 hover-type-none\"><img decoding=\"async\" width=\"1\" height=\"1\" title=\"MaisonDolores9\" data-src=\"https:\/\/universomola.com\/wp-content\/uploads\/2022\/10\/MaisonDolores9.jpg\" alt class=\"img-responsive wp-image-13815 lazyload\" src=\"data:image\/svg+xml;base64,PHN2ZyB3aWR0aD0iMSIgaGVpZ2h0PSIxIiB4bWxucz0iaHR0cDovL3d3dy53My5vcmcvMjAwMC9zdmciPjwvc3ZnPg==\" style=\"--smush-placeholder-width: 1px; --smush-placeholder-aspect-ratio: 1\/1;\" \/><\/span><\/div><div class=\"fusion-text fusion-text-3\"><p style=\"text-align: justify;\"><span style=\"font-family: var(--body_typography-font-family); font-size: var(--body_typography-font-size); font-style: var(--body_typography-font-style,normal); font-weight: var(--body_typography-font-weight); letter-spacing: var(--body_typography-letter-spacing); background-color: rgba(255, 255, 255, 0); color: #000000;\"><br \/>\nAl inicio del desfile, <\/span><b style=\"font-family: var(--body_typography-font-family); font-size: var(--body_typography-font-size); font-style: var(--body_typography-font-style,normal); letter-spacing: var(--body_typography-letter-spacing); background-color: rgba(255, 255, 255, 0); color: #000000;\">Lola Arias<\/b><span style=\"font-family: var(--body_typography-font-family); font-size: var(--body_typography-font-size); font-style: var(--body_typography-font-style,normal); font-weight: var(--body_typography-font-weight); letter-spacing: var(--body_typography-letter-spacing); background-color: rgba(255, 255, 255, 0); color: #000000;\">, habl\u00f3 sobre la historia detr\u00e1s de su marca, de sus inspiraciones y del ADN de la misma, en el que se entrelazan la cultura mexicana y francesa. Esto se ve reflejado en el trabajo artesanal de las prendas y en la evocaci\u00f3n de elementos naturales y familiares del imaginario mexicano, como son las plantas tropicales, animales como el jaguar, la fiesta y los lazos familiares, por mencionar algunos.<\/span><\/p>\n<p>&nbsp;<\/p>\n<\/div><div class=\"fusion-image-element\" style=\"--awb-margin-top:20px;--awb-margin-bottom:40px;--awb-caption-title-font-family:var(--h2_typography-font-family);--awb-caption-title-font-weight:var(--h2_typography-font-weight);--awb-caption-title-font-style:var(--h2_typography-font-style);--awb-caption-title-size:var(--h2_typography-font-size);--awb-caption-title-transform:var(--h2_typography-text-transform);--awb-caption-title-line-height:var(--h2_typography-line-height);--awb-caption-title-letter-spacing:var(--h2_typography-letter-spacing);\"><span class=\"fusion-imageframe imageframe-none imageframe-3 hover-type-none\"><img decoding=\"async\" width=\"2560\" height=\"1707\" title=\"Lola Arias Dise\u00f1adora 2\" data-src=\"https:\/\/universomola.com\/wp-content\/uploads\/2022\/10\/Lola-Arias-Disenadora-2-scaled.jpg\" alt class=\"img-responsive wp-image-13814 lazyload\" data-srcset=\"https:\/\/universomola.com\/wp-content\/uploads\/2022\/10\/Lola-Arias-Disenadora-2-300x200.jpg 300w, https:\/\/universomola.com\/wp-content\/uploads\/2022\/10\/Lola-Arias-Disenadora-2-768x512.jpg 768w, https:\/\/universomola.com\/wp-content\/uploads\/2022\/10\/Lola-Arias-Disenadora-2-1024x683.jpg 1024w, https:\/\/universomola.com\/wp-content\/uploads\/2022\/10\/Lola-Arias-Disenadora-2-1536x1024.jpg 1536w, https:\/\/universomola.com\/wp-content\/uploads\/2022\/10\/Lola-Arias-Disenadora-2-scaled.jpg 2560w\" data-sizes=\"(max-width: 2560px) 100vw, 2560px\" src=\"data:image\/svg+xml;base64,PHN2ZyB3aWR0aD0iMSIgaGVpZ2h0PSIxIiB4bWxucz0iaHR0cDovL3d3dy53My5vcmcvMjAwMC9zdmciPjwvc3ZnPg==\" style=\"--smush-placeholder-width: 2560px; --smush-placeholder-aspect-ratio: 2560\/1707;\" \/><\/span><\/div><div class=\"fusion-text fusion-text-4\"><div style=\"text-align: justify;\"><span style=\"font-family: var(--body_typography-font-family); font-size: var(--body_typography-font-size); font-style: var(--body_typography-font-style,normal); font-weight: var(--body_typography-font-weight); letter-spacing: var(--body_typography-letter-spacing); background-color: rgba(255, 255, 255, 0); color: #000000;\">Con la finalidad de fabricar piezas de gran calidad, <\/span><b style=\"font-family: var(--body_typography-font-family); font-size: var(--body_typography-font-size); font-style: var(--body_typography-font-style,normal); letter-spacing: var(--body_typography-letter-spacing); background-color: rgba(255, 255, 255, 0); color: #000000;\">Maison Dolores<\/b><span style=\"font-family: var(--body_typography-font-family); font-size: var(--body_typography-font-size); font-style: var(--body_typography-font-style,normal); font-weight: var(--body_typography-font-weight); letter-spacing: var(--body_typography-letter-spacing); background-color: rgba(255, 255, 255, 0); color: #000000;\"> presenta una sola colecci\u00f3n al a\u00f1o, a la que se van agregando algunos modelos nuevos a lo largo del per\u00edodo. De acuerdo a lo se\u00f1alado por Arias, esto le permite dise\u00f1ar y trabajar las piezas poniendo mucha atenci\u00f3n en el calce. Para ello, dedica una cierta cantidad de meses para dise\u00f1ar y otra para producir. Si bien la dise\u00f1adora Lola Arias est\u00e1 radicada en Par\u00eds, una vez al a\u00f1o viaja a su M\u00e9xico natal, con el fin de fabricar sus piezas en talleres locales, valorizando as\u00ed, el saber-hacer mexicano.<\/span><\/div>\n<\/div><div class=\"fusion-image-element\" style=\"--awb-margin-top:30px;--awb-margin-bottom:20px;--awb-caption-title-font-family:var(--h2_typography-font-family);--awb-caption-title-font-weight:var(--h2_typography-font-weight);--awb-caption-title-font-style:var(--h2_typography-font-style);--awb-caption-title-size:var(--h2_typography-font-size);--awb-caption-title-transform:var(--h2_typography-text-transform);--awb-caption-title-line-height:var(--h2_typography-line-height);--awb-caption-title-letter-spacing:var(--h2_typography-letter-spacing);\"><span class=\"fusion-imageframe imageframe-none imageframe-4 hover-type-none\"><img decoding=\"async\" title=\"MaisonDolores11\" data-src=\"https:\/\/universomola.com\/wp-content\/uploads\/2022\/10\/MaisonDolores11.jpg\" alt class=\"img-responsive wp-image-13817 lazyload\" src=\"data:image\/svg+xml;base64,PHN2ZyB3aWR0aD0iMSIgaGVpZ2h0PSIxIiB4bWxucz0iaHR0cDovL3d3dy53My5vcmcvMjAwMC9zdmciPjwvc3ZnPg==\" style=\"--smush-placeholder-width: 3465px; --smush-placeholder-aspect-ratio: 3465\/5198;\" \/><\/span><\/div><div class=\"fusion-text fusion-text-5\"><div style=\"text-align: justify;\"><span style=\"background-color: rgba(255, 255, 255, 0); color: #000000; font-family: var(--body_typography-font-family); font-size: var(--body_typography-font-size); font-style: var(--body_typography-font-style,normal); font-weight: var(--body_typography-font-weight); letter-spacing: var(--body_typography-letter-spacing);\">Para Arias, tener la posibilidad de presentar sus colecciones de manera presencial le permite: \u201cconectar a un nivel m\u00e1s humano con la gente, contar la historia de la marca y ver las prendas en movimiento\u201d, declar\u00f3.<\/span><\/div>\n<p>&nbsp;<\/p>\n<p>&nbsp;<\/p>\n<p>&nbsp;<\/p>\n<div style=\"text-align: justify;\"><span style=\"font-style: var(--body_typography-font-style,normal); font-weight: var(--body_typography-font-weight); letter-spacing: var(--body_typography-letter-spacing); font-family: var(--body_typography-font-family); background-color: rgba(255, 255, 255, 0); font-size: var(--body_typography-font-size);\">En este primer desfile de Maison Dolores estuvieron presentes personalidades como la Embajadora de M\u00e9xico en Francia, Blanca Jim\u00e9nez Cisneros; la investigadora de tendencias Sandra Mathey Garc\u00eda-Rada, influencers como la peruana Adriana Seminario, periodistas, fot\u00f3grafos y clientas asiduas de la marca.<\/span><\/div>\n<p>&nbsp;<\/p>\n<p>&nbsp;<\/p>\n<p>&nbsp;<\/p>\n<p style=\"text-align: justify;\"><span style=\"font-weight: 400; color: #656a70;\">Cr\u00e9ditos fotograf\u00eda: <\/span><span style=\"color: #656a70;\"><b>Maison Dolores<\/b><\/span><\/p>\n<\/div><\/div><\/div><\/div><\/div>","protected":false},"excerpt":{"rendered":"","protected":false},"author":9,"featured_media":13813,"comment_status":"open","ping_status":"open","sticky":false,"template":"","format":"standard","meta":{"_monsterinsights_skip_tracking":false,"_monsterinsights_sitenote_active":false,"_monsterinsights_sitenote_note":"","_monsterinsights_sitenote_category":0,"footnotes":""},"categories":[183],"tags":[],"class_list":["post-13809","post","type-post","status-publish","format-standard","has-post-thumbnail","hentry","category-noti-mola-news"],"_links":{"self":[{"href":"https:\/\/universomola.com\/en\/wp-json\/wp\/v2\/posts\/13809","targetHints":{"allow":["GET"]}}],"collection":[{"href":"https:\/\/universomola.com\/en\/wp-json\/wp\/v2\/posts"}],"about":[{"href":"https:\/\/universomola.com\/en\/wp-json\/wp\/v2\/types\/post"}],"author":[{"embeddable":true,"href":"https:\/\/universomola.com\/en\/wp-json\/wp\/v2\/users\/9"}],"replies":[{"embeddable":true,"href":"https:\/\/universomola.com\/en\/wp-json\/wp\/v2\/comments?post=13809"}],"version-history":[{"count":12,"href":"https:\/\/universomola.com\/en\/wp-json\/wp\/v2\/posts\/13809\/revisions"}],"predecessor-version":[{"id":14087,"href":"https:\/\/universomola.com\/en\/wp-json\/wp\/v2\/posts\/13809\/revisions\/14087"}],"wp:featuredmedia":[{"embeddable":true,"href":"https:\/\/universomola.com\/en\/wp-json\/wp\/v2\/media\/13813"}],"wp:attachment":[{"href":"https:\/\/universomola.com\/en\/wp-json\/wp\/v2\/media?parent=13809"}],"wp:term":[{"taxonomy":"category","embeddable":true,"href":"https:\/\/universomola.com\/en\/wp-json\/wp\/v2\/categories?post=13809"},{"taxonomy":"post_tag","embeddable":true,"href":"https:\/\/universomola.com\/en\/wp-json\/wp\/v2\/tags?post=13809"}],"curies":[{"name":"wp","href":"https:\/\/api.w.org\/{rel}","templated":true}]}}