{"id":13809,"date":"2022-10-10T13:00:38","date_gmt":"2022-10-10T16:00:38","guid":{"rendered":"https:\/\/universomola.com\/?p=13809"},"modified":"2022-11-20T20:20:16","modified_gmt":"2022-11-20T23:20:16","slug":"maison-dolores-realiza-su-primer-desfile-en-paris","status":"publish","type":"post","link":"https:\/\/universomola.com\/en\/maison-dolores-realiza-su-primer-desfile-en-paris\/","title":{"rendered":"Maison Dolores realiza su primer desfile en Par\u00eds."},"content":{"rendered":"[fusion_builder_container hundred_percent=\u00bbno\u00bb equal_height_columns=\u00bbno\u00bb hide_on_mobile=\u00bbsmall-visibility,medium-visibility,large-visibility\u00bb background_position=\u00bbcenter center\u00bb background_repeat=\u00bbno-repeat\u00bb fade=\u00bbno\u00bb background_parallax=\u00bbnone\u00bb parallax_speed=\u00bb0.3&#8243; video_aspect_ratio=\u00bb16:9&#8243; video_loop=\u00bbyes\u00bb video_mute=\u00bbyes\u00bb border_style=\u00bbsolid\u00bb flex_column_spacing=\u00bb0px\u00bb type=\u00bbflex\u00bb][fusion_builder_row][fusion_builder_column type=\u00bb1_1&#8243; layout=\u00bb1_1&#8243; background_position=\u00bbleft top\u00bb background_color=\u00bb\u00bb border_color=\u00bb\u00bb border_style=\u00bbsolid\u00bb border_position=\u00bball\u00bb spacing=\u00bbyes\u00bb background_image=\u00bb\u00bb background_repeat=\u00bbno-repeat\u00bb padding_top=\u00bb\u00bb padding_right=\u00bb\u00bb padding_bottom=\u00bb\u00bb padding_left=\u00bb\u00bb margin_top=\u00bb0px\u00bb margin_bottom=\u00bb0px\u00bb class=\u00bb\u00bb id=\u00bb\u00bb animation_type=\u00bb\u00bb animation_speed=\u00bb0.3&#8243; animation_direction=\u00bbleft\u00bb hide_on_mobile=\u00bbsmall-visibility,medium-visibility,large-visibility\u00bb center_content=\u00bbno\u00bb last=\u00bbtrue\u00bb min_height=\u00bb\u00bb hover_type=\u00bbnone\u00bb link=\u00bb\u00bb first=\u00bbtrue\u00bb][fusion_text columns=\u00bb1&#8243; column_min_width=\u00bb\u00bb column_spacing=\u00bb\u00bb rule_style=\u00bbdefault\u00bb rule_size=\u00bb\u00bb rule_color=\u00bb\u00bb content_alignment_medium=\u00bb\u00bb content_alignment_small=\u00bb\u00bb content_alignment=\u00bb\u00bb hide_on_mobile=\u00bbsmall-visibility,medium-visibility,large-visibility\u00bb sticky_display=\u00bbnormal,sticky\u00bb class=\u00bb\u00bb id=\u00bb\u00bb font_size=\u00bb\u00bb fusion_font_family_text_font=\u00bb\u00bb fusion_font_variant_text_font=\u00bb\u00bb line_height=\u00bb\u00bb letter_spacing=\u00bb\u00bb text_color=\u00bb\u00bb animation_type=\u00bb\u00bb animation_direction=\u00bbleft\u00bb animation_speed=\u00bb0.3&#8243; animation_offset=\u00bb\u00bb]\n<p>Por Carolina Ortiz Jerez. @carolinaortizjerez<\/p>\n<p style=\"text-align: justify;\"><span style=\"font-weight: 400; color: #000000;\">Dentro del marco de la Semana de la Moda parisina, <\/span><b style=\"color: #000000;\">Maison Dolores<\/b><span style=\"font-weight: 400; color: #000000;\">, la marca de pr\u00eat-\u00e0-porter y loungewear de la dise\u00f1adora mexicana <\/span><b style=\"color: #000000;\">Lola Arias<\/b><span style=\"color: #000000;\"><span style=\"color: #000000;\">, realiz\u00f3 su primer desfile el d\u00eda jueves 22 de septiembre, en la Embajada de M\u00e9xico en Par\u00eds.<\/span><\/span><\/p>\n<div style=\"text-align: justify;\"><span style=\"color: var(--body_typography-color); font-family: var(--body_typography-font-family); font-size: var(--body_typography-font-size); font-style: var(--body_typography-font-style,normal); font-weight: var(--body_typography-font-weight); letter-spacing: var(--body_typography-letter-spacing); background-color: rgba(255, 255, 255, 0);\"><b style=\"color: #000000;\">Maison Dolores<\/b><\/span><span style=\"font-family: var(--body_typography-font-family); font-size: var(--body_typography-font-size); font-style: var(--body_typography-font-style,normal); font-weight: var(--body_typography-font-weight); letter-spacing: var(--body_typography-letter-spacing); background-color: rgba(255, 255, 255, 0); color: #000000;\"> es una marca de \u201cslow fashion\u201d creada en el a\u00f1o 2018, en la que se privilegian el dise\u00f1o de prendas atemporales, telas de gran calidad como la seda, una producci\u00f3n hecha a mano y acabados de alta costura.<\/span><\/div>\n[\/fusion_text][fusion_imageframe image_id=\u00bb13816|fusion-600&#8243; max_width=\u00bb\u00bb sticky_max_width=\u00bb\u00bb style_type=\u00bb\u00bb blur=\u00bb\u00bb stylecolor=\u00bb\u00bb hover_type=\u00bbnone\u00bb bordersize=\u00bb\u00bb bordercolor=\u00bb\u00bb borderradius=\u00bb\u00bb align_medium=\u00bbnone\u00bb align_small=\u00bbnone\u00bb align=\u00bbnone\u00bb margin_top=\u00bb30px\u00bb margin_right=\u00bb\u00bb margin_bottom=\u00bb40px\u00bb margin_left=\u00bb\u00bb lightbox=\u00bbno\u00bb gallery_id=\u00bb\u00bb lightbox_image=\u00bb\u00bb lightbox_image_id=\u00bb\u00bb alt=\u00bb\u00bb link=\u00bb\u00bb linktarget=\u00bb_self\u00bb hide_on_mobile=\u00bbsmall-visibility,medium-visibility,large-visibility\u00bb sticky_display=\u00bbnormal,sticky\u00bb class=\u00bb\u00bb id=\u00bb\u00bb animation_type=\u00bb\u00bb animation_direction=\u00bbleft\u00bb animation_speed=\u00bb0.3&#8243; animation_offset=\u00bb\u00bb filter_hue=\u00bb0&#8243; filter_saturation=\u00bb100&#8243; filter_brightness=\u00bb100&#8243; filter_contrast=\u00bb100&#8243; filter_invert=\u00bb0&#8243; filter_sepia=\u00bb0&#8243; filter_opacity=\u00bb100&#8243; filter_blur=\u00bb0&#8243; filter_hue_hover=\u00bb0&#8243; filter_saturation_hover=\u00bb100&#8243; filter_brightness_hover=\u00bb100&#8243; filter_contrast_hover=\u00bb100&#8243; filter_invert_hover=\u00bb0&#8243; filter_sepia_hover=\u00bb0&#8243; filter_opacity_hover=\u00bb100&#8243; filter_blur_hover=\u00bb0&#8243;]https:\/\/universomola.com\/wp-content\/uploads\/2022\/10\/MaisonDolores8.jpg[\/fusion_imageframe][fusion_text columns=\u00bb1&#8243; column_min_width=\u00bb\u00bb column_spacing=\u00bb\u00bb rule_style=\u00bbdefault\u00bb rule_size=\u00bb\u00bb rule_color=\u00bb\u00bb content_alignment_medium=\u00bb\u00bb content_alignment_small=\u00bb\u00bb content_alignment=\u00bb\u00bb hide_on_mobile=\u00bbsmall-visibility,medium-visibility,large-visibility\u00bb sticky_display=\u00bbnormal,sticky\u00bb class=\u00bb\u00bb id=\u00bb\u00bb font_size=\u00bb\u00bb fusion_font_family_text_font=\u00bb\u00bb fusion_font_variant_text_font=\u00bb\u00bb line_height=\u00bb\u00bb letter_spacing=\u00bb\u00bb text_color=\u00bb\u00bb animation_type=\u00bb\u00bb animation_direction=\u00bbleft\u00bb animation_speed=\u00bb0.3&#8243; animation_offset=\u00bb\u00bb]\n<p style=\"text-align: justify;\"><span style=\"font-family: var(--body_typography-font-family); font-size: var(--body_typography-font-size); font-style: var(--body_typography-font-style,normal); font-weight: var(--body_typography-font-weight); letter-spacing: var(--body_typography-letter-spacing); background-color: rgba(255, 255, 255, 0); color: #000000;\">Durante el desfile, <\/span><b style=\"font-family: var(--body_typography-font-family); font-size: var(--body_typography-font-size); font-style: var(--body_typography-font-style,normal); letter-spacing: var(--body_typography-letter-spacing); background-color: rgba(255, 255, 255, 0); color: #000000;\">Maison Dolores<\/b><span style=\"font-family: var(--body_typography-font-family); font-size: var(--body_typography-font-size); font-style: var(--body_typography-font-style,normal); font-weight: var(--body_typography-font-weight); letter-spacing: var(--body_typography-letter-spacing); background-color: rgba(255, 255, 255, 0); color: #000000;\"> present\u00f3 su \u00faltima colecci\u00f3n titulada <\/span><b style=\"font-family: var(--body_typography-font-family); font-size: var(--body_typography-font-size); font-style: var(--body_typography-font-style,normal); letter-spacing: var(--body_typography-letter-spacing); background-color: rgba(255, 255, 255, 0); color: #000000;\">\u201cMusa \u201822\u201d,<\/b><span style=\"font-family: var(--body_typography-font-family); font-size: var(--body_typography-font-size); font-style: var(--body_typography-font-style,normal); font-weight: var(--body_typography-font-weight); letter-spacing: var(--body_typography-letter-spacing); background-color: rgba(255, 255, 255, 0); color: #000000;\"> en la que fue posible observar piezas ic\u00f3nicas de la marca, como vestidos y camisas de seda, mini vestidos con flecos de piedras y cristales, trajes sastre y foulards con prints exclusivos. <\/span><span style=\"color: var(--body_typography-color); font-family: var(--body_typography-font-family); font-size: var(--body_typography-font-size); font-style: var(--body_typography-font-style,normal); font-weight: var(--body_typography-font-weight); letter-spacing: var(--body_typography-letter-spacing); background-color: rgba(255, 255, 255, 0);\"><span style=\"color: #000000; font-family: var(--body_typography-font-family);\"><span style=\"font-style: var(--body_typography-font-style,normal); font-weight: var(--body_typography-font-weight); letter-spacing: var(--body_typography-letter-spacing); color: #000000;\">Asimismo, <\/span><\/span><\/span><b style=\"color: #000000; font-family: var(--body_typography-font-family); font-size: var(--body_typography-font-size); font-style: var(--body_typography-font-style,normal); letter-spacing: var(--body_typography-letter-spacing); background-color: rgba(255, 255, 255, 0);\">Maison Dolores<\/b><span style=\"color: #000000; font-family: var(--body_typography-font-family); font-size: var(--body_typography-font-size); font-style: var(--body_typography-font-style,normal); font-weight: var(--body_typography-font-weight); letter-spacing: var(--body_typography-letter-spacing); background-color: rgba(255, 255, 255, 0);\"> present\u00f3 un adelanto de su colecci\u00f3n oto\u00f1o-invierno 2022, en la que priman los conjuntos de dos piezas, chaquetas doble vista y pantalones en tejido de punto.<\/span><\/p>\n[\/fusion_text][fusion_imageframe image_id=\u00bb13815|fusion-600&#8243; max_width=\u00bb\u00bb sticky_max_width=\u00bb\u00bb style_type=\u00bb\u00bb blur=\u00bb\u00bb stylecolor=\u00bb\u00bb hover_type=\u00bbnone\u00bb bordersize=\u00bb\u00bb bordercolor=\u00bb\u00bb borderradius=\u00bb\u00bb align_medium=\u00bbnone\u00bb align_small=\u00bbnone\u00bb align=\u00bbnone\u00bb margin_top=\u00bb20px\u00bb margin_right=\u00bb\u00bb margin_bottom=\u00bb20px\u00bb margin_left=\u00bb\u00bb lightbox=\u00bbno\u00bb gallery_id=\u00bb\u00bb lightbox_image=\u00bb\u00bb lightbox_image_id=\u00bb\u00bb alt=\u00bb\u00bb link=\u00bb\u00bb linktarget=\u00bb_self\u00bb hide_on_mobile=\u00bbsmall-visibility,medium-visibility,large-visibility\u00bb sticky_display=\u00bbnormal,sticky\u00bb class=\u00bb\u00bb id=\u00bb\u00bb animation_type=\u00bb\u00bb animation_direction=\u00bbleft\u00bb animation_speed=\u00bb0.3&#8243; animation_offset=\u00bb\u00bb filter_hue=\u00bb0&#8243; filter_saturation=\u00bb100&#8243; filter_brightness=\u00bb100&#8243; filter_contrast=\u00bb100&#8243; filter_invert=\u00bb0&#8243; filter_sepia=\u00bb0&#8243; filter_opacity=\u00bb100&#8243; filter_blur=\u00bb0&#8243; filter_hue_hover=\u00bb0&#8243; filter_saturation_hover=\u00bb100&#8243; filter_brightness_hover=\u00bb100&#8243; filter_contrast_hover=\u00bb100&#8243; filter_invert_hover=\u00bb0&#8243; filter_sepia_hover=\u00bb0&#8243; filter_opacity_hover=\u00bb100&#8243; filter_blur_hover=\u00bb0&#8243;]https:\/\/universomola.com\/wp-content\/uploads\/2022\/10\/MaisonDolores9.jpg[\/fusion_imageframe][fusion_text columns=\u00bb1&#8243; column_min_width=\u00bb\u00bb column_spacing=\u00bb\u00bb rule_style=\u00bbdefault\u00bb rule_size=\u00bb\u00bb rule_color=\u00bb\u00bb content_alignment_medium=\u00bb\u00bb content_alignment_small=\u00bb\u00bb content_alignment=\u00bb\u00bb hide_on_mobile=\u00bbsmall-visibility,medium-visibility,large-visibility\u00bb sticky_display=\u00bbnormal,sticky\u00bb class=\u00bb\u00bb id=\u00bb\u00bb font_size=\u00bb\u00bb fusion_font_family_text_font=\u00bb\u00bb fusion_font_variant_text_font=\u00bb\u00bb line_height=\u00bb\u00bb letter_spacing=\u00bb\u00bb text_color=\u00bb\u00bb animation_type=\u00bb\u00bb animation_direction=\u00bbleft\u00bb animation_speed=\u00bb0.3&#8243; animation_offset=\u00bb\u00bb]\n<p style=\"text-align: justify;\"><span style=\"font-family: var(--body_typography-font-family); font-size: var(--body_typography-font-size); font-style: var(--body_typography-font-style,normal); font-weight: var(--body_typography-font-weight); letter-spacing: var(--body_typography-letter-spacing); background-color: rgba(255, 255, 255, 0); color: #000000;\"><br \/>\nAl inicio del desfile, <\/span><b style=\"font-family: var(--body_typography-font-family); font-size: var(--body_typography-font-size); font-style: var(--body_typography-font-style,normal); letter-spacing: var(--body_typography-letter-spacing); background-color: rgba(255, 255, 255, 0); color: #000000;\">Lola Arias<\/b><span style=\"font-family: var(--body_typography-font-family); font-size: var(--body_typography-font-size); font-style: var(--body_typography-font-style,normal); font-weight: var(--body_typography-font-weight); letter-spacing: var(--body_typography-letter-spacing); background-color: rgba(255, 255, 255, 0); color: #000000;\">, habl\u00f3 sobre la historia detr\u00e1s de su marca, de sus inspiraciones y del ADN de la misma, en el que se entrelazan la cultura mexicana y francesa. Esto se ve reflejado en el trabajo artesanal de las prendas y en la evocaci\u00f3n de elementos naturales y familiares del imaginario mexicano, como son las plantas tropicales, animales como el jaguar, la fiesta y los lazos familiares, por mencionar algunos.<\/span><\/p>\n<p>&nbsp;<\/p>\n[\/fusion_text][fusion_imageframe image_id=\u00bb13814|full\u00bb max_width=\u00bb\u00bb sticky_max_width=\u00bb\u00bb style_type=\u00bb\u00bb blur=\u00bb\u00bb stylecolor=\u00bb\u00bb hover_type=\u00bbnone\u00bb bordersize=\u00bb\u00bb bordercolor=\u00bb\u00bb borderradius=\u00bb\u00bb align_medium=\u00bbnone\u00bb align_small=\u00bbnone\u00bb align=\u00bbnone\u00bb lightbox=\u00bbno\u00bb gallery_id=\u00bb\u00bb lightbox_image=\u00bb\u00bb lightbox_image_id=\u00bb\u00bb alt=\u00bb\u00bb link=\u00bb\u00bb linktarget=\u00bb_self\u00bb animation_type=\u00bb\u00bb animation_direction=\u00bbleft\u00bb animation_speed=\u00bb0.3&#8243; animation_offset=\u00bb\u00bb hide_on_mobile=\u00bbsmall-visibility,medium-visibility,large-visibility\u00bb sticky_display=\u00bbnormal,sticky\u00bb class=\u00bb\u00bb id=\u00bb\u00bb filter_hue=\u00bb0&#8243; filter_saturation=\u00bb100&#8243; filter_brightness=\u00bb100&#8243; filter_contrast=\u00bb100&#8243; filter_invert=\u00bb0&#8243; filter_sepia=\u00bb0&#8243; filter_opacity=\u00bb100&#8243; filter_blur=\u00bb0&#8243; filter_hue_hover=\u00bb0&#8243; filter_saturation_hover=\u00bb100&#8243; filter_brightness_hover=\u00bb100&#8243; filter_contrast_hover=\u00bb100&#8243; filter_invert_hover=\u00bb0&#8243; filter_sepia_hover=\u00bb0&#8243; filter_opacity_hover=\u00bb100&#8243; filter_blur_hover=\u00bb0&#8243; margin_top=\u00bb20px\u00bb margin_bottom=\u00bb40px\u00bb]https:\/\/universomola.com\/wp-content\/uploads\/2022\/10\/Lola-Arias-Disenadora-2-scaled.jpg[\/fusion_imageframe][fusion_text columns=\u00bb1&#8243; column_min_width=\u00bb\u00bb column_spacing=\u00bb\u00bb rule_style=\u00bbdefault\u00bb rule_size=\u00bb\u00bb rule_color=\u00bb\u00bb content_alignment_medium=\u00bb\u00bb content_alignment_small=\u00bb\u00bb content_alignment=\u00bb\u00bb hide_on_mobile=\u00bbsmall-visibility,medium-visibility,large-visibility\u00bb sticky_display=\u00bbnormal,sticky\u00bb class=\u00bb\u00bb id=\u00bb\u00bb font_size=\u00bb\u00bb fusion_font_family_text_font=\u00bb\u00bb fusion_font_variant_text_font=\u00bb\u00bb line_height=\u00bb\u00bb letter_spacing=\u00bb\u00bb text_color=\u00bb\u00bb animation_type=\u00bb\u00bb animation_direction=\u00bbleft\u00bb animation_speed=\u00bb0.3&#8243; animation_offset=\u00bb\u00bb]\n<div style=\"text-align: justify;\"><span style=\"font-family: var(--body_typography-font-family); font-size: var(--body_typography-font-size); font-style: var(--body_typography-font-style,normal); font-weight: var(--body_typography-font-weight); letter-spacing: var(--body_typography-letter-spacing); background-color: rgba(255, 255, 255, 0); color: #000000;\">Con la finalidad de fabricar piezas de gran calidad, <\/span><b style=\"font-family: var(--body_typography-font-family); font-size: var(--body_typography-font-size); font-style: var(--body_typography-font-style,normal); letter-spacing: var(--body_typography-letter-spacing); background-color: rgba(255, 255, 255, 0); color: #000000;\">Maison Dolores<\/b><span style=\"font-family: var(--body_typography-font-family); font-size: var(--body_typography-font-size); font-style: var(--body_typography-font-style,normal); font-weight: var(--body_typography-font-weight); letter-spacing: var(--body_typography-letter-spacing); background-color: rgba(255, 255, 255, 0); color: #000000;\"> presenta una sola colecci\u00f3n al a\u00f1o, a la que se van agregando algunos modelos nuevos a lo largo del per\u00edodo. De acuerdo a lo se\u00f1alado por Arias, esto le permite dise\u00f1ar y trabajar las piezas poniendo mucha atenci\u00f3n en el calce. Para ello, dedica una cierta cantidad de meses para dise\u00f1ar y otra para producir. Si bien la dise\u00f1adora Lola Arias est\u00e1 radicada en Par\u00eds, una vez al a\u00f1o viaja a su M\u00e9xico natal, con el fin de fabricar sus piezas en talleres locales, valorizando as\u00ed, el saber-hacer mexicano.<\/span><\/div>\n[\/fusion_text][fusion_imageframe image_id=\u00bb13817|fusion600&#8243; max_width=\u00bb\u00bb sticky_max_width=\u00bb\u00bb style_type=\u00bb\u00bb blur=\u00bb\u00bb stylecolor=\u00bb\u00bb hover_type=\u00bbnone\u00bb bordersize=\u00bb\u00bb bordercolor=\u00bb\u00bb borderradius=\u00bb\u00bb align_medium=\u00bbnone\u00bb align_small=\u00bbnone\u00bb align=\u00bbnone\u00bb lightbox=\u00bbno\u00bb gallery_id=\u00bb\u00bb lightbox_image=\u00bb\u00bb lightbox_image_id=\u00bb\u00bb alt=\u00bb\u00bb link=\u00bb\u00bb linktarget=\u00bb_self\u00bb animation_type=\u00bb\u00bb animation_direction=\u00bbleft\u00bb animation_speed=\u00bb0.3&#8243; animation_offset=\u00bb\u00bb hide_on_mobile=\u00bbsmall-visibility,medium-visibility,large-visibility\u00bb sticky_display=\u00bbnormal,sticky\u00bb class=\u00bb\u00bb id=\u00bb\u00bb filter_hue=\u00bb0&#8243; filter_saturation=\u00bb100&#8243; filter_brightness=\u00bb100&#8243; filter_contrast=\u00bb100&#8243; filter_invert=\u00bb0&#8243; filter_sepia=\u00bb0&#8243; filter_opacity=\u00bb100&#8243; filter_blur=\u00bb0&#8243; filter_hue_hover=\u00bb0&#8243; filter_saturation_hover=\u00bb100&#8243; filter_brightness_hover=\u00bb100&#8243; filter_contrast_hover=\u00bb100&#8243; filter_invert_hover=\u00bb0&#8243; filter_sepia_hover=\u00bb0&#8243; filter_opacity_hover=\u00bb100&#8243; filter_blur_hover=\u00bb0&#8243; margin_top=\u00bb30px\u00bb margin_bottom=\u00bb20px\u00bb]https:\/\/universomola.com\/wp-content\/uploads\/2022\/10\/MaisonDolores11.jpg[\/fusion_imageframe][fusion_text columns=\u00bb1&#8243; column_min_width=\u00bb\u00bb column_spacing=\u00bb\u00bb rule_style=\u00bbdefault\u00bb rule_size=\u00bb\u00bb rule_color=\u00bb\u00bb content_alignment_medium=\u00bb\u00bb content_alignment_small=\u00bb\u00bb content_alignment=\u00bb\u00bb hide_on_mobile=\u00bbsmall-visibility,medium-visibility,large-visibility\u00bb sticky_display=\u00bbnormal,sticky\u00bb class=\u00bb\u00bb id=\u00bb\u00bb font_size=\u00bb\u00bb fusion_font_family_text_font=\u00bb\u00bb fusion_font_variant_text_font=\u00bb\u00bb line_height=\u00bb\u00bb letter_spacing=\u00bb\u00bb text_color=\u00bb\u00bb animation_type=\u00bb\u00bb animation_direction=\u00bbleft\u00bb animation_speed=\u00bb0.3&#8243; animation_offset=\u00bb\u00bb]\n<div style=\"text-align: justify;\"><span style=\"background-color: rgba(255, 255, 255, 0); color: #000000; font-family: var(--body_typography-font-family); font-size: var(--body_typography-font-size); font-style: var(--body_typography-font-style,normal); font-weight: var(--body_typography-font-weight); letter-spacing: var(--body_typography-letter-spacing);\">Para Arias, tener la posibilidad de presentar sus colecciones de manera presencial le permite: \u201cconectar a un nivel m\u00e1s humano con la gente, contar la historia de la marca y ver las prendas en movimiento\u201d, declar\u00f3.<\/span><\/div>\n<p>&nbsp;<\/p>\n<p>&nbsp;<\/p>\n<p>&nbsp;<\/p>\n<div style=\"text-align: justify;\"><span style=\"font-style: var(--body_typography-font-style,normal); font-weight: var(--body_typography-font-weight); letter-spacing: var(--body_typography-letter-spacing); font-family: var(--body_typography-font-family); background-color: rgba(255, 255, 255, 0); font-size: var(--body_typography-font-size);\">En este primer desfile de Maison Dolores estuvieron presentes personalidades como la Embajadora de M\u00e9xico en Francia, Blanca Jim\u00e9nez Cisneros; la investigadora de tendencias Sandra Mathey Garc\u00eda-Rada, influencers como la peruana Adriana Seminario, periodistas, fot\u00f3grafos y clientas asiduas de la marca.<\/span><\/div>\n<p>&nbsp;<\/p>\n<p>&nbsp;<\/p>\n<p>&nbsp;<\/p>\n<p style=\"text-align: justify;\"><span style=\"font-weight: 400; color: #656a70;\">Cr\u00e9ditos fotograf\u00eda: <\/span><span style=\"color: #656a70;\"><b>Maison Dolores<\/b><\/span><\/p>\n[\/fusion_text][\/fusion_builder_column][\/fusion_builder_row][\/fusion_builder_container]\n","protected":false},"excerpt":{"rendered":"<p>[fusion_builder_container hundred_percent=\u00bbno\u00bb equal_height_columns=\u00bbno\u00bb hide_on_mobile=\u00bbsmall-visibility,medium-visibility,large-visibility\u00bb background_position=\u00bbcenter center\u00bb background_repeat=\u00bbno-repeat\u00bb fade=\u00bbno\u00bb background_parallax=\u00bbnone\u00bb parallax_speed=\u00bb0.3&#8243; video_aspect_ratio=\u00bb16:9&#8243; video_loop=\u00bbyes\u00bb video_mute=\u00bbyes\u00bb border_style=\u00bbsolid\u00bb flex_column_spacing=\u00bb0px\u00bb type=\u00bbflex\u00bb][fusion_builder_row][fusion_builder_column type=\u00bb1_1&#8243; layout=\u00bb1_1&#8243; background_position=\u00bbleft top\u00bb background_color=\u00bb\u00bb border_color=\u00bb\u00bb border_style=\u00bbsolid\u00bb border_position=\u00bball\u00bb spacing=\u00bbyes\u00bb background_image=\u00bb\u00bb background_repeat=\u00bbno-repeat\u00bb padding_top=\u00bb\u00bb padding_right=\u00bb\u00bb padding_bottom=\u00bb\u00bb&#8230;<\/p>\n","protected":false},"author":9,"featured_media":13813,"comment_status":"open","ping_status":"open","sticky":false,"template":"","format":"standard","meta":{"footnotes":""},"categories":[183],"tags":[],"class_list":["post-13809","post","type-post","status-publish","format-standard","has-post-thumbnail","category-noti-mola-news"],"_links":{"self":[{"href":"https:\/\/universomola.com\/en\/wp-json\/wp\/v2\/posts\/13809","targetHints":{"allow":["GET"]}}],"collection":[{"href":"https:\/\/universomola.com\/en\/wp-json\/wp\/v2\/posts"}],"about":[{"href":"https:\/\/universomola.com\/en\/wp-json\/wp\/v2\/types\/post"}],"author":[{"embeddable":true,"href":"https:\/\/universomola.com\/en\/wp-json\/wp\/v2\/users\/9"}],"replies":[{"embeddable":true,"href":"https:\/\/universomola.com\/en\/wp-json\/wp\/v2\/comments?post=13809"}],"version-history":[{"count":12,"href":"https:\/\/universomola.com\/en\/wp-json\/wp\/v2\/posts\/13809\/revisions"}],"predecessor-version":[{"id":14087,"href":"https:\/\/universomola.com\/en\/wp-json\/wp\/v2\/posts\/13809\/revisions\/14087"}],"wp:featuredmedia":[{"embeddable":true,"href":"https:\/\/universomola.com\/en\/wp-json\/wp\/v2\/media\/13813"}],"wp:attachment":[{"href":"https:\/\/universomola.com\/en\/wp-json\/wp\/v2\/media?parent=13809"}],"wp:term":[{"taxonomy":"category","embeddable":true,"href":"https:\/\/universomola.com\/en\/wp-json\/wp\/v2\/categories?post=13809"},{"taxonomy":"post_tag","embeddable":true,"href":"https:\/\/universomola.com\/en\/wp-json\/wp\/v2\/tags?post=13809"}],"curies":[{"name":"wp","href":"https:\/\/api.w.org\/{rel}","templated":true}]}}