{"id":14135,"date":"2022-11-01T11:00:35","date_gmt":"2022-11-01T14:00:35","guid":{"rendered":"https:\/\/universomola.com\/?p=14135"},"modified":"2022-10-31T18:45:08","modified_gmt":"2022-10-31T21:45:08","slug":"loraine-holmes-presento-su-coleccion-akwa-ss2023-en-el-tranoi-show-de-paris","status":"publish","type":"post","link":"https:\/\/universomola.com\/en\/loraine-holmes-presento-su-coleccion-akwa-ss2023-en-el-tranoi-show-de-paris\/","title":{"rendered":"Loraine Holmes present\u00f3 su colecci\u00f3n AKWA SS2023 en el Trano\u00ef Show de Par\u00eds."},"content":{"rendered":"<div class=\"fusion-fullwidth fullwidth-box fusion-builder-row-1 fusion-flex-container nonhundred-percent-fullwidth non-hundred-percent-height-scrolling\" style=\"--awb-border-radius-top-left:0px;--awb-border-radius-top-right:0px;--awb-border-radius-bottom-right:0px;--awb-border-radius-bottom-left:0px;--awb-flex-wrap:wrap;\" ><div class=\"fusion-builder-row fusion-row fusion-flex-align-items-flex-start fusion-flex-content-wrap\" style=\"max-width:calc( 1200px + 0px );margin-left: calc(-0px \/ 2 );margin-right: calc(-0px \/ 2 );\"><div class=\"fusion-layout-column fusion_builder_column fusion-builder-column-0 fusion_builder_column_1_1 1_1 fusion-flex-column\" style=\"--awb-bg-size:cover;--awb-width-large:100%;--awb-margin-top-large:0px;--awb-spacing-right-large:0px;--awb-margin-bottom-large:0px;--awb-spacing-left-large:0px;--awb-width-medium:100%;--awb-spacing-right-medium:0px;--awb-spacing-left-medium:0px;--awb-width-small:100%;--awb-spacing-right-small:0px;--awb-spacing-left-small:0px;\"><div class=\"fusion-column-wrapper fusion-flex-justify-content-flex-start fusion-content-layout-column\"><div class=\"fusion-text fusion-text-1\"><p>Por Carolina Ortiz Jerez. @carolinaortizjerez<\/p>\n<p style=\"text-align: justify;\"><span style=\"color: #000000;\">Durante la Semana de la Moda de Par\u00eds, la dise\u00f1adora chilena <\/span><strong style=\"color: #000000;\"><a href=\"https:\/\/www.loraineholmes.cl\/\"><u>Loraine Holmes<\/u><\/a><\/strong><span style=\"color: #000000;\">, present\u00f3 su colecci\u00f3n <\/span><strong style=\"color: #000000;\">AKWA SS2023<\/strong><span style=\"color: #000000;\">, en el <\/span><strong style=\"color: #000000;\"><a href=\"https:\/\/www.tranoi.com\/\"><u>Trano\u00ef Show de Par\u00eds<\/u><\/a><\/strong><span style=\"color: #000000;\"><u>,<\/u> uno de los showrooms de moda m\u00e1s importantes de la industria.<\/span><\/p>\n<p style=\"text-align: justify;\"><span style=\"color: #000000;\">Como es habitual en estas fechas, el <\/span><strong style=\"color: #000000;\"><a href=\"https:\/\/www.instagram.com\/tranoi_show\/\"><u>Trano\u00ef Show<\/u><\/a><\/strong><span style=\"color: #000000;\"> se realiz\u00f3 en el Palais Brongniart entre el <\/span><strong style=\"color: #000000;\">29 de septiembre y el 2 de octubre <\/strong><span style=\"color: #000000;\">y reuni\u00f3 unas 150 marcas de moda de todo el mundo. <\/span><strong style=\"color: #000000;\"><a href=\"https:\/\/www.instagram.com\/loraineholmes_official\/\"><u>Loraine Holmes<\/u><\/a><\/strong><span style=\"color: #000000;\">, quien cont\u00f3 con el apoyo de <\/span><strong style=\"color: #000000;\"><a href=\"https:\/\/www.instagram.com\/prochile_fr\/\"><u>ProChile Francia<\/u><\/a><\/strong><span style=\"color: #000000;\">, fue la <\/span><strong style=\"color: #000000;\">\u00fanica marca chilena<\/strong><span style=\"color: #000000;\"> presente en este evento.<\/span><\/p>\n<\/div><div class=\"fusion-image-element\" style=\"text-align:center;--awb-margin-top:30px;--awb-margin-bottom:40px;--awb-caption-title-font-family:var(--h2_typography-font-family);--awb-caption-title-font-weight:var(--h2_typography-font-weight);--awb-caption-title-font-style:var(--h2_typography-font-style);--awb-caption-title-size:var(--h2_typography-font-size);--awb-caption-title-transform:var(--h2_typography-text-transform);--awb-caption-title-line-height:var(--h2_typography-line-height);--awb-caption-title-letter-spacing:var(--h2_typography-letter-spacing);\"><span class=\"fusion-imageframe imageframe-none imageframe-1 hover-type-none\"><img decoding=\"async\" title=\"L.H.202314549\" data-src=\"https:\/\/universomola.com\/wp-content\/uploads\/2022\/10\/L.H.202314549.jpg\" alt class=\"img-responsive wp-image-14139 lazyload\" src=\"data:image\/svg+xml;base64,PHN2ZyB3aWR0aD0iMSIgaGVpZ2h0PSIxIiB4bWxucz0iaHR0cDovL3d3dy53My5vcmcvMjAwMC9zdmciPjwvc3ZnPg==\" style=\"--smush-placeholder-width: 4403px; --smush-placeholder-aspect-ratio: 4403\/5504;\" \/><\/span><\/div><div class=\"fusion-text fusion-text-2\"><p style=\"text-align: justify; color: #000000;\">La dise\u00f1adora chilena comenz\u00f3 su marca en el a\u00f1o 2015, tras regresar a Chile luego de estudiar en el Instituto Marangoni de Mil\u00e1n. Desde sus inicios, ha creado prendas de pr\u00eat-\u00e0-porter, en las que el dise\u00f1o, el color y la sostenibilidad han sido sus pilares.<\/p>\n<p style=\"text-align: justify;\"><span style=\"color: #000000;\">La colecci\u00f3n <\/span><strong style=\"color: #000000;\">AKWA SS23<\/strong><span style=\"color: #000000;\"> (primavera-verano), est\u00e1 inspirada en \u201clos cursos de agua que recorren los cuerpos terrestres para nutrirlos de vida\u201d, transformando el movimiento de los mismos, en estampados abstractos y llenos de color, se\u00f1ala en un comunicado.<\/span><\/p>\n<\/div><div class=\"fusion-image-element\" style=\"text-align:center;--awb-margin-top:20px;--awb-margin-bottom:40px;--awb-caption-title-font-family:var(--h2_typography-font-family);--awb-caption-title-font-weight:var(--h2_typography-font-weight);--awb-caption-title-font-style:var(--h2_typography-font-style);--awb-caption-title-size:var(--h2_typography-font-size);--awb-caption-title-transform:var(--h2_typography-text-transform);--awb-caption-title-line-height:var(--h2_typography-line-height);--awb-caption-title-letter-spacing:var(--h2_typography-letter-spacing);\"><span class=\"fusion-imageframe imageframe-none imageframe-2 hover-type-none\"><img decoding=\"async\" width=\"2560\" height=\"2048\" title=\"L.H.202314286\" data-src=\"https:\/\/universomola.com\/wp-content\/uploads\/2022\/10\/L.H.202314286.jpg\" alt class=\"img-responsive wp-image-14140 lazyload\" src=\"data:image\/svg+xml;base64,PHN2ZyB3aWR0aD0iMSIgaGVpZ2h0PSIxIiB4bWxucz0iaHR0cDovL3d3dy53My5vcmcvMjAwMC9zdmciPjwvc3ZnPg==\" style=\"--smush-placeholder-width: 2560px; --smush-placeholder-aspect-ratio: 2560\/2048;\" \/><\/span><\/div><div class=\"fusion-text fusion-text-3\"><p style=\"text-align: justify;\"><span style=\"color: #000000;\">Para <\/span><strong style=\"color: #000000;\"><a href=\"https:\/\/www.instagram.com\/loraineholmes_official\/\"><u>Loraine Holmes<\/u><\/a><\/strong><span style=\"color: #000000;\">, la sostenibilidad forma parte integrante de sus colecciones, creando piezas vers\u00e1tiles y modulables, al contar con piezas desmontables. La idea es que \u00e9stas puedan ser usadas durante todo el a\u00f1o y como pueden ser lavadas por partes, permiten un mayor ahorro de agua.<\/span><\/p>\n<\/div><div class=\"fusion-image-element\" style=\"text-align:center;--awb-margin-top:20px;--awb-margin-bottom:20px;--awb-caption-title-font-family:var(--h2_typography-font-family);--awb-caption-title-font-weight:var(--h2_typography-font-weight);--awb-caption-title-font-style:var(--h2_typography-font-style);--awb-caption-title-size:var(--h2_typography-font-size);--awb-caption-title-transform:var(--h2_typography-text-transform);--awb-caption-title-line-height:var(--h2_typography-line-height);--awb-caption-title-letter-spacing:var(--h2_typography-letter-spacing);\"><span class=\"fusion-imageframe imageframe-none imageframe-3 hover-type-none\"><img decoding=\"async\" width=\"2560\" height=\"1707\" title=\"L.H.202314414\" data-src=\"https:\/\/universomola.com\/wp-content\/uploads\/2022\/10\/L.H.202314414-scaled.jpg\" alt class=\"img-responsive wp-image-14138 lazyload\" data-srcset=\"https:\/\/universomola.com\/wp-content\/uploads\/2022\/10\/L.H.202314414-300x200.jpg 300w, https:\/\/universomola.com\/wp-content\/uploads\/2022\/10\/L.H.202314414-768x512.jpg 768w, https:\/\/universomola.com\/wp-content\/uploads\/2022\/10\/L.H.202314414-1024x683.jpg 1024w, https:\/\/universomola.com\/wp-content\/uploads\/2022\/10\/L.H.202314414-1536x1024.jpg 1536w, https:\/\/universomola.com\/wp-content\/uploads\/2022\/10\/L.H.202314414-scaled.jpg 2560w\" data-sizes=\"(max-width: 2560px) 100vw, 2560px\" src=\"data:image\/svg+xml;base64,PHN2ZyB3aWR0aD0iMSIgaGVpZ2h0PSIxIiB4bWxucz0iaHR0cDovL3d3dy53My5vcmcvMjAwMC9zdmciPjwvc3ZnPg==\" style=\"--smush-placeholder-width: 2560px; --smush-placeholder-aspect-ratio: 2560\/1707;\" \/><\/span><\/div><div class=\"fusion-text fusion-text-4\"><p style=\"text-align: justify; color: #000000;\"><span style=\"background-color: rgba(255, 255, 255, 0); font-family: var(--body_typography-font-family); font-size: var(--body_typography-font-size); font-style: var(--body_typography-font-style,normal); font-weight: var(--body_typography-font-weight); letter-spacing: var(--body_typography-letter-spacing);\">Asimismo, la dise\u00f1adora pone especial atenci\u00f3n en las materias primas utilizadas, privilegiando la producci\u00f3n local (Chile) y el uso de telas fabricadas en Latinoam\u00e9rica, que cuentan con certificaciones que aseguran el respeto del medio ambiente y de los derechos laborales.<\/span><\/p>\n<p style=\"text-align: justify; color: #000000;\">Esta marca cuenta adem\u00e1s, con un sistema de ventas de pre-order, que permite que sus clientas puedan obtener descuentos especiales. El objetivo es \u201cproducir s\u00f3lo lo que se vende, y a su vez, otorgar el beneficio de que mientras antes compras, menos pagas. Reducir el sobre stock, nos permite a su vez, llegar a precios finales m\u00e1s bajos, por lo tanto, es un modelo donde todos ganan\u201d, comenta Holmes.<\/p>\n<p style=\"text-align: justify; color: #000000;\">\n<p style=\"text-align: justify; color: #848484;\"><b>Cr\u00e9ditos fotograf\u00edas: Daniel Toledo<\/b><\/p>\n<\/div><\/div><\/div><\/div><\/div>","protected":false},"excerpt":{"rendered":"","protected":false},"author":9,"featured_media":14142,"comment_status":"open","ping_status":"open","sticky":false,"template":"","format":"standard","meta":{"_monsterinsights_skip_tracking":false,"_monsterinsights_sitenote_active":false,"_monsterinsights_sitenote_note":"","_monsterinsights_sitenote_category":0,"footnotes":""},"categories":[183],"tags":[219,221,47,220,218,217,222],"class_list":["post-14135","post","type-post","status-publish","format-standard","has-post-thumbnail","hentry","category-noti-mola-news","tag-diseno-chileno","tag-diseno-modular","tag-moda-sostenible","tag-mola-news","tag-semana-de-la-moda","tag-slow-fashion","tag-zero-waste"],"_links":{"self":[{"href":"https:\/\/universomola.com\/en\/wp-json\/wp\/v2\/posts\/14135","targetHints":{"allow":["GET"]}}],"collection":[{"href":"https:\/\/universomola.com\/en\/wp-json\/wp\/v2\/posts"}],"about":[{"href":"https:\/\/universomola.com\/en\/wp-json\/wp\/v2\/types\/post"}],"author":[{"embeddable":true,"href":"https:\/\/universomola.com\/en\/wp-json\/wp\/v2\/users\/9"}],"replies":[{"embeddable":true,"href":"https:\/\/universomola.com\/en\/wp-json\/wp\/v2\/comments?post=14135"}],"version-history":[{"count":11,"href":"https:\/\/universomola.com\/en\/wp-json\/wp\/v2\/posts\/14135\/revisions"}],"predecessor-version":[{"id":14150,"href":"https:\/\/universomola.com\/en\/wp-json\/wp\/v2\/posts\/14135\/revisions\/14150"}],"wp:featuredmedia":[{"embeddable":true,"href":"https:\/\/universomola.com\/en\/wp-json\/wp\/v2\/media\/14142"}],"wp:attachment":[{"href":"https:\/\/universomola.com\/en\/wp-json\/wp\/v2\/media?parent=14135"}],"wp:term":[{"taxonomy":"category","embeddable":true,"href":"https:\/\/universomola.com\/en\/wp-json\/wp\/v2\/categories?post=14135"},{"taxonomy":"post_tag","embeddable":true,"href":"https:\/\/universomola.com\/en\/wp-json\/wp\/v2\/tags?post=14135"}],"curies":[{"name":"wp","href":"https:\/\/api.w.org\/{rel}","templated":true}]}}