{"id":14613,"date":"2022-11-16T08:00:28","date_gmt":"2022-11-16T11:00:28","guid":{"rendered":"https:\/\/universomola.com\/?p=14613"},"modified":"2022-11-16T20:30:50","modified_gmt":"2022-11-16T23:30:50","slug":"se-abre-la-convocatoria-para-universo-mola-fashion-week-2023-en-punta-del-este-uruguay","status":"publish","type":"post","link":"https:\/\/universomola.com\/en\/se-abre-la-convocatoria-para-universo-mola-fashion-week-2023-en-punta-del-este-uruguay\/","title":{"rendered":"Se abre la convocatoria para Universo Mola Fashion Week 2023 en Punta del Este, Uruguay."},"content":{"rendered":"<div class=\"fusion-fullwidth fullwidth-box fusion-builder-row-1 fusion-flex-container nonhundred-percent-fullwidth non-hundred-percent-height-scrolling\" style=\"--awb-border-radius-top-left:0px;--awb-border-radius-top-right:0px;--awb-border-radius-bottom-right:0px;--awb-border-radius-bottom-left:0px;--awb-padding-bottom:0%;--awb-flex-wrap:wrap;\" ><div class=\"fusion-builder-row fusion-row fusion-flex-align-items-center fusion-flex-content-wrap\" style=\"max-width:calc( 1200px + 0px );margin-left: calc(-0px \/ 2 );margin-right: calc(-0px \/ 2 );\"><div class=\"fusion-layout-column fusion_builder_column fusion-builder-column-0 fusion_builder_column_1_1 1_1 fusion-flex-column\" style=\"--awb-bg-size:cover;--awb-width-large:100%;--awb-margin-top-large:0px;--awb-spacing-right-large:0px;--awb-margin-bottom-large:0px;--awb-spacing-left-large:0px;--awb-width-medium:100%;--awb-spacing-right-medium:0px;--awb-spacing-left-medium:0px;--awb-width-small:100%;--awb-spacing-right-small:0px;--awb-spacing-left-small:0px;\"><div class=\"fusion-column-wrapper fusion-flex-justify-content-flex-start fusion-content-layout-column\"><div class=\"fusion-text fusion-text-1\"><p>Por M\u00f3nica C\u00f3rdova @moniblom<\/p>\n<p style=\"text-align: justify;\"><b style=\"color: #000000;\"><u><a href=\"https:\/\/www.instagram.com\/_entresolesylunas\/\">La Fundaci\u00f3n Entre Soles y Lunas<\/a><\/u><\/b><span style=\"font-weight: 400; color: #000000;\">, con sede en Montevideo, Uruguay, a trav\u00e9s de su programa Universo MOLA, el movimiento internacional de moda sostenible latinoamericana, presentan la convocatoria para la pr\u00f3xima edici\u00f3n de Universo MOLA Fashion Week, que se realizar\u00e1 en la ciudad de Punta del Este, del 30 de marzo al 3 de abril del 2023.<\/span><\/p>\n<p style=\"text-align: justify;\"><b style=\"color: #000000;\"><u><a href=\"https:\/\/www.instagram.com\/universomola\/\">Universo MOLA<\/a><\/u><\/b><span style=\"font-weight: 400; color: #000000;\">, abre la convocatoria para aquellas marcas, dise\u00f1adores y artesanos, interesados en participar en la Semana de la Moda Sostenible Latinoamericana, <\/span><b style=\"color: #000000;\"><u><a href=\"https:\/\/www.instagram.com\/molafashionweek\/?hl=es\">Universo MOLA Fashion Week 2023<\/a><\/u><\/b><span style=\"font-weight: 400; color: #000000;\">. Universo MOLA Fashion Week ofrece la posibilidad de exponer el talento a expertos conocedores de la industria, crear nuevas oportunidades y redes de negocio, y convivir con el gremio de la moda sostenible para aportar y generar contenido.<\/span><\/p>\n<\/div><div class=\"fusion-image-element\" style=\"text-align:center;--awb-margin-top:20px;--awb-margin-bottom:30px;--awb-caption-title-font-family:var(--h2_typography-font-family);--awb-caption-title-font-weight:var(--h2_typography-font-weight);--awb-caption-title-font-style:var(--h2_typography-font-style);--awb-caption-title-size:var(--h2_typography-font-size);--awb-caption-title-transform:var(--h2_typography-text-transform);--awb-caption-title-line-height:var(--h2_typography-line-height);--awb-caption-title-letter-spacing:var(--h2_typography-letter-spacing);\"><span class=\"fusion-imageframe imageframe-none imageframe-1 hover-type-none\"><img decoding=\"async\" width=\"1695\" height=\"2560\" title=\"F\u00c1TIMA VELAZCO 4\" data-src=\"https:\/\/universomola.com\/wp-content\/uploads\/2022\/11\/FATIMA-VELAZCO-4-scaled.jpg\" alt class=\"img-responsive wp-image-14622 lazyload\" data-srcset=\"https:\/\/universomola.com\/wp-content\/uploads\/2022\/11\/FATIMA-VELAZCO-4-199x300.jpg 199w, https:\/\/universomola.com\/wp-content\/uploads\/2022\/11\/FATIMA-VELAZCO-4-678x1024.jpg 678w, https:\/\/universomola.com\/wp-content\/uploads\/2022\/11\/FATIMA-VELAZCO-4-768x1160.jpg 768w, https:\/\/universomola.com\/wp-content\/uploads\/2022\/11\/FATIMA-VELAZCO-4-1017x1536.jpg 1017w, https:\/\/universomola.com\/wp-content\/uploads\/2022\/11\/FATIMA-VELAZCO-4-scaled.jpg 1695w\" data-sizes=\"(max-width: 1695px) 100vw, 1695px\" src=\"data:image\/svg+xml;base64,PHN2ZyB3aWR0aD0iMSIgaGVpZ2h0PSIxIiB4bWxucz0iaHR0cDovL3d3dy53My5vcmcvMjAwMC9zdmciPjwvc3ZnPg==\" style=\"--smush-placeholder-width: 1695px; --smush-placeholder-aspect-ratio: 1695\/2560;\" \/><\/span><\/div><div class=\"fusion-text fusion-text-2\"><p style=\"text-align: justify;\"><span style=\"font-weight: 400; color: #000000;\">La Semana de la Moda Sostenible Latinoamericana, tiene como objetivos ser el punto de encuentro y conexi\u00f3n internacional de la industria de la moda latinoamericana enfocada hacia la sostenibilidad, activar la econom\u00eda regional a trav\u00e9s de la moda y visibilizar los proyectos, instituciones y organizaciones enfocadas hacia la sostenibilidad a nivel latinoamericano.<\/span><\/p>\n<p style=\"text-align: justify;\"><span style=\"font-weight: 400; color: #000000;\">Universo MOLA Fashion Week, lanza su convocatoria para aquellas marcas, dise\u00f1adores, creadores y artesanos latinoamericanos que buscan impulsar sus propuestas dentro del movimiento de moda sostenible, adem\u00e1s de contar con una cadena justa de elaboraci\u00f3n en sus procesos. As\u00ed mismo, las marcas podr\u00e1n participar en los conversatorios y talleres de aprendizaje para elevar sus conocimientos, y hacer <\/span><i><span style=\"font-weight: 400; color: #000000;\">networking<\/span><\/i><span style=\"font-weight: 400; color: #000000;\"> entre las diferentes empresas y expertos asistentes.<\/span><\/p>\n<\/div><div class=\"fusion-image-element\" style=\"text-align:center;--awb-margin-top:20px;--awb-margin-bottom:30px;--awb-caption-title-font-family:var(--h2_typography-font-family);--awb-caption-title-font-weight:var(--h2_typography-font-weight);--awb-caption-title-font-style:var(--h2_typography-font-style);--awb-caption-title-size:var(--h2_typography-font-size);--awb-caption-title-transform:var(--h2_typography-text-transform);--awb-caption-title-line-height:var(--h2_typography-line-height);--awb-caption-title-letter-spacing:var(--h2_typography-letter-spacing);\"><span class=\"fusion-imageframe imageframe-none imageframe-2 hover-type-none\"><img decoding=\"async\" title=\"F\u00c1TIMA VELAZCO 5\" data-src=\"https:\/\/universomola.com\/wp-content\/uploads\/2022\/11\/FATIMA-VELAZCO-5.jpg\" alt class=\"img-responsive wp-image-14618 lazyload\" src=\"data:image\/svg+xml;base64,PHN2ZyB3aWR0aD0iMSIgaGVpZ2h0PSIxIiB4bWxucz0iaHR0cDovL3d3dy53My5vcmcvMjAwMC9zdmciPjwvc3ZnPg==\" style=\"--smush-placeholder-width: 3245px; --smush-placeholder-aspect-ratio: 3245\/4867;\" \/><\/span><\/div><div class=\"fusion-text fusion-text-3\"><p style=\"text-align: justify;\"><span style=\"background-color: rgba(255, 255, 255, 0); font-family: var(--body_typography-font-family); font-size: var(--body_typography-font-size); font-style: var(--body_typography-font-style,normal); letter-spacing: var(--body_typography-letter-spacing); color: #000000;\">Las marcas y dise\u00f1adores que deseen inscribirse podr\u00e1n participar en actividades como <\/span><i style=\"background-color: rgba(255, 255, 255, 0); color: var(--body_typography-color); font-family: var(--body_typography-font-family); font-size: var(--body_typography-font-size); font-weight: var(--body_typography-font-weight); letter-spacing: var(--body_typography-letter-spacing);\"><span style=\"color: #000000;\">Fashion Manifesto<\/span><\/i><span style=\"background-color: rgba(255, 255, 255, 0); font-family: var(--body_typography-font-family); font-size: var(--body_typography-font-size); font-style: var(--body_typography-font-style,normal); letter-spacing: var(--body_typography-letter-spacing); color: #000000;\"> (pasarelas), galer\u00edas (espacio de exhibici\u00f3n y potencial venta) y <\/span><i style=\"background-color: rgba(255, 255, 255, 0); color: var(--body_typography-color); font-family: var(--body_typography-font-family); font-size: var(--body_typography-font-size); font-weight: var(--body_typography-font-weight); letter-spacing: var(--body_typography-letter-spacing);\"><span style=\"color: #000000;\">Fashion Film<\/span><\/i><span style=\"background-color: rgba(255, 255, 255, 0); font-family: var(--body_typography-font-family); font-size: var(--body_typography-font-size); font-style: var(--body_typography-font-style,normal); letter-spacing: var(--body_typography-letter-spacing); color: #000000;\"> (v\u00eddeo de la marca denotando lugar de procedencia y procesos), promocionales que ser\u00e1n mostrados en las diversas redes sociales de Universo MOLA, as\u00ed como en la galer\u00eda.<\/span><\/p>\n<p style=\"text-align: justify;\"><span style=\"font-weight: 400; color: #000000;\">Este gran evento, \u00fanico en su realizaci\u00f3n en Am\u00e9rica Latina, se apropia de <\/span><b style=\"color: #000000;\">Punta del Este<\/b><span style=\"font-weight: 400; color: #000000;\">, Uruguay, para democratizar el conocimiento, denotar la importancia de la moda sostenible y las tem\u00e1ticas que la rodean. As\u00ed como, reconocer a dise\u00f1adores, emprendimientos y productores en la cadena de valor de la industria textil y la moda.<\/span><\/p>\n<\/div><div class=\"fusion-image-element\" style=\"text-align:center;--awb-margin-top:20px;--awb-margin-bottom:30px;--awb-caption-title-font-family:var(--h2_typography-font-family);--awb-caption-title-font-weight:var(--h2_typography-font-weight);--awb-caption-title-font-style:var(--h2_typography-font-style);--awb-caption-title-size:var(--h2_typography-font-size);--awb-caption-title-transform:var(--h2_typography-text-transform);--awb-caption-title-line-height:var(--h2_typography-line-height);--awb-caption-title-letter-spacing:var(--h2_typography-letter-spacing);\"><span class=\"fusion-imageframe imageframe-none imageframe-3 hover-type-none\"><img decoding=\"async\" width=\"1024\" height=\"1280\" title=\"photo1667862930\" data-src=\"https:\/\/universomola.com\/wp-content\/uploads\/2022\/11\/photo1667862930.jpeg\" alt class=\"img-responsive wp-image-14625 lazyload\" data-srcset=\"https:\/\/universomola.com\/wp-content\/uploads\/2022\/11\/photo1667862930-200x250.jpeg 200w, https:\/\/universomola.com\/wp-content\/uploads\/2022\/11\/photo1667862930-400x500.jpeg 400w, https:\/\/universomola.com\/wp-content\/uploads\/2022\/11\/photo1667862930-600x750.jpeg 600w, https:\/\/universomola.com\/wp-content\/uploads\/2022\/11\/photo1667862930-800x1000.jpeg 800w, https:\/\/universomola.com\/wp-content\/uploads\/2022\/11\/photo1667862930.jpeg 1024w\" data-sizes=\"(max-width: 875px) 100vw, (max-width: 620px) 100vw, 1024px\" src=\"data:image\/svg+xml;base64,PHN2ZyB3aWR0aD0iMSIgaGVpZ2h0PSIxIiB4bWxucz0iaHR0cDovL3d3dy53My5vcmcvMjAwMC9zdmciPjwvc3ZnPg==\" style=\"--smush-placeholder-width: 1024px; --smush-placeholder-aspect-ratio: 1024\/1280;\" \/><\/span><\/div><div class=\"fusion-text fusion-text-4\"><p style=\"text-align: justify;\"><span style=\"background-color: rgba(255, 255, 255, 0); font-family: var(--body_typography-font-family); font-size: var(--body_typography-font-size); font-style: var(--body_typography-font-style,normal); letter-spacing: var(--body_typography-letter-spacing); color: #000000;\">Esta \u00faltima, <\/span><b style=\"background-color: rgba(255, 255, 255, 0); font-family: var(--body_typography-font-family); font-size: var(--body_typography-font-size); font-style: var(--body_typography-font-style,normal); letter-spacing: var(--body_typography-letter-spacing); color: #000000;\">Universo MOLA Fashion Week 2023<\/b><span style=\"background-color: rgba(255, 255, 255, 0); font-family: var(--body_typography-font-family); font-size: var(--body_typography-font-size); font-style: var(--body_typography-font-style,normal); letter-spacing: var(--body_typography-letter-spacing); color: #000000;\">, contar\u00e1 con una serie de actividades como desfiles, exhibiciones, muestras culturales y de arte, foros acad\u00e9micos, conversatorios, talleres y la alfombra MOLA. El evento cuenta con un alcance de 5 millones de visitas digitales, 10 mil visitas en forma presencial y trascendencia en toda Am\u00e9rica y Europa.<\/span><\/p>\n<p style=\"text-align: justify;\"><span style=\"font-weight: 400; color: #000000;\">Durante los d\u00edas de entrenamiento, en <\/span><b style=\"color: #000000;\">MOLA Fashion Day<\/b><span style=\"font-weight: 400; color: #000000;\">, se presentaron diversas marcas y dise\u00f1adores (becados por la Fundaci\u00f3n Entre Soles y Lunas) para su formaci\u00f3n en torno a Universo MOLA Fashion Week 2023, sin embargo, la convocatoria se ampl\u00eda para continuar abriendo m\u00e1s espacios para aquellos interesados en potenciar sus trabajos y aumentar la proyecci\u00f3n de la moda regional.<\/span><\/p>\n<\/div><div class=\"fusion-image-element\" style=\"text-align:center;--awb-margin-top:20px;--awb-margin-bottom:30px;--awb-caption-title-font-family:var(--h2_typography-font-family);--awb-caption-title-font-weight:var(--h2_typography-font-weight);--awb-caption-title-font-style:var(--h2_typography-font-style);--awb-caption-title-size:var(--h2_typography-font-size);--awb-caption-title-transform:var(--h2_typography-text-transform);--awb-caption-title-line-height:var(--h2_typography-line-height);--awb-caption-title-letter-spacing:var(--h2_typography-letter-spacing);\"><span class=\"fusion-imageframe imageframe-none imageframe-4 hover-type-none\"><img decoding=\"async\" width=\"2560\" height=\"1709\" title=\"MAJO CASAC\u00d3\" data-src=\"https:\/\/universomola.com\/wp-content\/uploads\/2022\/11\/MAJO-CASACO.jpg\" alt class=\"img-responsive wp-image-14620 lazyload\" src=\"data:image\/svg+xml;base64,PHN2ZyB3aWR0aD0iMSIgaGVpZ2h0PSIxIiB4bWxucz0iaHR0cDovL3d3dy53My5vcmcvMjAwMC9zdmciPjwvc3ZnPg==\" style=\"--smush-placeholder-width: 2560px; --smush-placeholder-aspect-ratio: 2560\/1709;\" \/><\/span><\/div><div class=\"fusion-text fusion-text-5\"><p style=\"text-align: justify;\"><span style=\"color: #000000; background-color: rgba(255, 255, 255, 0); font-family: var(--body_typography-font-family); font-size: var(--body_typography-font-size); font-style: var(--body_typography-font-style,normal); letter-spacing: var(--body_typography-letter-spacing);\">La Fundaci\u00f3n Entre Soles y Lunas, trabajando desde su qu\u00edntuple impacto, tiene especial inter\u00e9s en visibilizar y dar espacio a la integraci\u00f3n de nuestro patrimonio cultural latinoamericano y mundial. Esta diversidad y riqueza hace del mundo de la moda, especialmente enfocada hacia la sostenibilidad y regeneraci\u00f3n, un espacio de desarrollo y potencia.<\/span><\/p>\n<p style=\"text-align: justify;\"><span style=\"font-weight: 400; color: #000000;\">La convocatoria tiene un plazo de inscripci\u00f3n hasta febrero del 2023. <\/span><\/p>\n<p><b>CR\u00c9DITOS DE LAS IM\u00c1GENES: <span style=\"background-color: rgba(255, 255, 255, 0); color: var(--body_typography-color); font-family: var(--body_typography-font-family); font-size: var(--body_typography-font-size); font-style: var(--body_typography-font-style,normal); letter-spacing: var(--body_typography-letter-spacing);\">F\u00e1tima Velazco y Majo Casac\u00f3<\/span><\/b><\/p>\n<\/div><\/div><\/div><\/div><\/div>","protected":false},"excerpt":{"rendered":"","protected":false},"author":9,"featured_media":14627,"comment_status":"open","ping_status":"open","sticky":false,"template":"","format":"standard","meta":{"_monsterinsights_skip_tracking":false,"_monsterinsights_sitenote_active":false,"_monsterinsights_sitenote_note":"","_monsterinsights_sitenote_category":0,"footnotes":""},"categories":[183],"tags":[223,89,47,225,217,224,226],"class_list":["post-14613","post","type-post","status-publish","format-standard","has-post-thumbnail","hentry","category-noti-mola-news","tag-diseno-de-moda","tag-moda-etica","tag-moda-sostenible","tag-mola-fashion-week","tag-slow-fashion","tag-sostenibilidad","tag-uruguay"],"_links":{"self":[{"href":"https:\/\/universomola.com\/en\/wp-json\/wp\/v2\/posts\/14613","targetHints":{"allow":["GET"]}}],"collection":[{"href":"https:\/\/universomola.com\/en\/wp-json\/wp\/v2\/posts"}],"about":[{"href":"https:\/\/universomola.com\/en\/wp-json\/wp\/v2\/types\/post"}],"author":[{"embeddable":true,"href":"https:\/\/universomola.com\/en\/wp-json\/wp\/v2\/users\/9"}],"replies":[{"embeddable":true,"href":"https:\/\/universomola.com\/en\/wp-json\/wp\/v2\/comments?post=14613"}],"version-history":[{"count":5,"href":"https:\/\/universomola.com\/en\/wp-json\/wp\/v2\/posts\/14613\/revisions"}],"predecessor-version":[{"id":14641,"href":"https:\/\/universomola.com\/en\/wp-json\/wp\/v2\/posts\/14613\/revisions\/14641"}],"wp:featuredmedia":[{"embeddable":true,"href":"https:\/\/universomola.com\/en\/wp-json\/wp\/v2\/media\/14627"}],"wp:attachment":[{"href":"https:\/\/universomola.com\/en\/wp-json\/wp\/v2\/media?parent=14613"}],"wp:term":[{"taxonomy":"category","embeddable":true,"href":"https:\/\/universomola.com\/en\/wp-json\/wp\/v2\/categories?post=14613"},{"taxonomy":"post_tag","embeddable":true,"href":"https:\/\/universomola.com\/en\/wp-json\/wp\/v2\/tags?post=14613"}],"curies":[{"name":"wp","href":"https:\/\/api.w.org\/{rel}","templated":true}]}}