{"id":14629,"date":"2022-11-18T08:00:22","date_gmt":"2022-11-18T11:00:22","guid":{"rendered":"https:\/\/universomola.com\/?p=14629"},"modified":"2022-11-17T19:41:44","modified_gmt":"2022-11-17T22:41:44","slug":"universo-mola-abre-las-puertas-a-la-moda-sostenible-venezolana","status":"publish","type":"post","link":"https:\/\/universomola.com\/en\/universo-mola-abre-las-puertas-a-la-moda-sostenible-venezolana\/","title":{"rendered":"Universo MOLA abre las puertas a la moda sostenible venezolana."},"content":{"rendered":"<div class=\"fusion-fullwidth fullwidth-box fusion-builder-row-1 fusion-flex-container nonhundred-percent-fullwidth non-hundred-percent-height-scrolling\" style=\"--awb-border-radius-top-left:0px;--awb-border-radius-top-right:0px;--awb-border-radius-bottom-right:0px;--awb-border-radius-bottom-left:0px;--awb-flex-wrap:wrap;\" ><div class=\"fusion-builder-row fusion-row fusion-flex-align-items-flex-start fusion-flex-content-wrap\" style=\"max-width:calc( 1200px + 0px );margin-left: calc(-0px \/ 2 );margin-right: calc(-0px \/ 2 );\"><div class=\"fusion-layout-column fusion_builder_column fusion-builder-column-0 fusion_builder_column_1_1 1_1 fusion-flex-column\" style=\"--awb-bg-size:cover;--awb-width-large:100%;--awb-margin-top-large:0px;--awb-spacing-right-large:0px;--awb-margin-bottom-large:0px;--awb-spacing-left-large:0px;--awb-width-medium:100%;--awb-spacing-right-medium:0px;--awb-spacing-left-medium:0px;--awb-width-small:100%;--awb-spacing-right-small:0px;--awb-spacing-left-small:0px;\"><div class=\"fusion-column-wrapper fusion-flex-justify-content-flex-start fusion-content-layout-column\"><div class=\"fusion-text fusion-text-1\"><p>Por Carolina Ortiz Jerez. @carolinaortizjerez<\/p>\n<p><span style=\"color: #000000;\">Con el fin de abrir la conversaci\u00f3n hacia la sostenibilidad con la comunidad de moda sostenible de Venezuela, el programa <\/span><b style=\"color: #000000;\"><a href=\"https:\/\/www.instagram.com\/universomola\/\"><u>Universo MOLA<\/u><\/a><\/b><span style=\"color: #000000;\">, junto con <\/span><b style=\"color: #000000;\"><u><a href=\"https:\/\/www.instagram.com\/viable_latam\">Viable Latam<\/a><\/u><\/b><span style=\"color: #000000;\"> and <\/span><b style=\"color: #000000;\"><u><a href=\"https:\/\/www.instagram.com\/fash_rev_venezuela\/\">Fashion Revolution Venezuela<\/a><\/u><\/b><span style=\"color: #000000;\">, realizaron el primer <\/span><b style=\"color: #000000;\">taller MOLA Venezuela<\/b><span style=\"color: #000000;\">, el d\u00eda 3 de noviembre en la ciudad de Caracas.<\/span><\/p>\n<p><span style=\"font-weight: 400; color: #000000;\">Con un total de 12 participantes, entre las que se contaban dise\u00f1adoras, artesanas y profesionales de la industria de la moda sostenible, <\/span><b style=\"color: #000000;\">MOLA Venezuela<\/b><span style=\"font-weight: 400; color: #000000;\"> es el primer encuentro de este tipo en dicho pa\u00eds.<\/span><\/p>\n<\/div><div class=\"fusion-image-element\" style=\"text-align:center;--awb-margin-top:30px;--awb-margin-bottom:40px;--awb-caption-title-font-family:var(--h2_typography-font-family);--awb-caption-title-font-weight:var(--h2_typography-font-weight);--awb-caption-title-font-style:var(--h2_typography-font-style);--awb-caption-title-size:var(--h2_typography-font-size);--awb-caption-title-transform:var(--h2_typography-text-transform);--awb-caption-title-line-height:var(--h2_typography-line-height);--awb-caption-title-letter-spacing:var(--h2_typography-letter-spacing);\"><span class=\"fusion-imageframe imageframe-none imageframe-1 hover-type-none\"><img decoding=\"async\" width=\"1280\" height=\"960\" title=\"Karla Tovar en taller MOLA\" data-src=\"https:\/\/universomola.com\/wp-content\/uploads\/2022\/11\/Karla-Tovar-en-taller-MOLA.jpeg\" alt class=\"img-responsive wp-image-14635 lazyload\" data-srcset=\"https:\/\/universomola.com\/wp-content\/uploads\/2022\/11\/Karla-Tovar-en-taller-MOLA-200x150.jpeg 200w, https:\/\/universomola.com\/wp-content\/uploads\/2022\/11\/Karla-Tovar-en-taller-MOLA-400x300.jpeg 400w, https:\/\/universomola.com\/wp-content\/uploads\/2022\/11\/Karla-Tovar-en-taller-MOLA-600x450.jpeg 600w, https:\/\/universomola.com\/wp-content\/uploads\/2022\/11\/Karla-Tovar-en-taller-MOLA-800x600.jpeg 800w, https:\/\/universomola.com\/wp-content\/uploads\/2022\/11\/Karla-Tovar-en-taller-MOLA-1200x900.jpeg 1200w, https:\/\/universomola.com\/wp-content\/uploads\/2022\/11\/Karla-Tovar-en-taller-MOLA.jpeg 1280w\" data-sizes=\"(max-width: 875px) 100vw, (max-width: 620px) 100vw, 1280px\" src=\"data:image\/svg+xml;base64,PHN2ZyB3aWR0aD0iMSIgaGVpZ2h0PSIxIiB4bWxucz0iaHR0cDovL3d3dy53My5vcmcvMjAwMC9zdmciPjwvc3ZnPg==\" style=\"--smush-placeholder-width: 1280px; --smush-placeholder-aspect-ratio: 1280\/960;\" \/><\/span><\/div><div class=\"fusion-text fusion-text-2\"><p><span style=\"background-color: rgba(255, 255, 255, 0); font-family: var(--body_typography-font-family); font-size: var(--body_typography-font-size); font-style: var(--body_typography-font-style,normal); letter-spacing: var(--body_typography-letter-spacing); color: #000000;\">Para <\/span><b style=\"background-color: rgba(255, 255, 255, 0); color: var(--body_typography-color); font-family: var(--body_typography-font-family); font-size: var(--body_typography-font-size); font-style: var(--body_typography-font-style,normal); letter-spacing: var(--body_typography-letter-spacing);\"><i><span style=\"color: #000000;\">M\u00f3nica S\u00e1nchez,<\/span><\/i><\/b><span style=\"background-color: rgba(255, 255, 255, 0); font-family: var(--body_typography-font-family); font-size: var(--body_typography-font-size); font-style: var(--body_typography-font-style,normal); letter-spacing: var(--body_typography-letter-spacing); color: #000000;\"> dise\u00f1adora de la marca de trajes de ba\u00f1o <\/span><b style=\"background-color: rgba(255, 255, 255, 0); font-family: var(--body_typography-font-family); font-size: var(--body_typography-font-size); font-style: var(--body_typography-font-style,normal); letter-spacing: var(--body_typography-letter-spacing); color: #000000;\"><u><a href=\"https:\/\/www.instagram.com\/sunmoonfp\/\">Sunmoonfp<\/a><\/u><\/b><span style=\"background-color: rgba(255, 255, 255, 0); font-family: var(--body_typography-font-family); font-size: var(--body_typography-font-size); font-style: var(--body_typography-font-style,normal); letter-spacing: var(--body_typography-letter-spacing); color: #000000;\">, este tipo de instancias \u201csirven para conectarnos e intercambiar ideas, para poder crecer mucho m\u00e1s entre todas\u201d.<\/span><\/p>\n<p><span style=\"font-weight: 400; color: #000000;\">Durante el evento, que se realiz\u00f3 en la Sala Cabrujas, la conversaci\u00f3n estuvo centrada tanto en las oportunidades que ofrecen el supra reciclaje como \u201cel tejido del futuro\u201d (upcycling) y el trabajo artesanal existente en el pa\u00eds para la industria de la moda Venezolana, as\u00ed como en la importancia de establecer contactos entre los distintos actores de la moda.<\/span><\/p>\n<\/div><div class=\"fusion-image-element\" style=\"text-align:center;--awb-margin-top:30px;--awb-margin-bottom:40px;--awb-caption-title-font-family:var(--h2_typography-font-family);--awb-caption-title-font-weight:var(--h2_typography-font-weight);--awb-caption-title-font-style:var(--h2_typography-font-style);--awb-caption-title-size:var(--h2_typography-font-size);--awb-caption-title-transform:var(--h2_typography-text-transform);--awb-caption-title-line-height:var(--h2_typography-line-height);--awb-caption-title-letter-spacing:var(--h2_typography-letter-spacing);\"><span class=\"fusion-imageframe imageframe-none imageframe-2 hover-type-none\"><img decoding=\"async\" width=\"1280\" height=\"960\" title=\"Asistentes al taller MOLA Venezuela\" data-src=\"https:\/\/universomola.com\/wp-content\/uploads\/2022\/11\/Asistentes-al-taller-MOLA-Venezuela.jpeg\" alt class=\"img-responsive wp-image-14637 lazyload\" data-srcset=\"https:\/\/universomola.com\/wp-content\/uploads\/2022\/11\/Asistentes-al-taller-MOLA-Venezuela-200x150.jpeg 200w, https:\/\/universomola.com\/wp-content\/uploads\/2022\/11\/Asistentes-al-taller-MOLA-Venezuela-400x300.jpeg 400w, https:\/\/universomola.com\/wp-content\/uploads\/2022\/11\/Asistentes-al-taller-MOLA-Venezuela-600x450.jpeg 600w, https:\/\/universomola.com\/wp-content\/uploads\/2022\/11\/Asistentes-al-taller-MOLA-Venezuela-800x600.jpeg 800w, https:\/\/universomola.com\/wp-content\/uploads\/2022\/11\/Asistentes-al-taller-MOLA-Venezuela-1200x900.jpeg 1200w, https:\/\/universomola.com\/wp-content\/uploads\/2022\/11\/Asistentes-al-taller-MOLA-Venezuela.jpeg 1280w\" data-sizes=\"(max-width: 875px) 100vw, (max-width: 620px) 100vw, 1280px\" src=\"data:image\/svg+xml;base64,PHN2ZyB3aWR0aD0iMSIgaGVpZ2h0PSIxIiB4bWxucz0iaHR0cDovL3d3dy53My5vcmcvMjAwMC9zdmciPjwvc3ZnPg==\" style=\"--smush-placeholder-width: 1280px; --smush-placeholder-aspect-ratio: 1280\/960;\" \/><\/span><\/div><div class=\"fusion-text fusion-text-3\"><p><b style=\"background-color: rgba(255, 255, 255, 0); font-family: var(--body_typography-font-family); font-size: var(--body_typography-font-size); font-style: var(--body_typography-font-style,normal); letter-spacing: var(--body_typography-letter-spacing); color: #000000;\">Karla Tovar,<\/b><span style=\"background-color: rgba(255, 255, 255, 0); font-family: var(--body_typography-font-family); font-size: var(--body_typography-font-size); font-style: var(--body_typography-font-style,normal); letter-spacing: var(--body_typography-letter-spacing); color: #000000;\"> dise\u00f1adora y coordinadora del equipo voluntario de <\/span><b style=\"background-color: rgba(255, 255, 255, 0); font-family: var(--body_typography-font-family); font-size: var(--body_typography-font-size); font-style: var(--body_typography-font-style,normal); letter-spacing: var(--body_typography-letter-spacing); color: #000000;\"><u><a href=\"https:\/\/www.instagram.com\/fash_rev_venezuela\/\">Fashion Revolution Venezuela<\/a><\/u><\/b><span style=\"background-color: rgba(255, 255, 255, 0); font-family: var(--body_typography-font-family); font-size: var(--body_typography-font-size); font-style: var(--body_typography-font-style,normal); letter-spacing: var(--body_typography-letter-spacing); color: #000000;\">, felicit\u00f3 la realizaci\u00f3n de esta instancia ya que \u201cmuestra que las puertas de Latinoam\u00e9rica se est\u00e1n abriendo y que la sostenibilidad no es una moda, sino que tiene que ser un estilo de vida. Estoy convencida de que el futuro es colaborativo y que como bloque latinoamericano podremos lograr el cambio, si nos alineamos en valores y prop\u00f3sito\u201d.<\/span><\/p>\n<\/div><div class=\"fusion-image-element\" style=\"text-align:center;--awb-margin-top:30px;--awb-margin-bottom:40px;--awb-caption-title-font-family:var(--h2_typography-font-family);--awb-caption-title-font-weight:var(--h2_typography-font-weight);--awb-caption-title-font-style:var(--h2_typography-font-style);--awb-caption-title-size:var(--h2_typography-font-size);--awb-caption-title-transform:var(--h2_typography-text-transform);--awb-caption-title-line-height:var(--h2_typography-line-height);--awb-caption-title-letter-spacing:var(--h2_typography-letter-spacing);\"><span class=\"fusion-imageframe imageframe-none imageframe-3 hover-type-none\"><img decoding=\"async\" width=\"960\" height=\"1280\" title=\"Taller MOLA Venezuela y Fashion revolution\" data-src=\"https:\/\/universomola.com\/wp-content\/uploads\/2022\/11\/Taller-MOLA-Venezuela-y-Fashion-revolution.jpeg\" alt class=\"img-responsive wp-image-14636 lazyload\" data-srcset=\"https:\/\/universomola.com\/wp-content\/uploads\/2022\/11\/Taller-MOLA-Venezuela-y-Fashion-revolution-200x267.jpeg 200w, https:\/\/universomola.com\/wp-content\/uploads\/2022\/11\/Taller-MOLA-Venezuela-y-Fashion-revolution-400x533.jpeg 400w, https:\/\/universomola.com\/wp-content\/uploads\/2022\/11\/Taller-MOLA-Venezuela-y-Fashion-revolution-600x800.jpeg 600w, https:\/\/universomola.com\/wp-content\/uploads\/2022\/11\/Taller-MOLA-Venezuela-y-Fashion-revolution-800x1067.jpeg 800w, https:\/\/universomola.com\/wp-content\/uploads\/2022\/11\/Taller-MOLA-Venezuela-y-Fashion-revolution.jpeg 960w\" data-sizes=\"(max-width: 875px) 100vw, (max-width: 620px) 100vw, 960px\" src=\"data:image\/svg+xml;base64,PHN2ZyB3aWR0aD0iMSIgaGVpZ2h0PSIxIiB4bWxucz0iaHR0cDovL3d3dy53My5vcmcvMjAwMC9zdmciPjwvc3ZnPg==\" style=\"--smush-placeholder-width: 960px; --smush-placeholder-aspect-ratio: 960\/1280;\" \/><\/span><\/div><div class=\"fusion-text fusion-text-4\"><p><b style=\"background-color: rgba(255, 255, 255, 0); font-family: var(--body_typography-font-family); font-size: var(--body_typography-font-size); font-style: var(--body_typography-font-style,normal); letter-spacing: var(--body_typography-letter-spacing); color: #000000;\">MOLA Venezuela<\/b><span style=\"background-color: rgba(255, 255, 255, 0); font-family: var(--body_typography-font-family); font-size: var(--body_typography-font-size); font-style: var(--body_typography-font-style,normal); letter-spacing: var(--body_typography-letter-spacing); color: #000000;\"> busca ser la primera de muchas instancias en las que se contin\u00fae esta conversaci\u00f3n, con el fin de incluir dicho pa\u00eds en la comunidad de moda sostenible de Am\u00e9rica Latina.<\/span><\/p>\n<\/div><\/div><\/div><\/div><\/div>","protected":false},"excerpt":{"rendered":"","protected":false},"author":9,"featured_media":14631,"comment_status":"open","ping_status":"open","sticky":false,"template":"","format":"standard","meta":{"_monsterinsights_skip_tracking":false,"_monsterinsights_sitenote_active":false,"_monsterinsights_sitenote_note":"","_monsterinsights_sitenote_category":0,"footnotes":""},"categories":[183],"tags":[230,92,228,220,231,232,88,229],"class_list":["post-14629","post","type-post","status-publish","format-standard","has-post-thumbnail","hentry","category-noti-mola-news","tag-fashion-revolution","tag-moda-latinoamericana","tag-moda-venezolana","tag-mola-news","tag-mola-venezuela","tag-slowfashion","tag-universo-mola","tag-upycling"],"_links":{"self":[{"href":"https:\/\/universomola.com\/en\/wp-json\/wp\/v2\/posts\/14629","targetHints":{"allow":["GET"]}}],"collection":[{"href":"https:\/\/universomola.com\/en\/wp-json\/wp\/v2\/posts"}],"about":[{"href":"https:\/\/universomola.com\/en\/wp-json\/wp\/v2\/types\/post"}],"author":[{"embeddable":true,"href":"https:\/\/universomola.com\/en\/wp-json\/wp\/v2\/users\/9"}],"replies":[{"embeddable":true,"href":"https:\/\/universomola.com\/en\/wp-json\/wp\/v2\/comments?post=14629"}],"version-history":[{"count":5,"href":"https:\/\/universomola.com\/en\/wp-json\/wp\/v2\/posts\/14629\/revisions"}],"predecessor-version":[{"id":14640,"href":"https:\/\/universomola.com\/en\/wp-json\/wp\/v2\/posts\/14629\/revisions\/14640"}],"wp:featuredmedia":[{"embeddable":true,"href":"https:\/\/universomola.com\/en\/wp-json\/wp\/v2\/media\/14631"}],"wp:attachment":[{"href":"https:\/\/universomola.com\/en\/wp-json\/wp\/v2\/media?parent=14629"}],"wp:term":[{"taxonomy":"category","embeddable":true,"href":"https:\/\/universomola.com\/en\/wp-json\/wp\/v2\/categories?post=14629"},{"taxonomy":"post_tag","embeddable":true,"href":"https:\/\/universomola.com\/en\/wp-json\/wp\/v2\/tags?post=14629"}],"curies":[{"name":"wp","href":"https:\/\/api.w.org\/{rel}","templated":true}]}}