{"id":15266,"date":"2023-02-02T13:01:35","date_gmt":"2023-02-02T16:01:35","guid":{"rendered":"https:\/\/universomola.com\/?p=15266"},"modified":"2023-02-02T19:27:06","modified_gmt":"2023-02-02T22:27:06","slug":"entre-el-campo-y-la-ciudad-una-oportunidad","status":"publish","type":"post","link":"https:\/\/universomola.com\/en\/entre-el-campo-y-la-ciudad-una-oportunidad\/","title":{"rendered":"Entre el campo y la ciudad, una oportunidad"},"content":{"rendered":"<div class=\"fusion-fullwidth fullwidth-box fusion-builder-row-1 fusion-flex-container nonhundred-percent-fullwidth non-hundred-percent-height-scrolling\" style=\"--awb-border-radius-top-left:0px;--awb-border-radius-top-right:0px;--awb-border-radius-bottom-right:0px;--awb-border-radius-bottom-left:0px;--awb-padding-right-small:0px;--awb-padding-left-small:0px;--awb-margin-top-small:0px;--awb-flex-wrap:wrap;\" ><div class=\"fusion-builder-row fusion-row fusion-flex-align-items-flex-start fusion-flex-content-wrap\" style=\"max-width:calc( 1200px + 0px );margin-left: calc(-0px \/ 2 );margin-right: calc(-0px \/ 2 );\"><div class=\"fusion-layout-column fusion_builder_column fusion-builder-column-0 fusion_builder_column_1_1 1_1 fusion-flex-column\" style=\"--awb-bg-size:cover;--awb-width-large:100%;--awb-margin-top-large:0px;--awb-spacing-right-large:0px;--awb-margin-bottom-large:0px;--awb-spacing-left-large:0px;--awb-width-medium:100%;--awb-spacing-right-medium:0px;--awb-spacing-left-medium:0px;--awb-width-small:100%;--awb-spacing-right-small:0px;--awb-spacing-left-small:0px;\"><div class=\"fusion-column-wrapper fusion-flex-justify-content-flex-start fusion-content-layout-column\"><div class=\"fusion-text fusion-text-1\"><p>By <a href=\"https:\/\/www.instagram.com\/Joebocanegraofficial\/\">John Bocanegra<\/a>.<\/p>\n<p>Mi relaci\u00f3n con el campo y la ciudad ha venido a ser en los \u00faltimos 10 a\u00f1os solo un romanticismo idealizado en mi imaginario, sin embargo en los \u00faltimos 5 meses he podido a identificar que no hay mal que por bien no venga, pues me encuentro viviendo en la finca El L\u00edbano, por cuestiones de la vida, y he identificado una serie de beneficios que estar\u00e9 compartiendo como dise\u00f1ador de modas.<\/p>\n<p>No es sencillo adaptarnos a un nuevo ecosistema que funciona mucho m\u00e1s lento y abstracto para nuestra mente, acostumbrada a la inmediatez y a diferentes lugares de entretenimiento de f\u00e1cil acceso en la ciudad, que muchas veces se convierten en distracciones no tan buenas para nuestros prop\u00f3sitos.<\/p>\n<p>Por eso quiero empezar con <strong>Li Edelkoort,<\/strong> una de las mujeres m\u00e1s relevantes en identificar tendencias y nuevos modelos de convivencia. Hace 10 a\u00f1os despert\u00f3 en m\u00ed la curiosidad por relacionar el campo en cada una de mis colecciones. Sin embargo, como comentaba y pude identificar en mi y en muchas marcas de moda solo fue una tendencia fugaz o abstracta por falta de una comunicaci\u00f3n real y asertiva en sus diferentes formas de expresi\u00f3n. Hoy podemos encontrar su \u00faltimo libro de tendencia relacionado con la revoluci\u00f3n Rural &#8211; The great Migration Spring\/summer 2023 por tan solo 2320 euros. Uff.<\/p>\n<p>Ella da a entender que <strong>durante la segunda mitad del siglo XX, estuvo la moda enfocada en crear siluetas, formas, vol\u00famenes sin reconocer el origen de nuestros textiles.<\/strong> Lo que signific\u00f3 que no era necesario conocer el origen del dise\u00f1o para llamarnos dise\u00f1adores.<\/p>\n<p>Hoy nos vemos enfrentados a una alta demanda de textiles a base de fibras naturales con responsabilidad ambiental que dif\u00edcilmente se puede acceder en Colombia, ya que la mayor parte de nuestros textiles nacionales est\u00e1n hechos a partir de fibras sint\u00e9ticas derivadas del petr\u00f3leo o fibras importadas sin ninguna certificaci\u00f3n ambiental. Por m\u00e1s que mejoramos el rendimiento de nuestros cultivos de algod\u00f3n en el pa\u00eds no encontramos cultivos con una producci\u00f3n de sostenibilidad certificada, ya que los pocos que iniciaron cultivos regenerativos tuvieron que abandonar esta iniciativa por falta de compradores seg\u00fan el presidente ejecutivo de la organizaci\u00f3n <strong>Conalgod\u00f3n<\/strong>, Cesar Pardo.<\/p>\n<p>Pero no solamente en Colombia sino en Europa ha surgido la iniciativa de conectar el origen defibras naturales con los procesos creativos para adaptarnos a un sistema sostenible. Es por eso que he podido identificar que<strong> entender el campo es el principal beneficio para adaptarnos al cambio.<\/strong> All\u00ed surge una oportunidad para los que empiezan a buscar el campo como valor agregado. Todo empieza por la paciencia que depositamos en nuestro proyecto.<\/p>\n<p><strong><a href=\"http:\/\/anewcross.com\/?lang=es\">A New Cross<\/a>,<\/strong> marca colombiana, lo manifiesta de tal manera: \u201cPaciencia es tambi\u00e9n volver al origen. Poder Construir(nos) siendo conscientes de cada movimiento, de cada puntada\u201d.<\/p>\n<p><strong>Stella McCartney<\/strong> agreg\u00f3 una nueva funci\u00f3n a nuestras tareas como dise\u00f1adores pues nos denomin\u00f3 en parte campesinos en una de sus entrevistas, recordemos que creci\u00f3 en unafinca org\u00e1nica y conoce muy bien la importancia de la resiliencia de este campo. <strong>La gran oportunidad existe en aquellos personajes que se adapten al cambio y se visualicen de una manera diferente en el mundo de la moda.<\/strong><\/p>\n<p>Antes de finalizar quiero hacer una comparaci\u00f3n con el mundo digital, porque nadie escapa de tal llamado por implementar un crecimiento org\u00e1nico hasta en la forma como visualizamos nuestra participaci\u00f3n y comunicaci\u00f3n en las plataformas digitales. Este t\u00e9rmino lo utilizamos hace un par de a\u00f1os para validar nuestras marcas. Un t\u00e9rmino que requiere de paciencia, disciplina y constancia. Me aterra escribir acerca de esto porque lamentablemente carezco de estas habilidades. Pero mi deseo es motivar a todos aquellos dise\u00f1adores en activar el l\u00f3bulo frontal del cerebro el cual est\u00e1 asociado con funciones cognitivas superiores , tales como toma de decisiones , motivaci\u00f3n, soluci\u00f3n de problemas, planeaci\u00f3n y atenci\u00f3n que ayudan a la autodisciplina.<\/p>\n<p>Bienvenidos a mi b\u00fasqueda por un crecimiento org\u00e1nico, lleno de desaf\u00edos y oportunidades.<\/p>\n<\/div><div class=\"fusion-separator fusion-full-width-sep\" style=\"align-self: center;margin-left: auto;margin-right: auto;width:100%;\"><div class=\"fusion-separator-border sep-single sep-solid\" style=\"--awb-height:20px;--awb-amount:20px;border-color:rgba(40,45,51,0.1);border-top-width:1px;\"><\/div><\/div><\/div><\/div><\/div><\/div>","protected":false},"excerpt":{"rendered":"","protected":false},"author":9,"featured_media":15275,"comment_status":"open","ping_status":"open","sticky":false,"template":"","format":"standard","meta":{"_monsterinsights_skip_tracking":false,"_monsterinsights_sitenote_active":false,"_monsterinsights_sitenote_note":"","_monsterinsights_sitenote_category":0,"footnotes":""},"categories":[40],"tags":[259,261,260,46,224],"class_list":["post-15266","post","type-post","status-publish","format-standard","has-post-thumbnail","hentry","category-blog","tag-259","tag-blog-mola","tag-fashion","tag-moda","tag-sostenibilidad"],"_links":{"self":[{"href":"https:\/\/universomola.com\/en\/wp-json\/wp\/v2\/posts\/15266","targetHints":{"allow":["GET"]}}],"collection":[{"href":"https:\/\/universomola.com\/en\/wp-json\/wp\/v2\/posts"}],"about":[{"href":"https:\/\/universomola.com\/en\/wp-json\/wp\/v2\/types\/post"}],"author":[{"embeddable":true,"href":"https:\/\/universomola.com\/en\/wp-json\/wp\/v2\/users\/9"}],"replies":[{"embeddable":true,"href":"https:\/\/universomola.com\/en\/wp-json\/wp\/v2\/comments?post=15266"}],"version-history":[{"count":15,"href":"https:\/\/universomola.com\/en\/wp-json\/wp\/v2\/posts\/15266\/revisions"}],"predecessor-version":[{"id":15308,"href":"https:\/\/universomola.com\/en\/wp-json\/wp\/v2\/posts\/15266\/revisions\/15308"}],"wp:featuredmedia":[{"embeddable":true,"href":"https:\/\/universomola.com\/en\/wp-json\/wp\/v2\/media\/15275"}],"wp:attachment":[{"href":"https:\/\/universomola.com\/en\/wp-json\/wp\/v2\/media?parent=15266"}],"wp:term":[{"taxonomy":"category","embeddable":true,"href":"https:\/\/universomola.com\/en\/wp-json\/wp\/v2\/categories?post=15266"},{"taxonomy":"post_tag","embeddable":true,"href":"https:\/\/universomola.com\/en\/wp-json\/wp\/v2\/tags?post=15266"}],"curies":[{"name":"wp","href":"https:\/\/api.w.org\/{rel}","templated":true}]}}