{"id":15281,"date":"2023-02-03T14:20:33","date_gmt":"2023-02-03T17:20:33","guid":{"rendered":"https:\/\/universomola.com\/?p=15281"},"modified":"2023-02-03T14:20:33","modified_gmt":"2023-02-03T17:20:33","slug":"sybilla-pionera-de-la-moda-regenerativa-y-sostenible","status":"publish","type":"post","link":"https:\/\/universomola.com\/en\/sybilla-pionera-de-la-moda-regenerativa-y-sostenible\/","title":{"rendered":"Sybilla, pionera de la moda regenerativa y sostenible"},"content":{"rendered":"<div class=\"fusion-fullwidth fullwidth-box fusion-builder-row-1 fusion-flex-container nonhundred-percent-fullwidth non-hundred-percent-height-scrolling\" style=\"--awb-border-radius-top-left:0px;--awb-border-radius-top-right:0px;--awb-border-radius-bottom-right:0px;--awb-border-radius-bottom-left:0px;--awb-padding-right-small:0px;--awb-padding-left-small:0px;--awb-margin-top-small:0px;--awb-flex-wrap:wrap;\" ><div class=\"fusion-builder-row fusion-row fusion-flex-align-items-flex-start fusion-flex-content-wrap\" style=\"max-width:calc( 1200px + 0px );margin-left: calc(-0px \/ 2 );margin-right: calc(-0px \/ 2 );\"><div class=\"fusion-layout-column fusion_builder_column fusion-builder-column-0 fusion_builder_column_1_1 1_1 fusion-flex-column\" style=\"--awb-bg-size:cover;--awb-width-large:100%;--awb-margin-top-large:0px;--awb-spacing-right-large:0px;--awb-margin-bottom-large:0px;--awb-spacing-left-large:0px;--awb-width-medium:100%;--awb-spacing-right-medium:0px;--awb-spacing-left-medium:0px;--awb-width-small:100%;--awb-spacing-right-small:0px;--awb-spacing-left-small:0px;\"><div class=\"fusion-column-wrapper fusion-flex-justify-content-flex-start fusion-content-layout-column\"><div class=\"fusion-text fusion-text-1\"><p><em><span dir=\"ltr\" role=\"presentation\">By <a href=\"https:\/\/www.instagram.com\/karlaronarevalo\/\">Karla Ron Ar\u00e9valo<\/a>.<\/span><\/em><\/p>\n<\/div><div class=\"fusion-image-element\" style=\"--awb-caption-title-font-family:var(--h2_typography-font-family);--awb-caption-title-font-weight:var(--h2_typography-font-weight);--awb-caption-title-font-style:var(--h2_typography-font-style);--awb-caption-title-size:var(--h2_typography-font-size);--awb-caption-title-transform:var(--h2_typography-text-transform);--awb-caption-title-line-height:var(--h2_typography-line-height);--awb-caption-title-letter-spacing:var(--h2_typography-letter-spacing);\"><span class=\"fusion-imageframe imageframe-none imageframe-1 hover-type-none\"><img decoding=\"async\" width=\"627\" height=\"750\" title=\"Sybilla1\" data-src=\"https:\/\/universomola.com\/wp-content\/uploads\/2023\/02\/Sybilla1.jpg\" alt class=\"img-responsive wp-image-15294 lazyload\" data-srcset=\"https:\/\/universomola.com\/wp-content\/uploads\/2023\/02\/Sybilla1-200x239.jpg 200w, https:\/\/universomola.com\/wp-content\/uploads\/2023\/02\/Sybilla1-400x478.jpg 400w, https:\/\/universomola.com\/wp-content\/uploads\/2023\/02\/Sybilla1-600x718.jpg 600w, https:\/\/universomola.com\/wp-content\/uploads\/2023\/02\/Sybilla1.jpg 627w\" data-sizes=\"(max-width: 875px) 100vw, (max-width: 620px) 100vw, 627px\" src=\"data:image\/svg+xml;base64,PHN2ZyB3aWR0aD0iMSIgaGVpZ2h0PSIxIiB4bWxucz0iaHR0cDovL3d3dy53My5vcmcvMjAwMC9zdmciPjwvc3ZnPg==\" style=\"--smush-placeholder-width: 627px; --smush-placeholder-aspect-ratio: 627\/750;\" \/><\/span><\/div><div class=\"fusion-separator fusion-full-width-sep\" style=\"align-self: center;margin-left: auto;margin-right: auto;margin-bottom:25px;width:100%;\"><\/div><div class=\"fusion-text fusion-text-2\"><p align=\"justify\">Mar\u00eda Sybilla Sorondo Myelzwynska, conocida en el mundo de la moda como Sybilla, naci\u00f3 en Nueva York, en 1963, de donde se traslad\u00f3 a Espa\u00f1a a los 6 a\u00f1os, pues su padre era parte del cuerpo diplom\u00e1tico argentino. Su madre polaca, era una mujer apasionada que le inculc\u00f3 a su hija su amor por las artes.<\/p>\n<p align=\"justify\">Sybilla, ha sido ganadora de reconocimientos tan prestigiosos como el Premio Nacional de Dise\u00f1o de Moda 2015, y merecedora de la Medalla de Oro al M\u00e9rito en las Bellas Artes en Espa\u00f1a.<\/p>\n<p align=\"justify\">Desde joven comenz\u00f3 a confeccionar trajes, orientada por la modista que trabajaba en su casa, siempre creativa, asimilaba y plasmaba en ellos lo que ve\u00eda en las tiendas, hasta que a los 17 a\u00f1os se traslada a Par\u00eds, donde trabaj\u00f3 en el taller de costura con Yves Saint Laurent. Un a\u00f1o despu\u00e9s, su esp\u00edritu rebelde comenz\u00f3 a notar que no le gustaba la maquinaria del mundo de la alta costura, y con 19 a\u00f1os regresa a la plena efervescencia de la Movida Madrile\u00f1a, con todas las ganas de beberse el ambiente irreverente de la \u00e9poca.<\/p>\n<\/div><div class=\"fusion-image-element\" style=\"--awb-caption-title-font-family:var(--h2_typography-font-family);--awb-caption-title-font-weight:var(--h2_typography-font-weight);--awb-caption-title-font-style:var(--h2_typography-font-style);--awb-caption-title-size:var(--h2_typography-font-size);--awb-caption-title-transform:var(--h2_typography-text-transform);--awb-caption-title-line-height:var(--h2_typography-line-height);--awb-caption-title-letter-spacing:var(--h2_typography-letter-spacing);\"><span class=\"fusion-imageframe imageframe-none imageframe-2 hover-type-none\"><img decoding=\"async\" width=\"960\" height=\"380\" title=\"Sybilla2\" data-src=\"https:\/\/universomola.com\/wp-content\/uploads\/2023\/02\/Sybilla2.jpg\" alt class=\"img-responsive wp-image-15300 lazyload\" data-srcset=\"https:\/\/universomola.com\/wp-content\/uploads\/2023\/02\/Sybilla2-200x79.jpg 200w, https:\/\/universomola.com\/wp-content\/uploads\/2023\/02\/Sybilla2-400x158.jpg 400w, https:\/\/universomola.com\/wp-content\/uploads\/2023\/02\/Sybilla2-600x238.jpg 600w, https:\/\/universomola.com\/wp-content\/uploads\/2023\/02\/Sybilla2-800x317.jpg 800w, https:\/\/universomola.com\/wp-content\/uploads\/2023\/02\/Sybilla2.jpg 960w\" data-sizes=\"(max-width: 875px) 100vw, (max-width: 620px) 100vw, 960px\" src=\"data:image\/svg+xml;base64,PHN2ZyB3aWR0aD0iMSIgaGVpZ2h0PSIxIiB4bWxucz0iaHR0cDovL3d3dy53My5vcmcvMjAwMC9zdmciPjwvc3ZnPg==\" style=\"--smush-placeholder-width: 960px; --smush-placeholder-aspect-ratio: 960\/380;\" \/><\/span><\/div><div class=\"fusion-text fusion-text-3\"><h4 align=\"justify\"><span style=\"color: #000000;\"><b>Alma rebelde y creativa<\/b><\/span><\/h4>\n<p align=\"justify\">Sybilla decidi\u00f3 que quer\u00eda hacer moda a su manera, por lo que abri\u00f3 su propio taller y dise\u00f1\u00f3 trajes personalizados, primero para sus amigos y luego para listas de exclusivos. Se le conoce por sus interminables paseos por el Rastro Madrile\u00f1o, donde se deten\u00eda por horas entre los puestos de este reconocido mercado popular, buscando inspiraci\u00f3n, y aquellas <i>raras avis<\/i>, viejas telas o modelos \u201cvintage\u201d de los cuales sacar de nuevo partido, Sybilla siempre ha tenido un af\u00e1n de recuperar aquello que pudiera tener una nueva vida.<\/p>\n<p align=\"justify\">Con el tiempo y su toque personal, logr\u00f3 obtener un creciente \u00e9xito, llegando a la c\u00faspide del mundo de la alta costura, presentando sus colecciones en las reconocidas pasarelas de Mil\u00e1n y Par\u00eds. Las complejas y novedosas t\u00e9cnicas que utiliz\u00f3 en sus prendas, la evoluci\u00f3n crom\u00e1tica de sus colecciones, su escogencia de tejidos, la hacen estar a la par de los grandes <i>couturi\u00e8res <\/i>de la historia de la moda.<\/p>\n<p align=\"justify\">De alma rebelde, pero con un car\u00e1cter apacible, se vio agobiada por el ritmo fren\u00e9tico que estaba tomando la moda occidental, ello la llev\u00f3 a retirarse de las pasarelas, por primera vez a finales del siglo pasado, para tomar un tiempo de reflexi\u00f3n personal. En su refugio mallorqu\u00edn de esos a\u00f1os, se dedic\u00f3 a crear un centro de estudios dedicado a la sostenibilidad y la transformaci\u00f3n social.<\/p>\n<\/div><div class=\"fusion-image-element\" style=\"--awb-caption-title-font-family:var(--h2_typography-font-family);--awb-caption-title-font-weight:var(--h2_typography-font-weight);--awb-caption-title-font-style:var(--h2_typography-font-style);--awb-caption-title-size:var(--h2_typography-font-size);--awb-caption-title-transform:var(--h2_typography-text-transform);--awb-caption-title-line-height:var(--h2_typography-line-height);--awb-caption-title-letter-spacing:var(--h2_typography-letter-spacing);\"><span class=\"fusion-imageframe imageframe-none imageframe-3 hover-type-none\"><img decoding=\"async\" width=\"683\" height=\"1024\" title=\"Sybilla3\" data-src=\"https:\/\/universomola.com\/wp-content\/uploads\/2023\/02\/Sybilla3.jpg\" alt class=\"img-responsive wp-image-15299 lazyload\" data-srcset=\"https:\/\/universomola.com\/wp-content\/uploads\/2023\/02\/Sybilla3-200x300.jpg 200w, https:\/\/universomola.com\/wp-content\/uploads\/2023\/02\/Sybilla3-400x600.jpg 400w, https:\/\/universomola.com\/wp-content\/uploads\/2023\/02\/Sybilla3-600x900.jpg 600w, https:\/\/universomola.com\/wp-content\/uploads\/2023\/02\/Sybilla3.jpg 683w\" data-sizes=\"(max-width: 875px) 100vw, (max-width: 620px) 100vw, 683px\" src=\"data:image\/svg+xml;base64,PHN2ZyB3aWR0aD0iMSIgaGVpZ2h0PSIxIiB4bWxucz0iaHR0cDovL3d3dy53My5vcmcvMjAwMC9zdmciPjwvc3ZnPg==\" style=\"--smush-placeholder-width: 683px; --smush-placeholder-aspect-ratio: 683\/1024;\" \/><\/span><\/div><div class=\"fusion-text fusion-text-4\"><p align=\"justify\">Vuelta a las pasarelas a inicios del siglo XXI, logr\u00f3 vender su marca a inversores internacionales, logrando un gran \u00e9xito en el mercado Japon\u00e9s. A consecuencia de desavenencias con los inversores que hab\u00edan comenzado a dirigir su empresa, Sybilla hizo su segunda retirada en 2004.<\/p>\n<\/div><div class=\"fusion-image-element\" style=\"--awb-caption-title-font-family:var(--h2_typography-font-family);--awb-caption-title-font-weight:var(--h2_typography-font-weight);--awb-caption-title-font-style:var(--h2_typography-font-style);--awb-caption-title-size:var(--h2_typography-font-size);--awb-caption-title-transform:var(--h2_typography-text-transform);--awb-caption-title-line-height:var(--h2_typography-line-height);--awb-caption-title-letter-spacing:var(--h2_typography-letter-spacing);\"><span class=\"fusion-imageframe imageframe-none imageframe-4 hover-type-none\"><img decoding=\"async\" width=\"922\" height=\"960\" title=\"Sybilla4\" data-src=\"https:\/\/universomola.com\/wp-content\/uploads\/2023\/02\/Sybilla4.jpg\" alt class=\"img-responsive wp-image-15298 lazyload\" data-srcset=\"https:\/\/universomola.com\/wp-content\/uploads\/2023\/02\/Sybilla4-200x208.jpg 200w, https:\/\/universomola.com\/wp-content\/uploads\/2023\/02\/Sybilla4-400x416.jpg 400w, https:\/\/universomola.com\/wp-content\/uploads\/2023\/02\/Sybilla4-600x625.jpg 600w, https:\/\/universomola.com\/wp-content\/uploads\/2023\/02\/Sybilla4-800x833.jpg 800w, https:\/\/universomola.com\/wp-content\/uploads\/2023\/02\/Sybilla4.jpg 922w\" data-sizes=\"(max-width: 875px) 100vw, (max-width: 620px) 100vw, 922px\" src=\"data:image\/svg+xml;base64,PHN2ZyB3aWR0aD0iMSIgaGVpZ2h0PSIxIiB4bWxucz0iaHR0cDovL3d3dy53My5vcmcvMjAwMC9zdmciPjwvc3ZnPg==\" style=\"--smush-placeholder-width: 922px; --smush-placeholder-aspect-ratio: 922\/960;\" \/><\/span><\/div><div class=\"fusion-separator fusion-full-width-sep\" style=\"align-self: center;margin-left: auto;margin-right: auto;margin-bottom:25px;width:100%;\"><\/div><div class=\"fusion-text fusion-text-5\"><p align=\"justify\">Siempre ha buscado ofrecer una moda que hiciera que la prenda se revalorizara con el tiempo, que fuera una inversi\u00f3n, una respuesta favorable a eso que buscan las clientas. Su moda est\u00e1 compuesta de prendas b\u00e1sicas, pr\u00e1cticas y \u00fatiles, con patrones muy cuidados y materiales de excelente calidad, y de ser posible org\u00e1nicos o regenerados. Prendas hechas para durar dise\u00f1adas en colores que levanten el \u00e1nimo, apoyando a empresas peque\u00f1as con un positivo impacto social y medioambiental.<\/p>\n<h4 align=\"justify\"><b>Comprometida con el medio ambiente<\/b><strong><a name=\"_gqjfn9mgroe2\"><\/a><\/strong><\/h4>\n<p align=\"justify\">Pero lo m\u00e1s interesante de Sybilla es que cuando la sostenibilidad no era una moda, ella ya ten\u00eda presente su compromiso con el medio ambiente. Siempre ha tenido una sensibilidad especial hacia el reciclaje de antiguas prendas, y por ello cuando ni se pensaba en dise\u00f1o regenerativo, ella ya buscaba en viejos almacenes de telas o en los puestos del Rastro madrile\u00f1o, viejos retazos para darles una nueva vida.<\/p>\n<p align=\"justify\">Su compromiso ambiental la ha llevado a participar en iniciativas como Tierra, Alma y Sociedad, la Fundaci\u00f3n <i>Fabrics For Freedom<\/i> o Educaci\u00f3n por la Vida, todas empresas sociales dedicadas a la b\u00fasqueda de soluciones para conseguir volver al equilibrio vital, y que logren sensibilizar a la industria textil sobre el consumo de tejidos responsables.<\/p>\n<p align=\"justify\">En 2014, fecha de su \u00faltimo regreso, mostr\u00f3 toda su preocupaci\u00f3n por el bienestar social y medioambiental, al presentar colecciones realizadas en colaboraci\u00f3n con peque\u00f1as empresas que igualmente estaban preocupadas por el impacto que sus productos generan, y con el objetivo de sensibilizar a la sociedad de la importancia de un nuevo modelo de consumo \u00abm\u00e1s responsable\u00bb.<\/p>\n<p align=\"justify\">Sybilla quiere que sus planes de moda est\u00e9n en concordancia con aquellos proyectos regenerativos y de impacto socioambiental positivo en los cuales participa, como por ejemplo una colecci\u00f3n de pelo de llama en Argentina, kilims para Nani Marquina, prendas de cashemere mongol, as\u00ed como una colaboraci\u00f3n con Ecoalf, una firma espa\u00f1ola de moda sostenible.<\/p>\n<p align=\"justify\">Incansable amante de la moda, Sybilla sigue produciendo sus dise\u00f1os en l\u00edneas pr\u00eat-\u00e0-porter, de complementos y decoraci\u00f3n, en exclusividad para el mercado Japon\u00e9s en m\u00e1s de 40 puntos de venta.<\/p>\n<p align=\"justify\">Su trayectoria en el mundo de la moda ha sido reflejado este a\u00f1o en una gran exposici\u00f3n llamada \u201cSybilla el hilo invisible\u201d realizada en la sala del Canal Isabel II de Madrid.<\/p>\n<\/div><\/div><\/div><\/div><\/div>","protected":false},"excerpt":{"rendered":"","protected":false},"author":9,"featured_media":15321,"comment_status":"open","ping_status":"open","sticky":false,"template":"","format":"standard","meta":{"_monsterinsights_skip_tracking":false,"_monsterinsights_sitenote_active":false,"_monsterinsights_sitenote_note":"","_monsterinsights_sitenote_category":0,"footnotes":""},"categories":[40],"tags":[259,235,260,262,47,96,224],"class_list":["post-15281","post","type-post","status-publish","format-standard","has-post-thumbnail","hentry","category-blog","tag-259","tag-ecologia","tag-fashion","tag-karla-ron-arevalo","tag-moda-sostenible","tag-moda-sustentable","tag-sostenibilidad"],"_links":{"self":[{"href":"https:\/\/universomola.com\/en\/wp-json\/wp\/v2\/posts\/15281","targetHints":{"allow":["GET"]}}],"collection":[{"href":"https:\/\/universomola.com\/en\/wp-json\/wp\/v2\/posts"}],"about":[{"href":"https:\/\/universomola.com\/en\/wp-json\/wp\/v2\/types\/post"}],"author":[{"embeddable":true,"href":"https:\/\/universomola.com\/en\/wp-json\/wp\/v2\/users\/9"}],"replies":[{"embeddable":true,"href":"https:\/\/universomola.com\/en\/wp-json\/wp\/v2\/comments?post=15281"}],"version-history":[{"count":18,"href":"https:\/\/universomola.com\/en\/wp-json\/wp\/v2\/posts\/15281\/revisions"}],"predecessor-version":[{"id":15307,"href":"https:\/\/universomola.com\/en\/wp-json\/wp\/v2\/posts\/15281\/revisions\/15307"}],"wp:featuredmedia":[{"embeddable":true,"href":"https:\/\/universomola.com\/en\/wp-json\/wp\/v2\/media\/15321"}],"wp:attachment":[{"href":"https:\/\/universomola.com\/en\/wp-json\/wp\/v2\/media?parent=15281"}],"wp:term":[{"taxonomy":"category","embeddable":true,"href":"https:\/\/universomola.com\/en\/wp-json\/wp\/v2\/categories?post=15281"},{"taxonomy":"post_tag","embeddable":true,"href":"https:\/\/universomola.com\/en\/wp-json\/wp\/v2\/tags?post=15281"}],"curies":[{"name":"wp","href":"https:\/\/api.w.org\/{rel}","templated":true}]}}