{"id":15489,"date":"2023-02-16T19:20:09","date_gmt":"2023-02-16T22:20:09","guid":{"rendered":"https:\/\/universomola.com\/?p=15489"},"modified":"2023-02-16T19:20:09","modified_gmt":"2023-02-16T22:20:09","slug":"moda-de-calidad-sostenible-y-latinoamericana","status":"publish","type":"post","link":"https:\/\/universomola.com\/en\/moda-de-calidad-sostenible-y-latinoamericana\/","title":{"rendered":"Moda de calidad, sostenible y latinoamericana"},"content":{"rendered":"[fusion_builder_container hundred_percent=\u00bbno\u00bb equal_height_columns=\u00bbno\u00bb hide_on_mobile=\u00bbsmall-visibility,medium-visibility,large-visibility\u00bb background_position=\u00bbcenter center\u00bb background_repeat=\u00bbno-repeat\u00bb fade=\u00bbno\u00bb background_parallax=\u00bbnone\u00bb parallax_speed=\u00bb0.3&#8243; video_aspect_ratio=\u00bb16:9&#8243; video_loop=\u00bbyes\u00bb video_mute=\u00bbyes\u00bb border_style=\u00bbsolid\u00bb flex_column_spacing=\u00bb0px\u00bb type=\u00bbflex\u00bb margin_top_small=\u00bb0px\u00bb padding_right_small=\u00bb0px\u00bb padding_left_small=\u00bb0px\u00bb][fusion_builder_row][fusion_builder_column type=\u00bb1_1&#8243; layout=\u00bb1_1&#8243; background_position=\u00bbleft top\u00bb background_color=\u00bb\u00bb border_color=\u00bb\u00bb border_style=\u00bbsolid\u00bb border_position=\u00bball\u00bb spacing=\u00bbyes\u00bb background_image=\u00bb\u00bb background_repeat=\u00bbno-repeat\u00bb padding_top=\u00bb\u00bb padding_right=\u00bb\u00bb padding_bottom=\u00bb\u00bb padding_left=\u00bb\u00bb margin_top=\u00bb0px\u00bb margin_bottom=\u00bb0px\u00bb class=\u00bb\u00bb id=\u00bb\u00bb animation_type=\u00bb\u00bb animation_speed=\u00bb0.3&#8243; animation_direction=\u00bbleft\u00bb hide_on_mobile=\u00bbsmall-visibility,medium-visibility,large-visibility\u00bb center_content=\u00bbno\u00bb last=\u00bbtrue\u00bb min_height=\u00bb\u00bb hover_type=\u00bbnone\u00bb link=\u00bb\u00bb first=\u00bbtrue\u00bb][fusion_text columns=\u00bb1&#8243; column_min_width=\u00bb\u00bb column_spacing=\u00bb\u00bb rule_style=\u00bbdefault\u00bb rule_size=\u00bb\u00bb rule_color=\u00bb\u00bb content_alignment_medium=\u00bb\u00bb content_alignment_small=\u00bb\u00bb content_alignment=\u00bb\u00bb hide_on_mobile=\u00bbsmall-visibility,medium-visibility,large-visibility\u00bb sticky_display=\u00bbnormal,sticky\u00bb class=\u00bb\u00bb id=\u00bb\u00bb font_size=\u00bb\u00bb fusion_font_family_text_font=\u00bb\u00bb fusion_font_variant_text_font=\u00bb\u00bb line_height=\u00bb\u00bb letter_spacing=\u00bb\u00bb text_color=\u00bb\u00bb animation_type=\u00bb\u00bb animation_direction=\u00bbleft\u00bb animation_speed=\u00bb0.3&#8243; animation_offset=\u00bb\u00bb]\n<p style=\"margin-bottom: 0in; text-align: justify;\" align=\"left\">Por <a href=\"https:\/\/www.instagram.com\/karlaronarevalo\/\">Karla Ron Ar\u00e9valo<\/a><\/p>\n<hr \/>\n<p style=\"margin-bottom: 0in; text-align: justify;\" align=\"left\"><img decoding=\"async\" class=\"wp-image-15493 alignnone lazyload\" data-src=\"https:\/\/universomola.com\/wp-content\/uploads\/2023\/02\/MDC1.jpg\" alt=\"\" width=\"699\" height=\"467\" data-srcset=\"https:\/\/universomola.com\/wp-content\/uploads\/2023\/02\/MDC1.jpg 1500w, https:\/\/universomola.com\/wp-content\/uploads\/2023\/02\/MDC1-300x200.jpg 300w, https:\/\/universomola.com\/wp-content\/uploads\/2023\/02\/MDC1-1024x683.jpg 1024w, https:\/\/universomola.com\/wp-content\/uploads\/2023\/02\/MDC1-768x513.jpg 768w, https:\/\/universomola.com\/wp-content\/uploads\/2023\/02\/MDC1-18x12.jpg 18w, https:\/\/universomola.com\/wp-content\/uploads\/2023\/02\/MDC1-200x133.jpg 200w, https:\/\/universomola.com\/wp-content\/uploads\/2023\/02\/MDC1-400x267.jpg 400w, https:\/\/universomola.com\/wp-content\/uploads\/2023\/02\/MDC1-600x400.jpg 600w, https:\/\/universomola.com\/wp-content\/uploads\/2023\/02\/MDC1-800x534.jpg 800w, https:\/\/universomola.com\/wp-content\/uploads\/2023\/02\/MDC1-1200x801.jpg 1200w, https:\/\/universomola.com\/wp-content\/uploads\/2023\/02\/MDC1-500x334.jpg 500w, https:\/\/universomola.com\/wp-content\/uploads\/2023\/02\/MDC1-700x467.jpg 700w\" data-sizes=\"(max-width: 699px) 100vw, 699px\" src=\"data:image\/svg+xml;base64,PHN2ZyB3aWR0aD0iMSIgaGVpZ2h0PSIxIiB4bWxucz0iaHR0cDovL3d3dy53My5vcmcvMjAwMC9zdmciPjwvc3ZnPg==\" style=\"--smush-placeholder-width: 699px; --smush-placeholder-aspect-ratio: 699\/467;\" \/><\/p>\n<p align=\"left\"><span style=\"color: #ffffff;\">.<\/span><\/p>\n<p style=\"margin-bottom: 0in; text-align: justify;\" align=\"left\">Desde que era una ni\u00f1a, utilic\u00e9 ropa reciclada, nunca fue un problema para m\u00ed, y mucho menos ahora que tengo cuatro hijas, es as\u00ed como la ropa pasa de una hermana a otra y de all\u00ed, dependiendo de su buen estado, a quien pueda necesitarla. <b>Esta manifestaci\u00f3n de econom\u00eda familiar, ha sido una forma de crear conciencia que ha pasado de madres a hijos, por lo menos en mi familia.<\/b> Me horroriza pensar en el impacto negativo para el ambiente y la econom\u00eda de la moda r\u00e1pida, y m\u00e1s me asusta la vanidad de quienes sienten la necesidad de comprar un nuevo guardarropa en cada cambio de temporada.<\/p>\n<p style=\"margin-bottom: 0in; text-align: justify;\" align=\"left\">Desde la creaci\u00f3n del <i>Pr\u00eat-\u00e0-porter<\/i> o lo que es lo mismo, la moda en masa, el insaciable apetito por aumentar las ventas, ha logrado que la <i>fast fashion<\/i> haya aumentado a ritmo de sus vol\u00famenes globales, potenciando sus efectos nocivos.<\/p>\n<p style=\"margin-bottom: 0in; text-align: justify;\" align=\"left\">Tu presencia es importante, pero <b>ir bien vestido no tiene por qu\u00e9 estar re\u00f1ido con la preocupaci\u00f3n de ser m\u00e1s amable con nuestro planeta.<\/b> Este pensamiento lo han tenido muchos creadores de moda, quienes adem\u00e1s de sus inquietudes empresariales, han logrado amalgamar las ambientales a su talento creativo, todo manifestado en marcas que ofrecen prendas de vestir de calidad, a la moda, ecol\u00f3gicas y comprometidas con la conciencia medioambiental.<\/p>\n<p style=\"margin-bottom: 0in; text-align: justify;\" align=\"left\">Por eso hoy te quiero presentar<b> cuatro marcas de ropa sostenible Latinoamericanas<\/b>, porque qu\u00e9 mejor manera de apoyar a nuestro planeta, a nuestra autoestima y a nuestra propia gente, si no es comprando moda local sostenible. Seguro alguna de ellas est\u00e1 cerca de ti.<\/p>\n<h3 class=\"western\" style=\"text-align: justify;\"><a name=\"_tbnv0wquokdy\"><\/a><a href=\"https:\/\/someonesomewhere.mx\/\"><b>SOMEONE SOMEWHERE<\/b><\/a><\/h3>\n<p style=\"margin-bottom: 0in; text-align: justify;\" align=\"left\">M\u00e9xico<\/p>\n<p align=\"left\"><img decoding=\"async\" class=\"wp-image-15494 alignnone lazyload\" data-src=\"https:\/\/universomola.com\/wp-content\/uploads\/2023\/02\/MDC2.jpg\" alt=\"\" width=\"492\" height=\"492\" data-srcset=\"https:\/\/universomola.com\/wp-content\/uploads\/2023\/02\/MDC2.jpg 580w, https:\/\/universomola.com\/wp-content\/uploads\/2023\/02\/MDC2-300x300.jpg 300w, https:\/\/universomola.com\/wp-content\/uploads\/2023\/02\/MDC2-150x150.jpg 150w, https:\/\/universomola.com\/wp-content\/uploads\/2023\/02\/MDC2-12x12.jpg 12w, https:\/\/universomola.com\/wp-content\/uploads\/2023\/02\/MDC2-66x66.jpg 66w, https:\/\/universomola.com\/wp-content\/uploads\/2023\/02\/MDC2-200x200.jpg 200w, https:\/\/universomola.com\/wp-content\/uploads\/2023\/02\/MDC2-400x400.jpg 400w, https:\/\/universomola.com\/wp-content\/uploads\/2023\/02\/MDC2-500x500.jpg 500w, https:\/\/universomola.com\/wp-content\/uploads\/2023\/02\/MDC2-100x100.jpg 100w\" data-sizes=\"(max-width: 492px) 100vw, 492px\" src=\"data:image\/svg+xml;base64,PHN2ZyB3aWR0aD0iMSIgaGVpZ2h0PSIxIiB4bWxucz0iaHR0cDovL3d3dy53My5vcmcvMjAwMC9zdmciPjwvc3ZnPg==\" style=\"--smush-placeholder-width: 492px; --smush-placeholder-aspect-ratio: 492\/492;\" \/><\/p>\n<p style=\"margin-bottom: 0in; text-align: justify;\" align=\"left\"><span style=\"font-size: small;\"><i>Foto cortes\u00eda de la marca<\/i><\/span><\/p>\n<p style=\"margin-bottom: 0in; text-align: justify;\" align=\"left\">Esta marca de ropa y accesorios, es la primera empresa de manufactura mexicana en obtener la certificaci\u00f3n Climate Neutral. Est\u00e1 inspirada por la cosmovisi\u00f3n de los pueblos ind\u00edgenas que reconocen a la naturaleza como a una madre. <i>Someone Somewhere<\/i> trabaja con 180 artesanos, de los cuales el 98% son mujeres residentes es los estados m\u00e1s vulnerables de M\u00e9xico<span style=\"font-size: medium;\">, por lo cual quiere impulsar su desarrollo y contribuir a su bienestar, rompiendo la cadena de pobreza, garantizando un trabajo digno y estable.<\/span><\/p>\n<p style=\"margin-bottom: 0in; text-align: justify;\" align=\"left\">Se utilizan las t\u00e9cnicas artesanales de Telar de cintura, Telar de Chicotillo, Bordado a Mano y Pepenado, para ofrecer prendas modernas, hermosas, y creativas, con el toque especial de colores y alegr\u00eda, tan caracter\u00edstico de las poblaciones mexicanas.<\/p>\n<p style=\"margin-bottom: 0in; text-align: justify;\" align=\"left\"><i>Someone Somewhere<\/i> quiere compartir la filosof\u00eda del \u201cbuen vivir\u201d, que no es m\u00e1s que vivir en armon\u00eda con la comunidad, la familia, la naturaleza y el universo. Y es ese esp\u00edritu de equilibrio ecol\u00f3gico y sensibilidad cultural que esta marca quiere comunicar.<\/p>\n<h3 class=\"western\" style=\"text-align: justify;\"><a name=\"_uqs6ooj51v37\"><\/a><a href=\"https:\/\/animanaonline.com.ar\/\"><span style=\"color: #666666;\"><b>ANIMAN\u00c1<\/b><\/span><\/a><\/h3>\n<p style=\"margin-bottom: 0in; text-align: justify;\" align=\"left\">Argentina<\/p>\n<p style=\"margin-bottom: 0in; text-align: justify;\" align=\"left\"><img decoding=\"async\" class=\"wp-image-15495 alignnone lazyload\" data-src=\"https:\/\/universomola.com\/wp-content\/uploads\/2023\/02\/MDC3.png\" alt=\"\" width=\"476\" height=\"542\" data-srcset=\"https:\/\/universomola.com\/wp-content\/uploads\/2023\/02\/MDC3.png 459w, https:\/\/universomola.com\/wp-content\/uploads\/2023\/02\/MDC3-264x300.png 264w, https:\/\/universomola.com\/wp-content\/uploads\/2023\/02\/MDC3-11x12.png 11w, https:\/\/universomola.com\/wp-content\/uploads\/2023\/02\/MDC3-200x227.png 200w, https:\/\/universomola.com\/wp-content\/uploads\/2023\/02\/MDC3-400x455.png 400w\" data-sizes=\"(max-width: 476px) 100vw, 476px\" src=\"data:image\/svg+xml;base64,PHN2ZyB3aWR0aD0iMSIgaGVpZ2h0PSIxIiB4bWxucz0iaHR0cDovL3d3dy53My5vcmcvMjAwMC9zdmciPjwvc3ZnPg==\" style=\"--smush-placeholder-width: 476px; --smush-placeholder-aspect-ratio: 476\/542;\" \/><\/p>\n<p style=\"margin-bottom: 0in; text-align: justify;\" align=\"left\"><span style=\"font-size: small;\"><i>Foto cortes\u00eda de la marca<\/i><\/span><\/p>\n<p style=\"margin-bottom: 0in; text-align: justify;\" align=\"left\">Esta marca de lujo sustentable, naci\u00f3 como un sue\u00f1o en los hermosos paisajes de la Patagonia argentina. Realiza prendas de fibras naturales procedentes de la Patagonia y los Andes con el fin de preservar a las comunidades locales, cuidar al medio ambiente y generar riqueza local. Para lo cual, forma artesanos y productores, priorizando los procesos de producci\u00f3n sustentables, y a su vez generando una cadena de valor \u00e9tica, sostenible y transparente.<\/p>\n<p style=\"margin-bottom: 0in; text-align: justify;\" align=\"left\">Sus prendas, de dise\u00f1os atemporales, est\u00e1n concebidas con fibras naturales como la esquila de las alpacas, llamas, vicu\u00f1as, guanacos. Son realizadas manualmente, priorizando el uso de colores y tintes naturales como base para sus Colecciones. Estas prendas est\u00e1n pensadas para perdurar a trav\u00e9s de los a\u00f1os. Animan\u00e1 fomenta un consumo consciente, donde la moda se convierta en fuente de bienestar para quienes la producen y consumen.<\/p>\n<h3 class=\"western\" style=\"text-align: justify;\"><a name=\"_ghnacryafxte\"><\/a><a href=\"https:\/\/www.innatacr.com\/\"><b>INNATA<\/b><\/a><\/h3>\n<p style=\"margin-bottom: 0in; text-align: justify;\" align=\"left\">Costa Rica<\/p>\n<p align=\"left\"><img decoding=\"async\" class=\"wp-image-15496 alignnone lazyload\" data-src=\"https:\/\/universomola.com\/wp-content\/uploads\/2023\/02\/MDC4.png\" alt=\"\" width=\"479\" height=\"402\" data-srcset=\"https:\/\/universomola.com\/wp-content\/uploads\/2023\/02\/MDC4.png 679w, https:\/\/universomola.com\/wp-content\/uploads\/2023\/02\/MDC4-300x252.png 300w, https:\/\/universomola.com\/wp-content\/uploads\/2023\/02\/MDC4-14x12.png 14w, https:\/\/universomola.com\/wp-content\/uploads\/2023\/02\/MDC4-200x168.png 200w, https:\/\/universomola.com\/wp-content\/uploads\/2023\/02\/MDC4-400x336.png 400w, https:\/\/universomola.com\/wp-content\/uploads\/2023\/02\/MDC4-600x504.png 600w, https:\/\/universomola.com\/wp-content\/uploads\/2023\/02\/MDC4-500x420.png 500w\" data-sizes=\"(max-width: 479px) 100vw, 479px\" src=\"data:image\/svg+xml;base64,PHN2ZyB3aWR0aD0iMSIgaGVpZ2h0PSIxIiB4bWxucz0iaHR0cDovL3d3dy53My5vcmcvMjAwMC9zdmciPjwvc3ZnPg==\" style=\"--smush-placeholder-width: 479px; --smush-placeholder-aspect-ratio: 479\/402;\" \/><\/p>\n<p style=\"margin-bottom: 0in; text-align: justify;\" align=\"left\"><span style=\"font-size: small;\"><i>Foto cortes\u00eda de la marca<\/i><\/span><\/p>\n<p style=\"margin-bottom: 0in; text-align: justify;\" align=\"left\">Innata de Costa Rica, ofrece moda sostenible que busca crear siluetas simples, modernas y atemporales que celebren la figura femenina. Dise\u00f1an prendas amigables con el ambiente, sostenibles y accesibles para sus clientas.<\/p>\n<p style=\"margin-bottom: 0in; text-align: justify;\" align=\"left\">Sus procesos de dise\u00f1o, confecci\u00f3n y entrega del producto est\u00e1n basados en un modelo circular, donde la finalidad es producir la menor cantidad de emisiones de carbono, as\u00ed como disminuir el material de desperdicio. Promueven la ideolog\u00eda de que \u00a1NADA ES BASURA!, aportando sus residuos a otros que pueden utilizarlos, para apoyar el trabajo de terceros y brindar insumos realizados con dichos desperdicios.<\/p>\n<p style=\"margin-bottom: 0in; text-align: justify;\" align=\"left\">\u00a0\u200b<\/p>\n<h3 class=\"western\" style=\"text-align: justify;\"><a name=\"_3wjm9tebqkey\"><\/a><a href=\"https:\/\/somosverticales.com\/\"><b>VERTICALES<\/b><\/a><\/h3>\n<p style=\"margin-bottom: 0in; text-align: justify;\" align=\"left\">Venezuela<\/p>\n<p align=\"left\"><img decoding=\"async\" class=\"wp-image-15497 alignnone lazyload\" data-src=\"https:\/\/universomola.com\/wp-content\/uploads\/2023\/02\/MDC5.png\" alt=\"\" width=\"638\" height=\"360\" data-srcset=\"https:\/\/universomola.com\/wp-content\/uploads\/2023\/02\/MDC5.png 648w, https:\/\/universomola.com\/wp-content\/uploads\/2023\/02\/MDC5-300x169.png 300w, https:\/\/universomola.com\/wp-content\/uploads\/2023\/02\/MDC5-18x10.png 18w, https:\/\/universomola.com\/wp-content\/uploads\/2023\/02\/MDC5-200x113.png 200w, https:\/\/universomola.com\/wp-content\/uploads\/2023\/02\/MDC5-400x226.png 400w, https:\/\/universomola.com\/wp-content\/uploads\/2023\/02\/MDC5-600x339.png 600w, https:\/\/universomola.com\/wp-content\/uploads\/2023\/02\/MDC5-500x282.png 500w\" data-sizes=\"(max-width: 638px) 100vw, 638px\" src=\"data:image\/svg+xml;base64,PHN2ZyB3aWR0aD0iMSIgaGVpZ2h0PSIxIiB4bWxucz0iaHR0cDovL3d3dy53My5vcmcvMjAwMC9zdmciPjwvc3ZnPg==\" style=\"--smush-placeholder-width: 638px; --smush-placeholder-aspect-ratio: 638\/360;\" \/><\/p>\n<p style=\"margin-bottom: 0in; text-align: justify;\" align=\"left\"><span style=\"font-size: small;\"><i>Foto cortes\u00eda de la marca<\/i><\/span><\/p>\n<p style=\"margin-bottom: 0in; text-align: justify;\" align=\"left\">A trav\u00e9s de su modelo de negocio de moda digital, Verticales busca promover un movimiento de consumo consciente, por ello, desarrolla piezas de vestir esenciales y atemporales, confeccionadas en f\u00e1bricas donde privan las condiciones dignas y \u00e9ticas.<\/p>\n<p style=\"margin-bottom: 0in; text-align: justify;\" align=\"left\">Sus piezas son realizadas con 100% algod\u00f3n Pima peruano, considerado el algod\u00f3n m\u00e1s fino del mundo. Sus empaques reciclables no utilizan materiales sint\u00e9ticos. Su proceso de creaci\u00f3n es totalmente transparente, por lo que en sus redes sociales cuentan la historia, el costo y el impacto de cada uno de sus productos; con el objetivo de que los usuarios puedan apreciar el trabajo que hay detr\u00e1s de cada pieza, siendo una garant\u00eda de la calidad que respalda su inversi\u00f3n.<\/p>\n[\/fusion_text][\/fusion_builder_column][\/fusion_builder_row][\/fusion_builder_container]\n","protected":false},"excerpt":{"rendered":"<p>[fusion_builder_container hundred_percent=\u00bbno\u00bb equal_height_columns=\u00bbno\u00bb hide_on_mobile=\u00bbsmall-visibility,medium-visibility,large-visibility\u00bb background_position=\u00bbcenter center\u00bb background_repeat=\u00bbno-repeat\u00bb fade=\u00bbno\u00bb background_parallax=\u00bbnone\u00bb parallax_speed=\u00bb0.3&#8243; video_aspect_ratio=\u00bb16:9&#8243; video_loop=\u00bbyes\u00bb video_mute=\u00bbyes\u00bb border_style=\u00bbsolid\u00bb flex_column_spacing=\u00bb0px\u00bb type=\u00bbflex\u00bb margin_top_small=\u00bb0px\u00bb padding_right_small=\u00bb0px\u00bb padding_left_small=\u00bb0px\u00bb][fusion_builder_row][fusion_builder_column type=\u00bb1_1&#8243; layout=\u00bb1_1&#8243; background_position=\u00bbleft top\u00bb background_color=\u00bb\u00bb border_color=\u00bb\u00bb border_style=\u00bbsolid\u00bb border_position=\u00bball\u00bb spacing=\u00bbyes\u00bb background_image=\u00bb\u00bb background_repeat=\u00bbno-repeat\u00bb&#8230;<\/p>\n","protected":false},"author":9,"featured_media":15491,"comment_status":"open","ping_status":"open","sticky":false,"template":"","format":"standard","meta":{"footnotes":""},"categories":[40],"tags":[259,260,92,47,96,224],"class_list":["post-15489","post","type-post","status-publish","format-standard","has-post-thumbnail","category-blog","tag-259","tag-fashion","tag-moda-latinoamericana","tag-moda-sostenible","tag-moda-sustentable","tag-sostenibilidad"],"_links":{"self":[{"href":"https:\/\/universomola.com\/en\/wp-json\/wp\/v2\/posts\/15489","targetHints":{"allow":["GET"]}}],"collection":[{"href":"https:\/\/universomola.com\/en\/wp-json\/wp\/v2\/posts"}],"about":[{"href":"https:\/\/universomola.com\/en\/wp-json\/wp\/v2\/types\/post"}],"author":[{"embeddable":true,"href":"https:\/\/universomola.com\/en\/wp-json\/wp\/v2\/users\/9"}],"replies":[{"embeddable":true,"href":"https:\/\/universomola.com\/en\/wp-json\/wp\/v2\/comments?post=15489"}],"version-history":[{"count":7,"href":"https:\/\/universomola.com\/en\/wp-json\/wp\/v2\/posts\/15489\/revisions"}],"predecessor-version":[{"id":15502,"href":"https:\/\/universomola.com\/en\/wp-json\/wp\/v2\/posts\/15489\/revisions\/15502"}],"wp:featuredmedia":[{"embeddable":true,"href":"https:\/\/universomola.com\/en\/wp-json\/wp\/v2\/media\/15491"}],"wp:attachment":[{"href":"https:\/\/universomola.com\/en\/wp-json\/wp\/v2\/media?parent=15489"}],"wp:term":[{"taxonomy":"category","embeddable":true,"href":"https:\/\/universomola.com\/en\/wp-json\/wp\/v2\/categories?post=15489"},{"taxonomy":"post_tag","embeddable":true,"href":"https:\/\/universomola.com\/en\/wp-json\/wp\/v2\/tags?post=15489"}],"curies":[{"name":"wp","href":"https:\/\/api.w.org\/{rel}","templated":true}]}}