{"id":15489,"date":"2023-02-16T19:20:09","date_gmt":"2023-02-16T22:20:09","guid":{"rendered":"https:\/\/universomola.com\/?p=15489"},"modified":"2023-02-16T19:20:09","modified_gmt":"2023-02-16T22:20:09","slug":"moda-de-calidad-sostenible-y-latinoamericana","status":"publish","type":"post","link":"https:\/\/universomola.com\/en\/moda-de-calidad-sostenible-y-latinoamericana\/","title":{"rendered":"Moda de calidad, sostenible y latinoamericana"},"content":{"rendered":"<div class=\"fusion-fullwidth fullwidth-box fusion-builder-row-1 fusion-flex-container nonhundred-percent-fullwidth non-hundred-percent-height-scrolling\" style=\"--awb-border-radius-top-left:0px;--awb-border-radius-top-right:0px;--awb-border-radius-bottom-right:0px;--awb-border-radius-bottom-left:0px;--awb-padding-right-small:0px;--awb-padding-left-small:0px;--awb-margin-top-small:0px;--awb-flex-wrap:wrap;\" ><div class=\"fusion-builder-row fusion-row fusion-flex-align-items-flex-start fusion-flex-content-wrap\" style=\"max-width:calc( 1200px + 0px );margin-left: calc(-0px \/ 2 );margin-right: calc(-0px \/ 2 );\"><div class=\"fusion-layout-column fusion_builder_column fusion-builder-column-0 fusion_builder_column_1_1 1_1 fusion-flex-column\" style=\"--awb-bg-size:cover;--awb-width-large:100%;--awb-margin-top-large:0px;--awb-spacing-right-large:0px;--awb-margin-bottom-large:0px;--awb-spacing-left-large:0px;--awb-width-medium:100%;--awb-spacing-right-medium:0px;--awb-spacing-left-medium:0px;--awb-width-small:100%;--awb-spacing-right-small:0px;--awb-spacing-left-small:0px;\"><div class=\"fusion-column-wrapper fusion-flex-justify-content-flex-start fusion-content-layout-column\"><div class=\"fusion-text fusion-text-1\"><p style=\"margin-bottom: 0in; text-align: justify;\" align=\"left\">By <a href=\"https:\/\/www.instagram.com\/karlaronarevalo\/\">Karla Ron Ar\u00e9valo<\/a><\/p>\n<hr \/>\n<p style=\"margin-bottom: 0in; text-align: justify;\" align=\"left\"><img decoding=\"async\" class=\"wp-image-15493 alignnone lazyload\" data-src=\"https:\/\/universomola.com\/wp-content\/uploads\/2023\/02\/MDC1.jpg\" alt=\"\" width=\"699\" height=\"467\" data-srcset=\"https:\/\/universomola.com\/wp-content\/uploads\/2023\/02\/MDC1-18x12.jpg 18w, https:\/\/universomola.com\/wp-content\/uploads\/2023\/02\/MDC1-200x133.jpg 200w, https:\/\/universomola.com\/wp-content\/uploads\/2023\/02\/MDC1-300x200.jpg 300w, https:\/\/universomola.com\/wp-content\/uploads\/2023\/02\/MDC1-400x267.jpg 400w, https:\/\/universomola.com\/wp-content\/uploads\/2023\/02\/MDC1-500x334.jpg 500w, https:\/\/universomola.com\/wp-content\/uploads\/2023\/02\/MDC1-600x400.jpg 600w, https:\/\/universomola.com\/wp-content\/uploads\/2023\/02\/MDC1-700x467.jpg 700w, https:\/\/universomola.com\/wp-content\/uploads\/2023\/02\/MDC1-768x513.jpg 768w, https:\/\/universomola.com\/wp-content\/uploads\/2023\/02\/MDC1-800x534.jpg 800w, https:\/\/universomola.com\/wp-content\/uploads\/2023\/02\/MDC1-1024x683.jpg 1024w, https:\/\/universomola.com\/wp-content\/uploads\/2023\/02\/MDC1-1200x801.jpg 1200w, https:\/\/universomola.com\/wp-content\/uploads\/2023\/02\/MDC1.jpg 1500w\" data-sizes=\"(max-width: 699px) 100vw, 699px\" src=\"data:image\/svg+xml;base64,PHN2ZyB3aWR0aD0iMSIgaGVpZ2h0PSIxIiB4bWxucz0iaHR0cDovL3d3dy53My5vcmcvMjAwMC9zdmciPjwvc3ZnPg==\" style=\"--smush-placeholder-width: 699px; --smush-placeholder-aspect-ratio: 699\/467;\" \/><\/p>\n<p align=\"left\"><span style=\"color: #ffffff;\">.<\/span><\/p>\n<p style=\"margin-bottom: 0in; text-align: justify;\" align=\"left\">Desde que era una ni\u00f1a, utilic\u00e9 ropa reciclada, nunca fue un problema para m\u00ed, y mucho menos ahora que tengo cuatro hijas, es as\u00ed como la ropa pasa de una hermana a otra y de all\u00ed, dependiendo de su buen estado, a quien pueda necesitarla. <b>Esta manifestaci\u00f3n de econom\u00eda familiar, ha sido una forma de crear conciencia que ha pasado de madres a hijos, por lo menos en mi familia.<\/b> Me horroriza pensar en el impacto negativo para el ambiente y la econom\u00eda de la moda r\u00e1pida, y m\u00e1s me asusta la vanidad de quienes sienten la necesidad de comprar un nuevo guardarropa en cada cambio de temporada.<\/p>\n<p style=\"margin-bottom: 0in; text-align: justify;\" align=\"left\">Desde la creaci\u00f3n del <i>Pr\u00eat-\u00e0-porter<\/i> o lo que es lo mismo, la moda en masa, el insaciable apetito por aumentar las ventas, ha logrado que la <i>fast fashion<\/i> haya aumentado a ritmo de sus vol\u00famenes globales, potenciando sus efectos nocivos.<\/p>\n<p style=\"margin-bottom: 0in; text-align: justify;\" align=\"left\">Tu presencia es importante, pero <b>ir bien vestido no tiene por qu\u00e9 estar re\u00f1ido con la preocupaci\u00f3n de ser m\u00e1s amable con nuestro planeta.<\/b> Este pensamiento lo han tenido muchos creadores de moda, quienes adem\u00e1s de sus inquietudes empresariales, han logrado amalgamar las ambientales a su talento creativo, todo manifestado en marcas que ofrecen prendas de vestir de calidad, a la moda, ecol\u00f3gicas y comprometidas con la conciencia medioambiental.<\/p>\n<p style=\"margin-bottom: 0in; text-align: justify;\" align=\"left\">Por eso hoy te quiero presentar<b> cuatro marcas de ropa sostenible Latinoamericanas<\/b>, porque qu\u00e9 mejor manera de apoyar a nuestro planeta, a nuestra autoestima y a nuestra propia gente, si no es comprando moda local sostenible. Seguro alguna de ellas est\u00e1 cerca de ti.<\/p>\n<h3 class=\"western\" style=\"text-align: justify;\"><a name=\"_tbnv0wquokdy\"><\/a><a href=\"https:\/\/someonesomewhere.mx\/\"><b>SOMEONE SOMEWHERE<\/b><\/a><\/h3>\n<p style=\"margin-bottom: 0in; text-align: justify;\" align=\"left\">M\u00e9xico<\/p>\n<p align=\"left\"><img decoding=\"async\" class=\"wp-image-15494 alignnone lazyload\" data-src=\"https:\/\/universomola.com\/wp-content\/uploads\/2023\/02\/MDC2.jpg\" alt=\"\" width=\"492\" height=\"492\" data-srcset=\"https:\/\/universomola.com\/wp-content\/uploads\/2023\/02\/MDC2-12x12.jpg 12w, https:\/\/universomola.com\/wp-content\/uploads\/2023\/02\/MDC2-66x66.jpg 66w, https:\/\/universomola.com\/wp-content\/uploads\/2023\/02\/MDC2-100x100.jpg 100w, https:\/\/universomola.com\/wp-content\/uploads\/2023\/02\/MDC2-150x150.jpg 150w, https:\/\/universomola.com\/wp-content\/uploads\/2023\/02\/MDC2-200x200.jpg 200w, https:\/\/universomola.com\/wp-content\/uploads\/2023\/02\/MDC2-300x300.jpg 300w, https:\/\/universomola.com\/wp-content\/uploads\/2023\/02\/MDC2-400x400.jpg 400w, https:\/\/universomola.com\/wp-content\/uploads\/2023\/02\/MDC2-500x500.jpg 500w, https:\/\/universomola.com\/wp-content\/uploads\/2023\/02\/MDC2.jpg 580w\" data-sizes=\"(max-width: 492px) 100vw, 492px\" src=\"data:image\/svg+xml;base64,PHN2ZyB3aWR0aD0iMSIgaGVpZ2h0PSIxIiB4bWxucz0iaHR0cDovL3d3dy53My5vcmcvMjAwMC9zdmciPjwvc3ZnPg==\" style=\"--smush-placeholder-width: 492px; --smush-placeholder-aspect-ratio: 492\/492;\" \/><\/p>\n<p style=\"margin-bottom: 0in; text-align: justify;\" align=\"left\"><span style=\"font-size: small;\"><i>Foto cortes\u00eda de la marca<\/i><\/span><\/p>\n<p style=\"margin-bottom: 0in; text-align: justify;\" align=\"left\">Esta marca de ropa y accesorios, es la primera empresa de manufactura mexicana en obtener la certificaci\u00f3n Climate Neutral. Est\u00e1 inspirada por la cosmovisi\u00f3n de los pueblos ind\u00edgenas que reconocen a la naturaleza como a una madre. <i>Someone Somewhere<\/i> trabaja con 180 artesanos, de los cuales el 98% son mujeres residentes es los estados m\u00e1s vulnerables de M\u00e9xico<span style=\"font-size: medium;\">, por lo cual quiere impulsar su desarrollo y contribuir a su bienestar, rompiendo la cadena de pobreza, garantizando un trabajo digno y estable.<\/span><\/p>\n<p style=\"margin-bottom: 0in; text-align: justify;\" align=\"left\">Se utilizan las t\u00e9cnicas artesanales de Telar de cintura, Telar de Chicotillo, Bordado a Mano y Pepenado, para ofrecer prendas modernas, hermosas, y creativas, con el toque especial de colores y alegr\u00eda, tan caracter\u00edstico de las poblaciones mexicanas.<\/p>\n<p style=\"margin-bottom: 0in; text-align: justify;\" align=\"left\"><i>Someone Somewhere<\/i> quiere compartir la filosof\u00eda del \u201cbuen vivir\u201d, que no es m\u00e1s que vivir en armon\u00eda con la comunidad, la familia, la naturaleza y el universo. Y es ese esp\u00edritu de equilibrio ecol\u00f3gico y sensibilidad cultural que esta marca quiere comunicar.<\/p>\n<h3 class=\"western\" style=\"text-align: justify;\"><a name=\"_uqs6ooj51v37\"><\/a><a href=\"https:\/\/animanaonline.com.ar\/\"><span style=\"color: #666666;\"><b>ANIMAN\u00c1<\/b><\/span><\/a><\/h3>\n<p style=\"margin-bottom: 0in; text-align: justify;\" align=\"left\">Argentina<\/p>\n<p style=\"margin-bottom: 0in; text-align: justify;\" align=\"left\"><img decoding=\"async\" class=\"wp-image-15495 alignnone lazyload\" data-src=\"https:\/\/universomola.com\/wp-content\/uploads\/2023\/02\/MDC3.png\" alt=\"\" width=\"476\" height=\"542\" data-srcset=\"https:\/\/universomola.com\/wp-content\/uploads\/2023\/02\/MDC3-11x12.png 11w, https:\/\/universomola.com\/wp-content\/uploads\/2023\/02\/MDC3-200x227.png 200w, https:\/\/universomola.com\/wp-content\/uploads\/2023\/02\/MDC3-264x300.png 264w, https:\/\/universomola.com\/wp-content\/uploads\/2023\/02\/MDC3-400x455.png 400w, https:\/\/universomola.com\/wp-content\/uploads\/2023\/02\/MDC3.png 459w\" data-sizes=\"(max-width: 476px) 100vw, 476px\" src=\"data:image\/svg+xml;base64,PHN2ZyB3aWR0aD0iMSIgaGVpZ2h0PSIxIiB4bWxucz0iaHR0cDovL3d3dy53My5vcmcvMjAwMC9zdmciPjwvc3ZnPg==\" style=\"--smush-placeholder-width: 476px; --smush-placeholder-aspect-ratio: 476\/542;\" \/><\/p>\n<p style=\"margin-bottom: 0in; text-align: justify;\" align=\"left\"><span style=\"font-size: small;\"><i>Foto cortes\u00eda de la marca<\/i><\/span><\/p>\n<p style=\"margin-bottom: 0in; text-align: justify;\" align=\"left\">Esta marca de lujo sustentable, naci\u00f3 como un sue\u00f1o en los hermosos paisajes de la Patagonia argentina. Realiza prendas de fibras naturales procedentes de la Patagonia y los Andes con el fin de preservar a las comunidades locales, cuidar al medio ambiente y generar riqueza local. Para lo cual, forma artesanos y productores, priorizando los procesos de producci\u00f3n sustentables, y a su vez generando una cadena de valor \u00e9tica, sostenible y transparente.<\/p>\n<p style=\"margin-bottom: 0in; text-align: justify;\" align=\"left\">Sus prendas, de dise\u00f1os atemporales, est\u00e1n concebidas con fibras naturales como la esquila de las alpacas, llamas, vicu\u00f1as, guanacos. Son realizadas manualmente, priorizando el uso de colores y tintes naturales como base para sus Colecciones. Estas prendas est\u00e1n pensadas para perdurar a trav\u00e9s de los a\u00f1os. Animan\u00e1 fomenta un consumo consciente, donde la moda se convierta en fuente de bienestar para quienes la producen y consumen.<\/p>\n<h3 class=\"western\" style=\"text-align: justify;\"><a name=\"_ghnacryafxte\"><\/a><a href=\"https:\/\/www.innatacr.com\/\"><b>INNATA<\/b><\/a><\/h3>\n<p style=\"margin-bottom: 0in; text-align: justify;\" align=\"left\">Costa Rica<\/p>\n<p align=\"left\"><img decoding=\"async\" class=\"wp-image-15496 alignnone lazyload\" data-src=\"https:\/\/universomola.com\/wp-content\/uploads\/2023\/02\/MDC4.png\" alt=\"\" width=\"479\" height=\"402\" data-srcset=\"https:\/\/universomola.com\/wp-content\/uploads\/2023\/02\/MDC4-14x12.png 14w, https:\/\/universomola.com\/wp-content\/uploads\/2023\/02\/MDC4-200x168.png 200w, https:\/\/universomola.com\/wp-content\/uploads\/2023\/02\/MDC4-300x252.png 300w, https:\/\/universomola.com\/wp-content\/uploads\/2023\/02\/MDC4-400x336.png 400w, https:\/\/universomola.com\/wp-content\/uploads\/2023\/02\/MDC4-500x420.png 500w, https:\/\/universomola.com\/wp-content\/uploads\/2023\/02\/MDC4-600x504.png 600w, https:\/\/universomola.com\/wp-content\/uploads\/2023\/02\/MDC4.png 679w\" data-sizes=\"(max-width: 479px) 100vw, 479px\" src=\"data:image\/svg+xml;base64,PHN2ZyB3aWR0aD0iMSIgaGVpZ2h0PSIxIiB4bWxucz0iaHR0cDovL3d3dy53My5vcmcvMjAwMC9zdmciPjwvc3ZnPg==\" style=\"--smush-placeholder-width: 479px; --smush-placeholder-aspect-ratio: 479\/402;\" \/><\/p>\n<p style=\"margin-bottom: 0in; text-align: justify;\" align=\"left\"><span style=\"font-size: small;\"><i>Foto cortes\u00eda de la marca<\/i><\/span><\/p>\n<p style=\"margin-bottom: 0in; text-align: justify;\" align=\"left\">Innata de Costa Rica, ofrece moda sostenible que busca crear siluetas simples, modernas y atemporales que celebren la figura femenina. Dise\u00f1an prendas amigables con el ambiente, sostenibles y accesibles para sus clientas.<\/p>\n<p style=\"margin-bottom: 0in; text-align: justify;\" align=\"left\">Sus procesos de dise\u00f1o, confecci\u00f3n y entrega del producto est\u00e1n basados en un modelo circular, donde la finalidad es producir la menor cantidad de emisiones de carbono, as\u00ed como disminuir el material de desperdicio. Promueven la ideolog\u00eda de que \u00a1NADA ES BASURA!, aportando sus residuos a otros que pueden utilizarlos, para apoyar el trabajo de terceros y brindar insumos realizados con dichos desperdicios.<\/p>\n<p style=\"margin-bottom: 0in; text-align: justify;\" align=\"left\">\u00a0\u200b<\/p>\n<h3 class=\"western\" style=\"text-align: justify;\"><a name=\"_3wjm9tebqkey\"><\/a><a href=\"https:\/\/somosverticales.com\/\"><b>VERTICALES<\/b><\/a><\/h3>\n<p style=\"margin-bottom: 0in; text-align: justify;\" align=\"left\">Venezuela<\/p>\n<p align=\"left\"><img decoding=\"async\" class=\"wp-image-15497 alignnone lazyload\" data-src=\"https:\/\/universomola.com\/wp-content\/uploads\/2023\/02\/MDC5.png\" alt=\"\" width=\"638\" height=\"360\" data-srcset=\"https:\/\/universomola.com\/wp-content\/uploads\/2023\/02\/MDC5-18x10.png 18w, https:\/\/universomola.com\/wp-content\/uploads\/2023\/02\/MDC5-200x113.png 200w, https:\/\/universomola.com\/wp-content\/uploads\/2023\/02\/MDC5-300x169.png 300w, https:\/\/universomola.com\/wp-content\/uploads\/2023\/02\/MDC5-400x226.png 400w, https:\/\/universomola.com\/wp-content\/uploads\/2023\/02\/MDC5-500x282.png 500w, https:\/\/universomola.com\/wp-content\/uploads\/2023\/02\/MDC5-600x339.png 600w, https:\/\/universomola.com\/wp-content\/uploads\/2023\/02\/MDC5.png 648w\" data-sizes=\"(max-width: 638px) 100vw, 638px\" src=\"data:image\/svg+xml;base64,PHN2ZyB3aWR0aD0iMSIgaGVpZ2h0PSIxIiB4bWxucz0iaHR0cDovL3d3dy53My5vcmcvMjAwMC9zdmciPjwvc3ZnPg==\" style=\"--smush-placeholder-width: 638px; --smush-placeholder-aspect-ratio: 638\/360;\" \/><\/p>\n<p style=\"margin-bottom: 0in; text-align: justify;\" align=\"left\"><span style=\"font-size: small;\"><i>Foto cortes\u00eda de la marca<\/i><\/span><\/p>\n<p style=\"margin-bottom: 0in; text-align: justify;\" align=\"left\">A trav\u00e9s de su modelo de negocio de moda digital, Verticales busca promover un movimiento de consumo consciente, por ello, desarrolla piezas de vestir esenciales y atemporales, confeccionadas en f\u00e1bricas donde privan las condiciones dignas y \u00e9ticas.<\/p>\n<p style=\"margin-bottom: 0in; text-align: justify;\" align=\"left\">Sus piezas son realizadas con 100% algod\u00f3n Pima peruano, considerado el algod\u00f3n m\u00e1s fino del mundo. Sus empaques reciclables no utilizan materiales sint\u00e9ticos. Su proceso de creaci\u00f3n es totalmente transparente, por lo que en sus redes sociales cuentan la historia, el costo y el impacto de cada uno de sus productos; con el objetivo de que los usuarios puedan apreciar el trabajo que hay detr\u00e1s de cada pieza, siendo una garant\u00eda de la calidad que respalda su inversi\u00f3n.<\/p>\n<\/div><\/div><\/div><\/div><\/div>","protected":false},"excerpt":{"rendered":"","protected":false},"author":9,"featured_media":15491,"comment_status":"open","ping_status":"open","sticky":false,"template":"","format":"standard","meta":{"_monsterinsights_skip_tracking":false,"_monsterinsights_sitenote_active":false,"_monsterinsights_sitenote_note":"","_monsterinsights_sitenote_category":0,"footnotes":""},"categories":[40],"tags":[259,260,92,47,96,224],"class_list":["post-15489","post","type-post","status-publish","format-standard","has-post-thumbnail","hentry","category-blog","tag-259","tag-fashion","tag-moda-latinoamericana","tag-moda-sostenible","tag-moda-sustentable","tag-sostenibilidad"],"_links":{"self":[{"href":"https:\/\/universomola.com\/en\/wp-json\/wp\/v2\/posts\/15489","targetHints":{"allow":["GET"]}}],"collection":[{"href":"https:\/\/universomola.com\/en\/wp-json\/wp\/v2\/posts"}],"about":[{"href":"https:\/\/universomola.com\/en\/wp-json\/wp\/v2\/types\/post"}],"author":[{"embeddable":true,"href":"https:\/\/universomola.com\/en\/wp-json\/wp\/v2\/users\/9"}],"replies":[{"embeddable":true,"href":"https:\/\/universomola.com\/en\/wp-json\/wp\/v2\/comments?post=15489"}],"version-history":[{"count":7,"href":"https:\/\/universomola.com\/en\/wp-json\/wp\/v2\/posts\/15489\/revisions"}],"predecessor-version":[{"id":15502,"href":"https:\/\/universomola.com\/en\/wp-json\/wp\/v2\/posts\/15489\/revisions\/15502"}],"wp:featuredmedia":[{"embeddable":true,"href":"https:\/\/universomola.com\/en\/wp-json\/wp\/v2\/media\/15491"}],"wp:attachment":[{"href":"https:\/\/universomola.com\/en\/wp-json\/wp\/v2\/media?parent=15489"}],"wp:term":[{"taxonomy":"category","embeddable":true,"href":"https:\/\/universomola.com\/en\/wp-json\/wp\/v2\/categories?post=15489"},{"taxonomy":"post_tag","embeddable":true,"href":"https:\/\/universomola.com\/en\/wp-json\/wp\/v2\/tags?post=15489"}],"curies":[{"name":"wp","href":"https:\/\/api.w.org\/{rel}","templated":true}]}}