{"id":15895,"date":"2023-02-28T12:16:14","date_gmt":"2023-02-28T15:16:14","guid":{"rendered":"https:\/\/universomola.com\/?p=15895"},"modified":"2023-02-28T12:26:49","modified_gmt":"2023-02-28T15:26:49","slug":"vanguardia-es-sostenibilidad","status":"publish","type":"post","link":"https:\/\/universomola.com\/en\/vanguardia-es-sostenibilidad\/","title":{"rendered":"Vanguardia es sostenibilidad"},"content":{"rendered":"<div class=\"fusion-fullwidth fullwidth-box fusion-builder-row-1 fusion-flex-container nonhundred-percent-fullwidth non-hundred-percent-height-scrolling\" style=\"--awb-border-radius-top-left:0px;--awb-border-radius-top-right:0px;--awb-border-radius-bottom-right:0px;--awb-border-radius-bottom-left:0px;--awb-padding-right-small:0px;--awb-padding-left-small:0px;--awb-margin-top-small:0px;--awb-flex-wrap:wrap;\" ><div class=\"fusion-builder-row fusion-row fusion-flex-align-items-flex-start fusion-flex-content-wrap\" style=\"max-width:calc( 1200px + 0px );margin-left: calc(-0px \/ 2 );margin-right: calc(-0px \/ 2 );\"><div class=\"fusion-layout-column fusion_builder_column fusion-builder-column-0 fusion_builder_column_1_1 1_1 fusion-flex-column\" style=\"--awb-bg-size:cover;--awb-width-large:100%;--awb-margin-top-large:0px;--awb-spacing-right-large:0px;--awb-margin-bottom-large:0px;--awb-spacing-left-large:0px;--awb-width-medium:100%;--awb-spacing-right-medium:0px;--awb-spacing-left-medium:0px;--awb-width-small:100%;--awb-spacing-right-small:0px;--awb-spacing-left-small:0px;\"><div class=\"fusion-column-wrapper fusion-flex-justify-content-flex-start fusion-content-layout-column\"><div class=\"fusion-text fusion-text-1\"><p>By <a href=\"http:\/\/instagram.com\/_rrrenata_\/\">Renata Correa<\/a><\/p>\n<p><span style=\"font-weight: 400;\">Cada d\u00eda son m\u00e1s los dise\u00f1adores que eligen no mirar al costado cuando se trata de dise\u00f1o \u00e9tico y responsable. Febrero est\u00e1 lleno de pasarelas y tendencias que dejan a entrever que, la verdadera vanguardia es la sostenibilidad. Por eso te traemos un <\/span><i><span style=\"font-weight: 400;\">recap<\/span><\/i><span style=\"font-weight: 400;\"> acerca de lo que fueron Nueva York y London Fashion Week temporada oto\u00f1o-invierno 2023 y su impronta hacia hacer la industria m\u00e1s justa y \u00e9tica.<\/span><\/p>\n<h2><b>New York Fashion Week<\/b><\/h2>\n<p><span style=\"font-weight: 400;\">Conocida por ser la cuna de marcas consagradas como Oscar de la renta, Marc Jacobs o Ralph Lauren,\u00a0 Nueva York sigue apostando por el talento emergente y la creatividad que caracteriza su cultura. Hoy te mostramos dos de los debuts m\u00e1s comentados de esta edici\u00f3n de NYFW.<\/span><\/p>\n<p><b>Zoe Gustavia Anna Whalen<\/b><\/p>\n<p><span style=\"font-weight: 400;\">Destacar en el universo de NYFW puede ser un obst\u00e1culo para muchos dise\u00f1adores, no as\u00ed <\/span><span style=\"font-weight: 400;\">en el caso del debut de <\/span><a href=\"https:\/\/zoegustaviaannawhalen.com\/\"><span style=\"font-weight: 400;\">Zoe Gustavia Anna Whalen.<\/span><\/a><\/p>\n<div id=\"attachment_15896\" style=\"width: 359px\" class=\"wp-caption alignleft\"><img decoding=\"async\" aria-describedby=\"caption-attachment-15896\" class=\"wp-image-15896 lazyload\" data-src=\"https:\/\/universomola.com\/wp-content\/uploads\/2023\/02\/Screenshot-2023-02-27-at-15.23.05.png\" alt=\"\" width=\"349\" height=\"469\" data-srcset=\"https:\/\/universomola.com\/wp-content\/uploads\/2023\/02\/Screenshot-2023-02-27-at-15.23.05-9x12.png 9w, https:\/\/universomola.com\/wp-content\/uploads\/2023\/02\/Screenshot-2023-02-27-at-15.23.05-200x268.png 200w, https:\/\/universomola.com\/wp-content\/uploads\/2023\/02\/Screenshot-2023-02-27-at-15.23.05-223x300.png 223w, https:\/\/universomola.com\/wp-content\/uploads\/2023\/02\/Screenshot-2023-02-27-at-15.23.05-400x537.png 400w, https:\/\/universomola.com\/wp-content\/uploads\/2023\/02\/Screenshot-2023-02-27-at-15.23.05-500x671.png 500w, https:\/\/universomola.com\/wp-content\/uploads\/2023\/02\/Screenshot-2023-02-27-at-15.23.05.png 590w\" data-sizes=\"(max-width: 349px) 100vw, 349px\" src=\"data:image\/svg+xml;base64,PHN2ZyB3aWR0aD0iMSIgaGVpZ2h0PSIxIiB4bWxucz0iaHR0cDovL3d3dy53My5vcmcvMjAwMC9zdmciPjwvc3ZnPg==\" style=\"--smush-placeholder-width: 349px; --smush-placeholder-aspect-ratio: 349\/469;\" \/><p id=\"caption-attachment-15896\" class=\"wp-caption-text\"><span style=\"color: #808080;\"><em>cr\u00e9ditos: Zoe Gustavia Anna Whalem <\/em><\/span><\/p><\/div>\n<p><span style=\"font-weight: 400;\">En el centro de la iglesia de San Marcos, la dise\u00f1adora present\u00f3 una colecci\u00f3n creada enteramente a partir de <\/span><b>telas en desuso y de segunda mano<\/b><span style=\"font-weight: 400;\">, que fue recolectando de distintas partes del mundo.<\/span><\/p>\n<p><span style=\"font-weight: 400;\">Evocando la lencer\u00eda victoriana Zoe Gustavia Anna Whalen cre\u00f3 siluetas que evocan sensualidad y dramatismo las cuales fueron acompa\u00f1adas de un desfile que reivindica la pasarela como intervenci\u00f3n art\u00edstica.\u00a0<\/span><\/p>\n<p><b>Sam Finger\u00a0<\/b><\/p>\n<p><span style=\"font-weight: 400;\">Inspirada en la cruda realidad de la escena art\u00edstica y creativa de brooklyn, la colecci\u00f3n que <\/span><a href=\"https:\/\/www.instagram.com\/samfingernewyork\/\"><span style=\"font-weight: 400;\">Sam Finger<\/span><\/a><span style=\"font-weight: 400;\"> present\u00f3 en su debut en NYFW, trae <\/span><b>todo lo que la industria necesita saber sobre el futuro: es sostenible y para todos.\u00a0<\/b><span style=\"font-weight: 400;\">\u00a0<\/span><\/p>\n<p><span style=\"font-weight: 400;\">El dise\u00f1o \u00e9tico fue el enfoque que tom\u00f3 el dise\u00f1ador para crear piezas \u00fanicas, con terminaciones y siluetas que solo se encuentran en el dise\u00f1o artesanal.\u00a0<\/span><\/p>\n<p><span style=\"font-weight: 400;\">Sus piezas individuales creadas a partir de materiales, que var\u00edan de mantas recicladas a piezas Levi\u2019s vintage, en conjunto funciona de manera org\u00e1nica y atemporal adapt\u00e1ndose a todas las corporalidades.\u00a0<\/span><\/p>\n<div id=\"attachment_15898\" style=\"width: 394px\" class=\"wp-caption alignright\"><img decoding=\"async\" aria-describedby=\"caption-attachment-15898\" class=\"wp-image-15898 lazyload\" data-src=\"https:\/\/universomola.com\/wp-content\/uploads\/2023\/02\/Screenshot-2023-02-27-at-15.31.12.png\" alt=\"\" width=\"384\" height=\"462\" data-srcset=\"https:\/\/universomola.com\/wp-content\/uploads\/2023\/02\/Screenshot-2023-02-27-at-15.31.12-10x12.png 10w, https:\/\/universomola.com\/wp-content\/uploads\/2023\/02\/Screenshot-2023-02-27-at-15.31.12-200x240.png 200w, https:\/\/universomola.com\/wp-content\/uploads\/2023\/02\/Screenshot-2023-02-27-at-15.31.12-249x300.png 249w, https:\/\/universomola.com\/wp-content\/uploads\/2023\/02\/Screenshot-2023-02-27-at-15.31.12-400x481.png 400w, https:\/\/universomola.com\/wp-content\/uploads\/2023\/02\/Screenshot-2023-02-27-at-15.31.12-500x601.png 500w, https:\/\/universomola.com\/wp-content\/uploads\/2023\/02\/Screenshot-2023-02-27-at-15.31.12-600x721.png 600w, https:\/\/universomola.com\/wp-content\/uploads\/2023\/02\/Screenshot-2023-02-27-at-15.31.12.png 642w\" data-sizes=\"(max-width: 384px) 100vw, 384px\" src=\"data:image\/svg+xml;base64,PHN2ZyB3aWR0aD0iMSIgaGVpZ2h0PSIxIiB4bWxucz0iaHR0cDovL3d3dy53My5vcmcvMjAwMC9zdmciPjwvc3ZnPg==\" style=\"--smush-placeholder-width: 384px; --smush-placeholder-aspect-ratio: 384\/462;\" \/><p id=\"caption-attachment-15898\" class=\"wp-caption-text\"><span style=\"color: #808080;\"><em>Cr\u00e9ditos: Sam Finger instagram<\/em><\/span><\/p><\/div>\n<h2><b>London Fashion Week\u00a0<\/b><\/h2>\n<p><span style=\"font-weight: 400;\">Extraoficialmente LFW comenz\u00f3 con una misa en honor a Vivienne Westwood, quien marc\u00f3 un antes y un despu\u00e9s en el camino hacia la innovaci\u00f3n del mundo de la moda britanico, la primer semana de la moda sin Vivienne estuvo llena de artistas y dise\u00f1adores que, como ella, vinieron a cambiar las reglas del juego.\u00a0<\/span><\/p>\n<p><b>Ancuta Sarca<\/b><\/p>\n<p><span style=\"font-weight: 400;\">Si hablamos de tendencias sostenibles, los zapatos de Ancuta Sarca est\u00e1n en todos los perfiles de instagram y tiktok de las \u201cIt Girls\u201d del momento, desde Bella Hadid hasta La Rosalia, todas quieren un par.\u00a0<\/span><\/p>\n<p><span style=\"font-weight: 400;\">En colaboraci\u00f3n con Lee Jeans, presentaron una colecci\u00f3n ready-to-wear hecha a partir de<\/span><b> mezclilla reciclada, zapatos deportivos en desuso, piel sint\u00e9tica en desuso y chaquetas vintage<\/b><span style=\"font-weight: 400;\">, inspiradas en la tendencia Y2K, estas prendas son lo \u00faltimo en tendencia pero adem\u00e1s est\u00e1n creadas de manera \u00e9tica y responsable.\u00a0<\/span><\/p>\n<div id=\"attachment_15899\" style=\"width: 351px\" class=\"wp-caption alignleft\"><img decoding=\"async\" aria-describedby=\"caption-attachment-15899\" class=\"wp-image-15899 lazyload\" data-src=\"https:\/\/universomola.com\/wp-content\/uploads\/2023\/02\/Screenshot-2023-02-27-at-15.32.46.png\" alt=\"\" width=\"341\" height=\"414\" data-srcset=\"https:\/\/universomola.com\/wp-content\/uploads\/2023\/02\/Screenshot-2023-02-27-at-15.32.46-10x12.png 10w, https:\/\/universomola.com\/wp-content\/uploads\/2023\/02\/Screenshot-2023-02-27-at-15.32.46-200x242.png 200w, https:\/\/universomola.com\/wp-content\/uploads\/2023\/02\/Screenshot-2023-02-27-at-15.32.46-247x300.png 247w, https:\/\/universomola.com\/wp-content\/uploads\/2023\/02\/Screenshot-2023-02-27-at-15.32.46-400x485.png 400w, https:\/\/universomola.com\/wp-content\/uploads\/2023\/02\/Screenshot-2023-02-27-at-15.32.46-500x606.png 500w, https:\/\/universomola.com\/wp-content\/uploads\/2023\/02\/Screenshot-2023-02-27-at-15.32.46-600x727.png 600w, https:\/\/universomola.com\/wp-content\/uploads\/2023\/02\/Screenshot-2023-02-27-at-15.32.46.png 678w\" data-sizes=\"(max-width: 341px) 100vw, 341px\" src=\"data:image\/svg+xml;base64,PHN2ZyB3aWR0aD0iMSIgaGVpZ2h0PSIxIiB4bWxucz0iaHR0cDovL3d3dy53My5vcmcvMjAwMC9zdmciPjwvc3ZnPg==\" style=\"--smush-placeholder-width: 341px; --smush-placeholder-aspect-ratio: 341\/414;\" \/><p id=\"caption-attachment-15899\" class=\"wp-caption-text\"><em><span style=\"color: #808080;\">Cr\u00e9ditos: Anucta Sarca<\/span><\/em><\/p><\/div>\n<p><b>Susan Fang\u00a0<\/b><\/p>\n<p><span style=\"font-weight: 400;\">Textiles biodegradables e impresores 3D fueron los recursos que eligi\u00f3 esta marca para reducir el impacto de sus accesorios, asegurando reducir sus desechos, ya que la impresi\u00f3n 3D permite crear solo lo necesario en el caso de sus carteras\u00a0 y\u00a0 que sus chaquetas de TPU cuando est\u00e9n en desuso pueden biodegradarse. Adem\u00e1s lograron reutilizar encajes y restos textiles de su colecci\u00f3n anterior.\u00a0<\/span><\/p>\n<p><b>Conner Ives.<\/b><\/p>\n<p><span style=\"font-weight: 400;\">Otra de las marcas m\u00e1s esperadas del calendario de LFW fue <\/span><a href=\"https:\/\/www.instagram.com\/connerives\/\"><span style=\"font-weight: 400;\">Conner Ives<\/span><\/a><span style=\"font-weight: 400;\">, su colecci\u00f3n fue AW23 adem\u00e1s de ser fresca, colorida y vers\u00e1til, fue creada con una mirada consciente y responsable, desde sus vestidos hechos a partir de pa\u00f1uelos de seda pre-armados, hasta su sastrer\u00eda hecha a partir de Tencel, con esta colecci\u00f3n Conner Ives pretende reafirmar su compromiso con el dise\u00f1o \u00e9tico y \u00a1nos encanta!<\/span><\/p>\n<p><b>Patrick McDowell\u00a0<\/b><\/p>\n<p><span style=\"font-weight: 400;\">Tal es el compromiso de <\/span><a href=\"https:\/\/www.instagram.com\/patrick__mcdowell\/\"><span style=\"font-weight: 400;\">Patrick McDowell<\/span><\/a><span style=\"font-weight: 400;\"> con la sostenibilidad, que durante mucho tiempo ni siquiera cre\u00f3 ropa real, ahora que volvi\u00f3, sus piezas son edici\u00f3n limitada y solo pueden conseguirse por pedido, para as\u00ed no producir en masa piezas que puedan quedar\u00a0 obsoletas en un cambio de temporada. Hechas a partir de materiales reciclados y con telas producidas de manera \u00e9tica, todas sus piezas son dignas de la alta costura y adem\u00e1s, sostenibles.\u00a0<\/span><\/p>\n<p><b>Priya Ahluwalia\u00a0<\/b><\/p>\n<p><span style=\"font-weight: 400;\">Priya es una gran defensora del reciclaje desde sus inicios, sus piezas creadas a partir de textiles responsables, desde sus inicios reutilizando ropa deportiva hasta su \u00faltima colecci\u00f3n con un toque m\u00e1s sensual y elegante.\u00a0<\/span><span style=\"font-weight: 400;\">\u00a0<\/span><a href=\"https:\/\/www.instagram.com\/priya.ahluwalia1\/\"><span style=\"font-weight: 400;\">Priya Ahluawalia<\/span><\/a><span style=\"font-weight: 400;\"> no para de innovar cuando se trata de moda sustentable, su \u00faltima colecci\u00f3n adem\u00e1s de haber sido producida de forma \u00e9tica, incluye un QR en la etiqueta de cada prenda para que sus clientes puedan saber c\u00f3mo\u00a0 fue hecha la prenda, de d\u00f3nde vienen los materiales y cu\u00e1l es su historia, dejando en claro que sus objetivos a futuro son la transparencia y la trazabilidad del dise\u00f1o sustentable.<\/span><\/p>\n<\/div><\/div><\/div><\/div><\/div>","protected":false},"excerpt":{"rendered":"","protected":false},"author":2,"featured_media":15901,"comment_status":"open","ping_status":"open","sticky":false,"template":"","format":"standard","meta":{"_monsterinsights_skip_tracking":false,"_monsterinsights_sitenote_active":false,"_monsterinsights_sitenote_note":"","_monsterinsights_sitenote_category":0,"footnotes":""},"categories":[183],"tags":[259,260,92,269,47,96,224],"class_list":["post-15895","post","type-post","status-publish","format-standard","has-post-thumbnail","hentry","category-noti-mola-news","tag-259","tag-fashion","tag-moda-latinoamericana","tag-moda-organica","tag-moda-sostenible","tag-moda-sustentable","tag-sostenibilidad"],"_links":{"self":[{"href":"https:\/\/universomola.com\/en\/wp-json\/wp\/v2\/posts\/15895","targetHints":{"allow":["GET"]}}],"collection":[{"href":"https:\/\/universomola.com\/en\/wp-json\/wp\/v2\/posts"}],"about":[{"href":"https:\/\/universomola.com\/en\/wp-json\/wp\/v2\/types\/post"}],"author":[{"embeddable":true,"href":"https:\/\/universomola.com\/en\/wp-json\/wp\/v2\/users\/2"}],"replies":[{"embeddable":true,"href":"https:\/\/universomola.com\/en\/wp-json\/wp\/v2\/comments?post=15895"}],"version-history":[{"count":1,"href":"https:\/\/universomola.com\/en\/wp-json\/wp\/v2\/posts\/15895\/revisions"}],"predecessor-version":[{"id":15900,"href":"https:\/\/universomola.com\/en\/wp-json\/wp\/v2\/posts\/15895\/revisions\/15900"}],"wp:featuredmedia":[{"embeddable":true,"href":"https:\/\/universomola.com\/en\/wp-json\/wp\/v2\/media\/15901"}],"wp:attachment":[{"href":"https:\/\/universomola.com\/en\/wp-json\/wp\/v2\/media?parent=15895"}],"wp:term":[{"taxonomy":"category","embeddable":true,"href":"https:\/\/universomola.com\/en\/wp-json\/wp\/v2\/categories?post=15895"},{"taxonomy":"post_tag","embeddable":true,"href":"https:\/\/universomola.com\/en\/wp-json\/wp\/v2\/tags?post=15895"}],"curies":[{"name":"wp","href":"https:\/\/api.w.org\/{rel}","templated":true}]}}