{"id":16496,"date":"2023-03-07T19:20:43","date_gmt":"2023-03-07T22:20:43","guid":{"rendered":"https:\/\/universomola.com\/?p=16496"},"modified":"2023-03-07T19:20:43","modified_gmt":"2023-03-07T22:20:43","slug":"ilegal-una-coleccion-de-ernesto-artillo","status":"publish","type":"post","link":"https:\/\/universomola.com\/en\/ilegal-una-coleccion-de-ernesto-artillo\/","title":{"rendered":"ILEGAL, una colecci\u00f3n de Ernesto Artillo"},"content":{"rendered":"<div class=\"fusion-fullwidth fullwidth-box fusion-builder-row-1 fusion-flex-container nonhundred-percent-fullwidth non-hundred-percent-height-scrolling\" style=\"--awb-border-radius-top-left:0px;--awb-border-radius-top-right:0px;--awb-border-radius-bottom-right:0px;--awb-border-radius-bottom-left:0px;--awb-padding-right-small:0px;--awb-padding-left-small:0px;--awb-margin-top-small:0px;--awb-flex-wrap:wrap;\" ><div class=\"fusion-builder-row fusion-row fusion-flex-align-items-flex-start fusion-flex-content-wrap\" style=\"max-width:calc( 1200px + 0px );margin-left: calc(-0px \/ 2 );margin-right: calc(-0px \/ 2 );\"><div class=\"fusion-layout-column fusion_builder_column fusion-builder-column-0 fusion_builder_column_1_1 1_1 fusion-flex-column\" style=\"--awb-bg-size:cover;--awb-width-large:100%;--awb-margin-top-large:0px;--awb-spacing-right-large:0px;--awb-margin-bottom-large:0px;--awb-spacing-left-large:0px;--awb-width-medium:100%;--awb-spacing-right-medium:0px;--awb-spacing-left-medium:0px;--awb-width-small:100%;--awb-spacing-right-small:0px;--awb-spacing-left-small:0px;\"><div class=\"fusion-column-wrapper fusion-flex-justify-content-flex-start fusion-content-layout-column\"><div class=\"fusion-text fusion-text-1\"><p>By <a href=\"http:\/\/instagram.com\/_rrrenata_\/\">Renata Correa<\/a><\/p>\n<p><span style=\"font-weight: 400;\">Cuando hablamos de Alta Costura a nuestra mente pueden venir im\u00e1genes de piezas de lujo, telas inmaculadas y construcciones en perfecto estado, nada de esto puede estar m\u00e1s lejos de la \u00faltima colecci\u00f3n del artista interdisciplinario <\/span><a href=\"https:\/\/www.instagram.com\/ernestoartillo\/?hl=en\"><span style=\"font-weight: 400;\">Ernest Artillo<\/span><\/a><span style=\"font-weight: 400;\">.\u00a0<\/span><\/p>\n<p style=\"text-align: center;\"><img decoding=\"async\" class=\"size-full wp-image-16497 aligncenter lazyload\" data-src=\"https:\/\/universomola.com\/wp-content\/uploads\/2023\/03\/inmigrantes-ernesto-artillo-bis-1.jpg\" alt=\"\" width=\"765\" height=\"522\" data-srcset=\"https:\/\/universomola.com\/wp-content\/uploads\/2023\/03\/inmigrantes-ernesto-artillo-bis-1-18x12.jpg 18w, https:\/\/universomola.com\/wp-content\/uploads\/2023\/03\/inmigrantes-ernesto-artillo-bis-1-200x136.jpg 200w, https:\/\/universomola.com\/wp-content\/uploads\/2023\/03\/inmigrantes-ernesto-artillo-bis-1-300x205.jpg 300w, https:\/\/universomola.com\/wp-content\/uploads\/2023\/03\/inmigrantes-ernesto-artillo-bis-1-400x273.jpg 400w, https:\/\/universomola.com\/wp-content\/uploads\/2023\/03\/inmigrantes-ernesto-artillo-bis-1-500x341.jpg 500w, https:\/\/universomola.com\/wp-content\/uploads\/2023\/03\/inmigrantes-ernesto-artillo-bis-1-600x409.jpg 600w, https:\/\/universomola.com\/wp-content\/uploads\/2023\/03\/inmigrantes-ernesto-artillo-bis-1-700x478.jpg 700w, https:\/\/universomola.com\/wp-content\/uploads\/2023\/03\/inmigrantes-ernesto-artillo-bis-1.jpg 765w\" data-sizes=\"(max-width: 765px) 100vw, 765px\" src=\"data:image\/svg+xml;base64,PHN2ZyB3aWR0aD0iMSIgaGVpZ2h0PSIxIiB4bWxucz0iaHR0cDovL3d3dy53My5vcmcvMjAwMC9zdmciPjwvc3ZnPg==\" style=\"--smush-placeholder-width: 765px; --smush-placeholder-aspect-ratio: 765\/522;\" \/><span style=\"font-weight: 400; color: #999999;\">cr\u00e9ditos: Ernesto Artillo instagram<\/span><\/p>\n<p><strong>En el marco de la semana de la moda madrile\u00f1a el dise\u00f1ador present\u00f3 su colecci\u00f3n \u2018Ilegal\u2019 la cual fue denominada \u201cla colecci\u00f3n de alta costura m\u00e1s cara de espa\u00f1a\u201d su colecci\u00f3n fue hecha a partir de ropa encontrada en las costas de Armer\u00eda.\u00a0<\/strong><\/p>\n<p><span style=\"font-weight: 400;\">Cuando Ernesto se mudo a las costas del cabo de gratas, comenz\u00f3 a notar la cantidad de prendas abandonadas que encontraba cada vez que sal\u00eda a dar un paseo por la playa, comenz\u00f3 a recogerlas con el objetivo de limpiar las playas, con el paso del tiempo entendi\u00f3 de donde venias estas prendas \u201cabandonadas\u201d.<\/span><\/p>\n<p style=\"text-align: center;\"><img decoding=\"async\" class=\"size-full wp-image-16498 aligncenter lazyload\" data-src=\"https:\/\/universomola.com\/wp-content\/uploads\/2023\/03\/inmigrantes-ernesto-artillo-bis-6.jpg\" alt=\"\" width=\"765\" height=\"522\" data-srcset=\"https:\/\/universomola.com\/wp-content\/uploads\/2023\/03\/inmigrantes-ernesto-artillo-bis-6-18x12.jpg 18w, https:\/\/universomola.com\/wp-content\/uploads\/2023\/03\/inmigrantes-ernesto-artillo-bis-6-200x136.jpg 200w, https:\/\/universomola.com\/wp-content\/uploads\/2023\/03\/inmigrantes-ernesto-artillo-bis-6-300x205.jpg 300w, https:\/\/universomola.com\/wp-content\/uploads\/2023\/03\/inmigrantes-ernesto-artillo-bis-6-400x273.jpg 400w, https:\/\/universomola.com\/wp-content\/uploads\/2023\/03\/inmigrantes-ernesto-artillo-bis-6-500x341.jpg 500w, https:\/\/universomola.com\/wp-content\/uploads\/2023\/03\/inmigrantes-ernesto-artillo-bis-6-600x409.jpg 600w, https:\/\/universomola.com\/wp-content\/uploads\/2023\/03\/inmigrantes-ernesto-artillo-bis-6-700x478.jpg 700w, https:\/\/universomola.com\/wp-content\/uploads\/2023\/03\/inmigrantes-ernesto-artillo-bis-6.jpg 765w\" data-sizes=\"(max-width: 765px) 100vw, 765px\" src=\"data:image\/svg+xml;base64,PHN2ZyB3aWR0aD0iMSIgaGVpZ2h0PSIxIiB4bWxucz0iaHR0cDovL3d3dy53My5vcmcvMjAwMC9zdmciPjwvc3ZnPg==\" style=\"--smush-placeholder-width: 765px; --smush-placeholder-aspect-ratio: 765\/522;\" \/><span style=\"font-weight: 400; color: #999999;\">cr\u00e9ditos: Ernesto Artillo instagram<\/span><\/p>\n<p><strong>El cabo de Gratas es conocido por ser uno de los lugares por donde entran los migrantes a Espa\u00f1a, estas prendas que Ernesto iba recolectando, no eran m\u00e1s que prendas dejadas por quienes entraban al pa\u00eds por el mar.<\/strong><\/p>\n<p><span style=\"font-weight: 400;\">As\u00ed como \u00e9l mismo explica <\/span><span style=\"font-weight: 400;\">\u201c<\/span><i><span style=\"font-weight: 400;\">desde que resido en Cabo de Gata he ido recogiendo esas prendas como una forma de entender el contexto en el que habito, no solo como un para\u00edso, sino tambi\u00e9n como lugar de acogida de peregrinaciones infernales. Recoger la ropa de los y las inmigrantes es una forma de seguir sus pasos literalmente, de reflexionar sobre la realidad que tengo frente a m\u00ed y de reconocer que, viviendo aqu\u00ed, la inmigraci\u00f3n forma parte de mi cotidianidad tanto como el paisaje. No pod\u00eda mirar hacia otro lado<\/span><\/i><span style=\"font-weight: 400;\">.\u201d<\/span><\/p>\n<p><strong>Algunas de estas prendas tienen hasta 14 a\u00f1os de antig\u00fcedad y para\u00a0 poder reutilizarse han tenido que pasar por un proceso de lavado a mano, desparasitaci\u00f3n y restauraci\u00f3n.<\/strong><\/p>\n<p><span style=\"font-weight: 400;\">La colecci\u00f3n busca mostrar a trav\u00e9s de sus prendas, <strong>las vivencias de los migrantes<\/strong>, as\u00ed como tambi\u00e9n lo dif\u00edcil que es para ellas y ellos entrar y permanecer en el pa\u00eds,\u00a0 pero tambi\u00e9n busca ser una cr\u00edtica al impacto que tiene la industria textil en el medio ambiente. Muchas de estas prendas est\u00e1n confeccionadas con imitaciones de marcas como Gucci, Prada, Balenciaga y Diesel que salieron del fast fashion europeo y terminan comercializandose en pa\u00edses de \u00e1frica a precios accesibles.<\/span><\/p>\n<p style=\"text-align: center;\"><img decoding=\"async\" class=\"size-full wp-image-16499 aligncenter lazyload\" data-src=\"https:\/\/universomola.com\/wp-content\/uploads\/2023\/03\/inmigrantes-ernesto-artillo-bis-3.jpg\" alt=\"\" width=\"765\" height=\"522\" data-srcset=\"https:\/\/universomola.com\/wp-content\/uploads\/2023\/03\/inmigrantes-ernesto-artillo-bis-3-18x12.jpg 18w, https:\/\/universomola.com\/wp-content\/uploads\/2023\/03\/inmigrantes-ernesto-artillo-bis-3-200x136.jpg 200w, https:\/\/universomola.com\/wp-content\/uploads\/2023\/03\/inmigrantes-ernesto-artillo-bis-3-300x205.jpg 300w, https:\/\/universomola.com\/wp-content\/uploads\/2023\/03\/inmigrantes-ernesto-artillo-bis-3-400x273.jpg 400w, https:\/\/universomola.com\/wp-content\/uploads\/2023\/03\/inmigrantes-ernesto-artillo-bis-3-500x341.jpg 500w, https:\/\/universomola.com\/wp-content\/uploads\/2023\/03\/inmigrantes-ernesto-artillo-bis-3-600x409.jpg 600w, https:\/\/universomola.com\/wp-content\/uploads\/2023\/03\/inmigrantes-ernesto-artillo-bis-3-700x478.jpg 700w, https:\/\/universomola.com\/wp-content\/uploads\/2023\/03\/inmigrantes-ernesto-artillo-bis-3.jpg 765w\" data-sizes=\"(max-width: 765px) 100vw, 765px\" src=\"data:image\/svg+xml;base64,PHN2ZyB3aWR0aD0iMSIgaGVpZ2h0PSIxIiB4bWxucz0iaHR0cDovL3d3dy53My5vcmcvMjAwMC9zdmciPjwvc3ZnPg==\" style=\"--smush-placeholder-width: 765px; --smush-placeholder-aspect-ratio: 765\/522;\" \/><span style=\"font-weight: 400; color: #999999;\">cr\u00e9ditos: Ernesto Artillo instagram<\/span><\/p>\n<p><span style=\"font-weight: 400; color: #000000;\"><strong>La colecci\u00f3n gener\u00f3 una controversia a los espectadores<\/strong>, desde quienes piensan que su mensaje es poderoso y necesario hasta quienes piensan que el artista se \u201cadue\u00f1\u00f3\u201d de una historia que no le corresponde y lo consideran una falta de respeto a la poblaci\u00f3n migrante y su sufrimiento.<\/span><\/p>\n<p><span style=\"font-weight: 400; color: #000000;\">\u00a0Por su parte el dise\u00f1ador acot\u00f3 que no busc\u00f3 hacer de esta colecci\u00f3n un tema de activismo,sino de reflexi\u00f3n. Adem\u00e1s el 50% de las ganancias que correspondan a la venta de estas prendas estar\u00e1n destinadas a ACCEM, una asociaci\u00f3n que trabaja con familias desalojadas en los asentamientos de Almer\u00eda.\u00a0<\/span><\/p>\n<\/div><\/div><\/div><\/div><\/div>","protected":false},"excerpt":{"rendered":"","protected":false},"author":2,"featured_media":16893,"comment_status":"open","ping_status":"open","sticky":false,"template":"","format":"standard","meta":{"_monsterinsights_skip_tracking":false,"_monsterinsights_sitenote_active":false,"_monsterinsights_sitenote_note":"","_monsterinsights_sitenote_category":0,"footnotes":""},"categories":[183],"tags":[259,260,92,269,47,96,224],"class_list":["post-16496","post","type-post","status-publish","format-standard","has-post-thumbnail","hentry","category-noti-mola-news","tag-259","tag-fashion","tag-moda-latinoamericana","tag-moda-organica","tag-moda-sostenible","tag-moda-sustentable","tag-sostenibilidad"],"_links":{"self":[{"href":"https:\/\/universomola.com\/en\/wp-json\/wp\/v2\/posts\/16496","targetHints":{"allow":["GET"]}}],"collection":[{"href":"https:\/\/universomola.com\/en\/wp-json\/wp\/v2\/posts"}],"about":[{"href":"https:\/\/universomola.com\/en\/wp-json\/wp\/v2\/types\/post"}],"author":[{"embeddable":true,"href":"https:\/\/universomola.com\/en\/wp-json\/wp\/v2\/users\/2"}],"replies":[{"embeddable":true,"href":"https:\/\/universomola.com\/en\/wp-json\/wp\/v2\/comments?post=16496"}],"version-history":[{"count":1,"href":"https:\/\/universomola.com\/en\/wp-json\/wp\/v2\/posts\/16496\/revisions"}],"predecessor-version":[{"id":16500,"href":"https:\/\/universomola.com\/en\/wp-json\/wp\/v2\/posts\/16496\/revisions\/16500"}],"wp:featuredmedia":[{"embeddable":true,"href":"https:\/\/universomola.com\/en\/wp-json\/wp\/v2\/media\/16893"}],"wp:attachment":[{"href":"https:\/\/universomola.com\/en\/wp-json\/wp\/v2\/media?parent=16496"}],"wp:term":[{"taxonomy":"category","embeddable":true,"href":"https:\/\/universomola.com\/en\/wp-json\/wp\/v2\/categories?post=16496"},{"taxonomy":"post_tag","embeddable":true,"href":"https:\/\/universomola.com\/en\/wp-json\/wp\/v2\/tags?post=16496"}],"curies":[{"name":"wp","href":"https:\/\/api.w.org\/{rel}","templated":true}]}}