{"id":17334,"date":"2023-03-28T18:20:22","date_gmt":"2023-03-28T21:20:22","guid":{"rendered":"https:\/\/universomola.com\/?p=17334"},"modified":"2023-03-28T18:20:22","modified_gmt":"2023-03-28T21:20:22","slug":"maydi-la-marca-argentina-de-tejidos-presento-sus-colecciones-en-la-paris-fashion-week","status":"publish","type":"post","link":"https:\/\/universomola.com\/en\/maydi-la-marca-argentina-de-tejidos-presento-sus-colecciones-en-la-paris-fashion-week\/","title":{"rendered":"Maydi, la marca argentina de tejidos present\u00f3 sus colecciones en la Paris Fashion Week"},"content":{"rendered":"<div class=\"fusion-fullwidth fullwidth-box fusion-builder-row-1 fusion-flex-container nonhundred-percent-fullwidth non-hundred-percent-height-scrolling\" style=\"--awb-border-radius-top-left:0px;--awb-border-radius-top-right:0px;--awb-border-radius-bottom-right:0px;--awb-border-radius-bottom-left:0px;--awb-padding-right-small:0px;--awb-padding-left-small:0px;--awb-margin-top-small:0px;--awb-flex-wrap:wrap;\" ><div class=\"fusion-builder-row fusion-row fusion-flex-align-items-flex-start fusion-flex-content-wrap\" style=\"max-width:calc( 1200px + 0px );margin-left: calc(-0px \/ 2 );margin-right: calc(-0px \/ 2 );\"><div class=\"fusion-layout-column fusion_builder_column fusion-builder-column-0 fusion_builder_column_1_1 1_1 fusion-flex-column\" style=\"--awb-bg-size:cover;--awb-width-large:100%;--awb-margin-top-large:0px;--awb-spacing-right-large:0px;--awb-margin-bottom-large:0px;--awb-spacing-left-large:0px;--awb-width-medium:100%;--awb-spacing-right-medium:0px;--awb-spacing-left-medium:0px;--awb-width-small:100%;--awb-spacing-right-small:0px;--awb-spacing-left-small:0px;\"><div class=\"fusion-column-wrapper fusion-flex-justify-content-flex-start fusion-content-layout-column\"><div class=\"fusion-text fusion-text-1\"><p>Por @carolinaortizjerez<\/p>\n<p>Las \u00faltimas semanas de la moda de Par\u00eds (enero y marzo de 2023), han sido el escenario escogido por Mar\u00eda Abdala Zolezzi, creadora de la marca argentina de tejidos <span style=\"color: #333399;\"><a style=\"color: #333399;\" href=\"https:\/\/maydi.co\/es\/\">MAYDI<\/a><\/span>, para presentar su \u00faltima colecci\u00f3n oto\u00f1o-invierno23-24 a los compradores internacionales.<\/p>\n<p>En una industria en la que la rapidez de la producci\u00f3n est\u00e1 a la orden del d\u00eda, <a href=\"https:\/\/maydi.co\/es\/\">MAYDI<\/a> propone una pausa. Su marca de tejidos se basa en el trabajo lento y en la valoraci\u00f3n por lo hecho a mano. Es por ello que recibe a sus clientes extranjeros en un showroom silencioso, alejado del bullicio de las pasarelas y en el que quienes lo visitan, pueden disfrutar con calma de cada una de sus propuestas.<\/p>\n<p>Despu\u00e9s de estudiar en Londres y de trabajar por m\u00e1s de 12 a\u00f1os en la industria de la moda en Par\u00eds, Mar\u00eda Abdala Zolezzi o Maydi regres\u00f3 a Argentina en el a\u00f1o 2014, con el fin de crear su marca. Su pasi\u00f3n por lo hecho a mano la acerc\u00f3 hacia el mundo del tejido y junto con ello, a las t\u00e9cnicas ancestrales vinculadas con la fibra de lana.<\/p>\n<p>La mayor\u00eda de las fibras utilizadas en su colecci\u00f3n oto\u00f1o-invierno 2023 son hechas con lana merino proveniente de Pen\u00ednsula de Vald\u00e9s, Argentina. Adem\u00e1s cuenta con piezas elaboradas con lana de alpaca, lana cruda, mohair, de vicu\u00f1a y de guanaco, siendo estas dos \u00faltimas, unas de las m\u00e1s escasas debido a que se trata de animales salvajes.<\/p>\n<p>Para <a href=\"https:\/\/maydi.co\/es\/\">MAYDI<\/a>, la sostenibilidad y la protecci\u00f3n del medio son elementos fundamentales a tener en cuenta al momento de acceder a las materias primas. Es por ello que las fibras utilizadas en sus colecciones cuentan con certificaciones Wildlife friendly \u00a9 (amigables con la vida salvaje), que le permiten no s\u00f3lo mostrar que los animales son tratados con la dignidad que merecen, sino que adem\u00e1s, el proceso de producci\u00f3n de las fibras tambi\u00e9n permite mantener las tradiciones ancestrales de las comunidades de ganaderos establecidas tanto en el sur como en el norte de Argentina.<\/p>\n<p>Otra de las caracter\u00edsticas de la marca es que \u201ctodo est\u00e1 hecho a mano y se usan tres t\u00e9cnicas tradicionales como el crochet, tejido con dos agujas y telares a mano, dependiendo de las piezas.\u201d Cada artesana\/o trabaja desde su domicilio, con el fin de asegurar sus condiciones de vida y el valor de las prendas es fijado por ellas\/os.<\/p>\n<p>Gracias a sus dise\u00f1os innovadores y al uso de fibras de gran calidad, <a href=\"https:\/\/maydi.co\/es\/\">MAYDI<\/a> ha logrado abrirse paso en mercados tan exigentes como el japon\u00e9s, pa\u00eds en el que cuenta con unos 15 puntos de venta.<\/p>\n<p>La colecci\u00f3n oto\u00f1o-invierno 2023 de <a href=\"https:\/\/maydi.co\/es\/\">MAYDI<\/a> cuenta con unos 40 piezas, cada una de las cuales es hecha a pedido y ajustada a las necesidades de cada persona, con el fin de asegurar una producci\u00f3n razonada y que evita la generaci\u00f3n de stocks.<\/p>\n<\/div><\/div><\/div><\/div><\/div>","protected":false},"excerpt":{"rendered":"","protected":false},"author":9,"featured_media":17335,"comment_status":"open","ping_status":"open","sticky":false,"template":"","format":"standard","meta":{"_monsterinsights_skip_tracking":false,"_monsterinsights_sitenote_active":false,"_monsterinsights_sitenote_note":"","_monsterinsights_sitenote_category":0,"footnotes":""},"categories":[183],"tags":[259,260,92,269,47,96,224],"class_list":["post-17334","post","type-post","status-publish","format-standard","has-post-thumbnail","hentry","category-noti-mola-news","tag-259","tag-fashion","tag-moda-latinoamericana","tag-moda-organica","tag-moda-sostenible","tag-moda-sustentable","tag-sostenibilidad"],"_links":{"self":[{"href":"https:\/\/universomola.com\/en\/wp-json\/wp\/v2\/posts\/17334","targetHints":{"allow":["GET"]}}],"collection":[{"href":"https:\/\/universomola.com\/en\/wp-json\/wp\/v2\/posts"}],"about":[{"href":"https:\/\/universomola.com\/en\/wp-json\/wp\/v2\/types\/post"}],"author":[{"embeddable":true,"href":"https:\/\/universomola.com\/en\/wp-json\/wp\/v2\/users\/9"}],"replies":[{"embeddable":true,"href":"https:\/\/universomola.com\/en\/wp-json\/wp\/v2\/comments?post=17334"}],"version-history":[{"count":3,"href":"https:\/\/universomola.com\/en\/wp-json\/wp\/v2\/posts\/17334\/revisions"}],"predecessor-version":[{"id":17339,"href":"https:\/\/universomola.com\/en\/wp-json\/wp\/v2\/posts\/17334\/revisions\/17339"}],"wp:featuredmedia":[{"embeddable":true,"href":"https:\/\/universomola.com\/en\/wp-json\/wp\/v2\/media\/17335"}],"wp:attachment":[{"href":"https:\/\/universomola.com\/en\/wp-json\/wp\/v2\/media?parent=17334"}],"wp:term":[{"taxonomy":"category","embeddable":true,"href":"https:\/\/universomola.com\/en\/wp-json\/wp\/v2\/categories?post=17334"},{"taxonomy":"post_tag","embeddable":true,"href":"https:\/\/universomola.com\/en\/wp-json\/wp\/v2\/tags?post=17334"}],"curies":[{"name":"wp","href":"https:\/\/api.w.org\/{rel}","templated":true}]}}