{"id":17352,"date":"2023-04-04T18:48:56","date_gmt":"2023-04-04T21:48:56","guid":{"rendered":"https:\/\/universomola.com\/?p=17352"},"modified":"2023-04-04T18:50:03","modified_gmt":"2023-04-04T21:50:03","slug":"la-nueva-generacion-de-disenadores-europeos-que-estan-apostando-por-una-moda-sostenible","status":"publish","type":"post","link":"https:\/\/universomola.com\/en\/la-nueva-generacion-de-disenadores-europeos-que-estan-apostando-por-una-moda-sostenible\/","title":{"rendered":"La nueva generaci\u00f3n de dise\u00f1adores europeos que est\u00e1n apostando por una moda sostenible"},"content":{"rendered":"<div class=\"fusion-fullwidth fullwidth-box fusion-builder-row-1 fusion-flex-container nonhundred-percent-fullwidth non-hundred-percent-height-scrolling\" style=\"--awb-border-radius-top-left:0px;--awb-border-radius-top-right:0px;--awb-border-radius-bottom-right:0px;--awb-border-radius-bottom-left:0px;--awb-padding-right-small:0px;--awb-padding-left-small:0px;--awb-margin-top-small:0px;--awb-flex-wrap:wrap;\" ><div class=\"fusion-builder-row fusion-row fusion-flex-align-items-flex-start fusion-flex-content-wrap\" style=\"max-width:calc( 1200px + 0px );margin-left: calc(-0px \/ 2 );margin-right: calc(-0px \/ 2 );\"><div class=\"fusion-layout-column fusion_builder_column fusion-builder-column-0 fusion_builder_column_1_1 1_1 fusion-flex-column\" style=\"--awb-bg-size:cover;--awb-width-large:100%;--awb-margin-top-large:0px;--awb-spacing-right-large:0px;--awb-margin-bottom-large:0px;--awb-spacing-left-large:0px;--awb-width-medium:100%;--awb-spacing-right-medium:0px;--awb-spacing-left-medium:0px;--awb-width-small:100%;--awb-spacing-right-small:0px;--awb-spacing-left-small:0px;\"><div class=\"fusion-column-wrapper fusion-flex-justify-content-flex-start fusion-content-layout-column\"><div class=\"fusion-text fusion-text-1\"><p>Por Carolina Ortiz Jerez<br \/>\n@carolinaortizjerez<\/p>\n<p>Las \u00faltimas semanas de la moda de Par\u00eds, han sido el escenario propicio para que una nueva generaci\u00f3n de dise\u00f1adores europeos presenten sus creaciones al p\u00fablico interesado en la moda.<\/p>\n<p>Uno de los elementos en com\u00fan que muchos de estos dise\u00f1adores tienen, es su voluntad de producir una moda m\u00e1s sostenible. Ya sea que se trate del uso de la t\u00e9cnica de upcycling o suprareciclaje, del uso de stocks de telas durmientes, de la producci\u00f3n en base a la demanda o de una combinaci\u00f3n de todas ellas, es indudable que la nueva generaci\u00f3n de dise\u00f1adores que se est\u00e1n imponiendo en las Fashion Week de Par\u00eds (masculina y femenina), est\u00e1n intentando aportar con su granito de arena al desarrollo de una moda m\u00e1s sostenible.<\/p>\n<blockquote>\n<p>El upcycling o <a href=\"https:\/\/suprareciclaje.org\/quienes-somos\/\">suprareciclaje<\/a>, es la \u201ct\u00e9cnica que permite transformar los residuos en objetos de igual o mayor utilidad\u201d con el fin de darles una segunda oportunidad.<\/p>\n<\/blockquote>\n<p>Una de las dise\u00f1adoras que ha transformado todo su modelo de negocios hacia la t\u00e9cnica del upcycling o suprareciclaje es <a href=\"https:\/\/www.instagram.com\/marineserre_official\/\"><strong>Marine Serre. <\/strong><\/a>Al momento de imaginar sus creaciones, la dise\u00f1adora francesa no ha dudado en recurrir al uso de textiles descartados como jeans, bufandas, tote bags de algod\u00f3n o incluso edredones. En su \u00faltima colecci\u00f3n propone blusas y ropa lounge wear confeccionada con s\u00e1banas recuperadas de lino y algod\u00f3n.<\/p>\n<div id=\"attachment_17358\" style=\"width: 222px\" class=\"wp-caption aligncenter\"><img decoding=\"async\" aria-describedby=\"caption-attachment-17358\" class=\"wp-image-17358 size-medium lazyload\" data-src=\"https:\/\/universomola.com\/wp-content\/uploads\/2023\/04\/photo_4999276915785313124_x-212x300.jpg\" alt=\"\" width=\"212\" height=\"300\" data-srcset=\"https:\/\/universomola.com\/wp-content\/uploads\/2023\/04\/photo_4999276915785313124_x-8x12.jpg 8w, https:\/\/universomola.com\/wp-content\/uploads\/2023\/04\/photo_4999276915785313124_x-200x283.jpg 200w, https:\/\/universomola.com\/wp-content\/uploads\/2023\/04\/photo_4999276915785313124_x-212x300.jpg 212w, https:\/\/universomola.com\/wp-content\/uploads\/2023\/04\/photo_4999276915785313124_x-400x565.jpg 400w, https:\/\/universomola.com\/wp-content\/uploads\/2023\/04\/photo_4999276915785313124_x.jpg 402w\" data-sizes=\"(max-width: 212px) 100vw, 212px\" src=\"data:image\/svg+xml;base64,PHN2ZyB3aWR0aD0iMSIgaGVpZ2h0PSIxIiB4bWxucz0iaHR0cDovL3d3dy53My5vcmcvMjAwMC9zdmciPjwvc3ZnPg==\" style=\"--smush-placeholder-width: 212px; --smush-placeholder-aspect-ratio: 212\/300;\" \/><p id=\"caption-attachment-17358\" class=\"wp-caption-text\">Cr\u00e9ditos: Marine Serre<\/p><\/div>\n<p>Por su parte, <a href=\"https:\/\/www.instagram.com\/jeannefriot\/\"><strong>Jeanne Friot<\/strong><\/a>, dise\u00f1adora que tuvo mucho \u00e9xito durante la presentaci\u00f3n de su colecci\u00f3n \u201cRed Warriors\u201d, combina el upcycling con el uso de telas descartadas provenientes de las grandes casas de moda francesas. Aquello le ha permitido tener la libertad creativa para dise\u00f1ar algunos vestidos y bolsos con cinturones viejos, reducir el costo ambiental que significa crear nuevos textiles y limitar su producci\u00f3n en base a la cantidad de material a la que tiene acceso.<\/p>\n<div id=\"attachment_17359\" style=\"width: 235px\" class=\"wp-caption aligncenter\"><img decoding=\"async\" aria-describedby=\"caption-attachment-17359\" class=\"wp-image-17359 size-medium lazyload\" data-src=\"https:\/\/universomola.com\/wp-content\/uploads\/2023\/04\/photo_4999276915785313125_y-225x300.jpg\" alt=\"\" width=\"225\" height=\"300\" data-srcset=\"https:\/\/universomola.com\/wp-content\/uploads\/2023\/04\/photo_4999276915785313125_y-9x12.jpg 9w, https:\/\/universomola.com\/wp-content\/uploads\/2023\/04\/photo_4999276915785313125_y-200x267.jpg 200w, https:\/\/universomola.com\/wp-content\/uploads\/2023\/04\/photo_4999276915785313125_y-225x300.jpg 225w, https:\/\/universomola.com\/wp-content\/uploads\/2023\/04\/photo_4999276915785313125_y-400x533.jpg 400w, https:\/\/universomola.com\/wp-content\/uploads\/2023\/04\/photo_4999276915785313125_y-500x667.jpg 500w, https:\/\/universomola.com\/wp-content\/uploads\/2023\/04\/photo_4999276915785313125_y-600x800.jpg 600w, https:\/\/universomola.com\/wp-content\/uploads\/2023\/04\/photo_4999276915785313125_y-700x933.jpg 700w, https:\/\/universomola.com\/wp-content\/uploads\/2023\/04\/photo_4999276915785313125_y-768x1024.jpg 768w, https:\/\/universomola.com\/wp-content\/uploads\/2023\/04\/photo_4999276915785313125_y-800x1067.jpg 800w, https:\/\/universomola.com\/wp-content\/uploads\/2023\/04\/photo_4999276915785313125_y.jpg 960w\" data-sizes=\"(max-width: 225px) 100vw, 225px\" src=\"data:image\/svg+xml;base64,PHN2ZyB3aWR0aD0iMSIgaGVpZ2h0PSIxIiB4bWxucz0iaHR0cDovL3d3dy53My5vcmcvMjAwMC9zdmciPjwvc3ZnPg==\" style=\"--smush-placeholder-width: 225px; --smush-placeholder-aspect-ratio: 225\/300;\" \/><p id=\"caption-attachment-17359\" class=\"wp-caption-text\">Cr\u00e9ditos: Carolina Ort\u00edz.<\/p><\/div>\n<p>Otro de los dise\u00f1adores que se ha volcado hacia el upcycling al momento de pensar algunas de sus piezas, es <a href=\"https:\/\/www.instagram.com\/arturoobegero\/\"><strong>Arturo Obegero<\/strong><\/a>. El dise\u00f1ador espa\u00f1ol, quien ha confeccionado ropa para el cantante Harry Styles, no s\u00f3lo ha optado por reutilizar algunos de los materiales sobrantes de sus propias colecciones, con el fin de darles una nueva vida, sino que adem\u00e1s, tuvo la idea de reutilizar cortinas de teatro antiguas para confeccionar pantalones y shorts que present\u00f3 en su \u00faltima colecci\u00f3n \u201cHomme Fatal.\u201d<\/p>\n<div id=\"attachment_17357\" style=\"width: 251px\" class=\"wp-caption aligncenter\"><img decoding=\"async\" aria-describedby=\"caption-attachment-17357\" class=\"wp-image-17357 size-medium lazyload\" data-src=\"https:\/\/universomola.com\/wp-content\/uploads\/2023\/04\/photo_4999276915785313128_x-241x300.jpg\" alt=\"\" width=\"241\" height=\"300\" data-srcset=\"https:\/\/universomola.com\/wp-content\/uploads\/2023\/04\/photo_4999276915785313128_x-10x12.jpg 10w, https:\/\/universomola.com\/wp-content\/uploads\/2023\/04\/photo_4999276915785313128_x-200x249.jpg 200w, https:\/\/universomola.com\/wp-content\/uploads\/2023\/04\/photo_4999276915785313128_x-241x300.jpg 241w, https:\/\/universomola.com\/wp-content\/uploads\/2023\/04\/photo_4999276915785313128_x-400x497.jpg 400w, https:\/\/universomola.com\/wp-content\/uploads\/2023\/04\/photo_4999276915785313128_x.jpg 439w\" data-sizes=\"(max-width: 241px) 100vw, 241px\" src=\"data:image\/svg+xml;base64,PHN2ZyB3aWR0aD0iMSIgaGVpZ2h0PSIxIiB4bWxucz0iaHR0cDovL3d3dy53My5vcmcvMjAwMC9zdmciPjwvc3ZnPg==\" style=\"--smush-placeholder-width: 241px; --smush-placeholder-aspect-ratio: 241\/300;\" \/><p id=\"caption-attachment-17357\" class=\"wp-caption-text\">Cr\u00e9ditos: Arturo Obegero.<\/p><\/div>\n<p>Una propuesta de upcycling bastante menos convencional, ha sido la desarrollada por el dise\u00f1ador franco-israel\u00ed <a href=\"https:\/\/www.instagram.com\/benjaminbenmoyal\/\"><strong>Benjamin Benmoyal<\/strong><\/a>, quien se hizo conocido por la creaci\u00f3n de textiles tejidos a telar con cintas de cassettes y VHS. Si bien esta t\u00e9cnica se ha transformado en su sello distintivo, para su \u00faltima colecci\u00f3n decidi\u00f3 recuperar bobinas de hilos de algod\u00f3n que hab\u00edan sido descartadas, con la finalidad de confeccionar nuevas prendas tejidas a telar, una de sus t\u00e9cnicas favoritas.<\/p>\n<div id=\"attachment_17356\" style=\"width: 235px\" class=\"wp-caption aligncenter\"><img decoding=\"async\" aria-describedby=\"caption-attachment-17356\" class=\"wp-image-17356 size-medium lazyload\" data-src=\"https:\/\/universomola.com\/wp-content\/uploads\/2023\/04\/photo_4999276915785313126_y-225x300.jpg\" alt=\"\" width=\"225\" height=\"300\" data-srcset=\"https:\/\/universomola.com\/wp-content\/uploads\/2023\/04\/photo_4999276915785313126_y-9x12.jpg 9w, https:\/\/universomola.com\/wp-content\/uploads\/2023\/04\/photo_4999276915785313126_y-200x267.jpg 200w, https:\/\/universomola.com\/wp-content\/uploads\/2023\/04\/photo_4999276915785313126_y-225x300.jpg 225w, https:\/\/universomola.com\/wp-content\/uploads\/2023\/04\/photo_4999276915785313126_y-400x533.jpg 400w, https:\/\/universomola.com\/wp-content\/uploads\/2023\/04\/photo_4999276915785313126_y-500x667.jpg 500w, https:\/\/universomola.com\/wp-content\/uploads\/2023\/04\/photo_4999276915785313126_y-600x800.jpg 600w, https:\/\/universomola.com\/wp-content\/uploads\/2023\/04\/photo_4999276915785313126_y-700x933.jpg 700w, https:\/\/universomola.com\/wp-content\/uploads\/2023\/04\/photo_4999276915785313126_y-768x1024.jpg 768w, https:\/\/universomola.com\/wp-content\/uploads\/2023\/04\/photo_4999276915785313126_y-800x1067.jpg 800w, https:\/\/universomola.com\/wp-content\/uploads\/2023\/04\/photo_4999276915785313126_y.jpg 960w\" data-sizes=\"(max-width: 225px) 100vw, 225px\" src=\"data:image\/svg+xml;base64,PHN2ZyB3aWR0aD0iMSIgaGVpZ2h0PSIxIiB4bWxucz0iaHR0cDovL3d3dy53My5vcmcvMjAwMC9zdmciPjwvc3ZnPg==\" style=\"--smush-placeholder-width: 225px; --smush-placeholder-aspect-ratio: 225\/300;\" \/><p id=\"caption-attachment-17356\" class=\"wp-caption-text\">Cr\u00e9ditos: Carolina Ortiz.<\/p><\/div>\n<p>Cada vez son m\u00e1s numerosas\/os las y los dise\u00f1adores europeos que se est\u00e1n volcando hacia la moda sostenible, siendo el upcycling, una de las t\u00e9cnicas m\u00e1s extendidas.<\/p>\n<\/div><\/div><\/div><\/div><\/div>","protected":false},"excerpt":{"rendered":"","protected":false},"author":9,"featured_media":17355,"comment_status":"open","ping_status":"open","sticky":false,"template":"","format":"standard","meta":{"_monsterinsights_skip_tracking":false,"_monsterinsights_sitenote_active":false,"_monsterinsights_sitenote_note":"","_monsterinsights_sitenote_category":0,"footnotes":""},"categories":[183],"tags":[259,260,92,269,47,96,224],"class_list":["post-17352","post","type-post","status-publish","format-standard","has-post-thumbnail","hentry","category-noti-mola-news","tag-259","tag-fashion","tag-moda-latinoamericana","tag-moda-organica","tag-moda-sostenible","tag-moda-sustentable","tag-sostenibilidad"],"_links":{"self":[{"href":"https:\/\/universomola.com\/en\/wp-json\/wp\/v2\/posts\/17352","targetHints":{"allow":["GET"]}}],"collection":[{"href":"https:\/\/universomola.com\/en\/wp-json\/wp\/v2\/posts"}],"about":[{"href":"https:\/\/universomola.com\/en\/wp-json\/wp\/v2\/types\/post"}],"author":[{"embeddable":true,"href":"https:\/\/universomola.com\/en\/wp-json\/wp\/v2\/users\/9"}],"replies":[{"embeddable":true,"href":"https:\/\/universomola.com\/en\/wp-json\/wp\/v2\/comments?post=17352"}],"version-history":[{"count":5,"href":"https:\/\/universomola.com\/en\/wp-json\/wp\/v2\/posts\/17352\/revisions"}],"predecessor-version":[{"id":17362,"href":"https:\/\/universomola.com\/en\/wp-json\/wp\/v2\/posts\/17352\/revisions\/17362"}],"wp:featuredmedia":[{"embeddable":true,"href":"https:\/\/universomola.com\/en\/wp-json\/wp\/v2\/media\/17355"}],"wp:attachment":[{"href":"https:\/\/universomola.com\/en\/wp-json\/wp\/v2\/media?parent=17352"}],"wp:term":[{"taxonomy":"category","embeddable":true,"href":"https:\/\/universomola.com\/en\/wp-json\/wp\/v2\/categories?post=17352"},{"taxonomy":"post_tag","embeddable":true,"href":"https:\/\/universomola.com\/en\/wp-json\/wp\/v2\/tags?post=17352"}],"curies":[{"name":"wp","href":"https:\/\/api.w.org\/{rel}","templated":true}]}}