{"id":17567,"date":"2023-05-02T17:45:56","date_gmt":"2023-05-02T20:45:56","guid":{"rendered":"https:\/\/universomola.com\/?p=17567"},"modified":"2023-05-02T17:45:56","modified_gmt":"2023-05-02T20:45:56","slug":"hagamos-de-la-moda-sostenible-un-espacio-para-todos-umfw23","status":"publish","type":"post","link":"https:\/\/universomola.com\/en\/hagamos-de-la-moda-sostenible-un-espacio-para-todos-umfw23\/","title":{"rendered":"Hagamos de la moda sostenible un espacio para todos \u00b7 UMFW23 \u00b7"},"content":{"rendered":"<div class=\"fusion-fullwidth fullwidth-box fusion-builder-row-1 fusion-flex-container nonhundred-percent-fullwidth non-hundred-percent-height-scrolling\" style=\"--awb-border-radius-top-left:0px;--awb-border-radius-top-right:0px;--awb-border-radius-bottom-right:0px;--awb-border-radius-bottom-left:0px;--awb-padding-right-small:0px;--awb-padding-left-small:0px;--awb-margin-top-small:0px;--awb-flex-wrap:wrap;\" ><div class=\"fusion-builder-row fusion-row fusion-flex-align-items-flex-start fusion-flex-content-wrap\" style=\"max-width:calc( 1200px + 0px );margin-left: calc(-0px \/ 2 );margin-right: calc(-0px \/ 2 );\"><div class=\"fusion-layout-column fusion_builder_column fusion-builder-column-0 fusion_builder_column_1_1 1_1 fusion-flex-column\" style=\"--awb-bg-size:cover;--awb-width-large:100%;--awb-margin-top-large:0px;--awb-spacing-right-large:0px;--awb-margin-bottom-large:0px;--awb-spacing-left-large:0px;--awb-width-medium:100%;--awb-spacing-right-medium:0px;--awb-spacing-left-medium:0px;--awb-width-small:100%;--awb-spacing-right-small:0px;--awb-spacing-left-small:0px;\"><div class=\"fusion-column-wrapper fusion-flex-justify-content-flex-start fusion-content-layout-column\"><div class=\"fusion-text fusion-text-1\"><p>By <a href=\"https:\/\/instagram.com\/_rrrenata._?igshid=YmMyMTA2M2Y=\">Renata Correa<\/a><\/p>\n<p><span style=\"font-weight: 400;\">Ya recorrimos el inicio de Universo MOLA Fashion Week, pasamos una tarde en Vi\u00f1a Ed\u00e9n reconociendo y celebrando la sostenibilidad, compartimos sabidur\u00eda y aprendizajes en #MOLAtalks, y ahora es momento de promover y visibilizar el trabajo de los dise\u00f1adores latinoamericanos que apuestan por la moda sostenible.\u00a0<\/span><\/p>\n<p><span style=\"font-weight: 400;\">El 01 y 02 de abril en el tercer <\/span><i><span style=\"font-weight: 400;\">venue <\/span><\/i><span style=\"font-weight: 400;\">oficial de UMFW,<\/span><b> Jean Clevers Parque Hotel,<\/b><span style=\"font-weight: 400;\"> disfrutamos de dos tardes llenas de moda. En la sala de eventos estaba ubicada la <\/span><i><span style=\"font-weight: 400;\">galer\u00eda<\/span><\/i><span style=\"font-weight: 400;\"> oficial del evento, donde se encontraban<\/span><b> 29 emprendedores de moda sostenible<\/b><span style=\"font-weight: 400;\">, la gran mayor\u00eda de ellos nacidos y asentados en Am\u00e9rica Latina, contando con la presencia de sies pa\u00edses, Uruguay, Argentina, Per\u00fa, Colombia y Chile, as\u00ed como Italia.\u00a0<\/span><\/p>\n<p style=\"text-align: center;\"><img decoding=\"async\" class=\"aligncenter size-full wp-image-17568 lazyload\" data-src=\"https:\/\/universomola.com\/wp-content\/uploads\/2023\/05\/DSC_8801-scaled.jpg\" alt=\"\" width=\"2560\" height=\"1707\" data-srcset=\"https:\/\/universomola.com\/wp-content\/uploads\/2023\/05\/DSC_8801-300x200.jpg 300w, https:\/\/universomola.com\/wp-content\/uploads\/2023\/05\/DSC_8801-768x512.jpg 768w, https:\/\/universomola.com\/wp-content\/uploads\/2023\/05\/DSC_8801-1024x683.jpg 1024w, https:\/\/universomola.com\/wp-content\/uploads\/2023\/05\/DSC_8801-1536x1024.jpg 1536w, https:\/\/universomola.com\/wp-content\/uploads\/2023\/05\/DSC_8801-scaled.jpg 2560w\" data-sizes=\"(max-width: 2560px) 100vw, 2560px\" src=\"data:image\/svg+xml;base64,PHN2ZyB3aWR0aD0iMSIgaGVpZ2h0PSIxIiB4bWxucz0iaHR0cDovL3d3dy53My5vcmcvMjAwMC9zdmciPjwvc3ZnPg==\" style=\"--smush-placeholder-width: 2560px; --smush-placeholder-aspect-ratio: 2560\/1707;\" \/><span style=\"font-weight: 400; color: #808080;\">Cr\u00e9ditos: F\u00e1tima Velazco\u00a0<\/span><\/p>\n<p><span style=\"font-weight: 400;\">La galer\u00eda tambi\u00e9n cont\u00f3 con un espacio de charlas donde se dieron grandes intercambios entre nuestros asistentes, emprendedores y <\/span><i><span style=\"font-weight: 400;\">speakers<\/span><\/i><span style=\"font-weight: 400;\">: <\/span><b><i>\u2018Ecolog\u00eda Personal\u2019<\/i><\/b><span style=\"font-weight: 400;\"> a cargo de nuestra embajadora <\/span><a href=\"https:\/\/www.instagram.com\/catadroguettp\/\"><span style=\"font-weight: 400;\">Cata Droguett<\/span><\/a><span style=\"font-weight: 400;\">, <\/span><b><i>\u2018Mirada del estado hacia la moda sostenible\u2019<\/i><\/b><span style=\"font-weight: 400;\"> por parte del Ministerio de Turismo y el Ministerio de Ambiente de Uruguay, <\/span><b><i>\u2018Yo tambien me visto\u2019<\/i><\/b><span style=\"font-weight: 400;\"> con <\/span><a href=\"https:\/\/www.instagram.com\/valebonet\/\"><span style=\"font-weight: 400;\">Vale Bonet<\/span><\/a><span style=\"font-weight: 400;\">, Lola de los Santos y<\/span><a href=\"https:\/\/www.instagram.com\/mercedesviola\/\"><span style=\"font-weight: 400;\"> Mercedes Viola<\/span><\/a><span style=\"font-weight: 400;\">, <\/span><b><i>\u00a0\u2018Conociendo en profundidad a Universo MOLA\u2019<\/i><\/b><span style=\"font-weight: 400;\"> con la presencia de la directora de Universo MOLA <\/span><a href=\"https:\/\/www.instagram.com\/vaalensuaa\/\"><span style=\"font-weight: 400;\">Valentina Su\u00e1rez<\/span><\/a><span style=\"font-weight: 400;\"> y la directora de la Fundaci\u00f3n Entre Soles y Lunas <\/span><a href=\"https:\/\/www.instagram.com\/_dorishelena\/\"><span style=\"font-weight: 400;\">Doris Helena<\/span><\/a><span style=\"font-weight: 400;\"> Rojas, y para cerrar el evento tambi\u00e9n contamos con la charla <\/span><b><i>\u2018Cuando la moda habla desde Am\u00e9rica Latina\u2019<\/i><\/b><span style=\"font-weight: 400;\"> a cargo de nuestro embajador <\/span><a href=\"https:\/\/www.instagram.com\/joseforteza\/\"><span style=\"font-weight: 400;\">Jose Forteza<\/span><\/a><span style=\"font-weight: 400;\"> Senior Editor de la revista Vogue M\u00e9xico y Latinoam\u00e9rica.<\/span><\/p>\n<p><span style=\"font-weight: 400;\">En el parque del hotel Jean Clevers, rodeados de naturaleza y acompa\u00f1ados por el sol de media tarde, nuestros asistentes pudieron disfrutar de 14 desfiles, en los que participaron 18 de las marcas que nos acompa\u00f1aron en esta edici\u00f3n.\u00a0<\/span><\/p>\n<p><span style=\"font-weight: 400;\">Dando inicio al primer d\u00eda de desfiles vimos a la marca <\/span><a href=\"https:\/\/www.instagram.com\/pupe_ok\/\"><span style=\"font-weight: 400;\">PUP\u00c9<\/span><\/a><span style=\"font-weight: 400;\">, desde Argentina. Pup\u00e9 trabaja sus prendas con materiales reciclados, creando piezas modernas y futuristas a partir de desechos textiles, esta colecci\u00f3n fue hecha a partir de zapatillas reutilizadas. <\/span><a href=\"https:\/\/www.instagram.com\/macarenacortesdesign\/\"><span style=\"font-weight: 400;\">Macarena Cort<\/span><\/a><span style=\"font-weight: 400;\">\u00e9s, dise\u00f1adora chilena, fue la segunda pasarela de esta tarde, promoviendo el upcycling de prendas, Macarena present\u00f3 una colecci\u00f3n hecha a partir de jean en desuso y materiales reciclados. Adem\u00e1s, pudimos ver la presencia de marcas como <\/span><a href=\"https:\/\/www.instagram.com\/acostaecodiseno\/\"><span style=\"font-weight: 400;\">Acosta Dise\u00f1o<\/span><\/a><span style=\"font-weight: 400;\"> and <\/span><a href=\"https:\/\/www.instagram.com\/gimenadamiano\/\"><span style=\"font-weight: 400;\">Gimena Damiano<\/span><\/a><span style=\"font-weight: 400;\"> quienes se enfocaron en el te\u00f1ido textil natural, con prendas hechas de materiales nobles, ambas presentaron dos colecciones con b\u00e1sicos y prendas m\u00e1s particulares que dejan a entrever que el te\u00f1ido natural puede darnos colores y estampados \u00fanicos. Tambi\u00e9n estuvo presente <\/span><a href=\"https:\/\/www.instagram.com\/magdauy_2021\/\"><span style=\"font-weight: 400;\">Magda<\/span><\/a><span style=\"font-weight: 400;\"> con sus piezas tejidas a mano en<\/span><i><span style=\"font-weight: 400;\"> Lana Merino<\/span><\/i><span style=\"font-weight: 400;\"> uruguaya y de primera calidad. En representaci\u00f3n de Colombia tuvimos el desfile de la marca <\/span><a href=\"https:\/\/www.instagram.com\/xzae.design\/\"><span style=\"font-weight: 400;\">Xzae<\/span><\/a><span style=\"font-weight: 400;\"> quienes trabajan con tejidos t\u00edpicos colombianos recuperando el arte ancestral del tejido a mano, prendas llenas de historia y cultura que nos presentan un universo colorido y atemporal; y tambi\u00e9n en representaci\u00f3n de Colombia, tuvimos la presencia de <\/span><a href=\"https:\/\/www.instagram.com\/lcreativodelamoda\/\"><span style=\"font-weight: 400;\">Laboratorio Creativo<\/span><\/a><span style=\"font-weight: 400;\"> quienes presentaron una colecci\u00f3n dedicada a reivindicar y promover la cultura afroamericana, esta colecci\u00f3n femenina y colorida da la sensaci\u00f3n de empoderamiento y seguridad que todxs necesitamos.<\/span><\/p>\n<p style=\"text-align: center;\"><img decoding=\"async\" class=\"aligncenter size-full wp-image-17569 lazyload\" data-src=\"https:\/\/universomola.com\/wp-content\/uploads\/2023\/05\/DSC_9139-scaled.jpg\" alt=\"\" width=\"2560\" height=\"1707\" data-srcset=\"https:\/\/universomola.com\/wp-content\/uploads\/2023\/05\/DSC_9139-300x200.jpg 300w, https:\/\/universomola.com\/wp-content\/uploads\/2023\/05\/DSC_9139-768x512.jpg 768w, https:\/\/universomola.com\/wp-content\/uploads\/2023\/05\/DSC_9139-1024x683.jpg 1024w, https:\/\/universomola.com\/wp-content\/uploads\/2023\/05\/DSC_9139-1536x1024.jpg 1536w, https:\/\/universomola.com\/wp-content\/uploads\/2023\/05\/DSC_9139-scaled.jpg 2560w\" data-sizes=\"(max-width: 2560px) 100vw, 2560px\" src=\"data:image\/svg+xml;base64,PHN2ZyB3aWR0aD0iMSIgaGVpZ2h0PSIxIiB4bWxucz0iaHR0cDovL3d3dy53My5vcmcvMjAwMC9zdmciPjwvc3ZnPg==\" style=\"--smush-placeholder-width: 2560px; --smush-placeholder-aspect-ratio: 2560\/1707;\" \/><span style=\"font-weight: 400; color: #808080;\">Cr\u00e9ditos: F\u00e1tima Velazco<\/span><\/p>\n<p><span style=\"font-weight: 400;\"><strong>El d\u00eda dos<\/strong> inici\u00f3 con la presentaci\u00f3n de la Asociaci\u00f3n de Moda Sostenible del Per\u00fa, con la presencia de tres marcas en total, la <\/span><a href=\"https:\/\/www.instagram.com\/amsperu_\/\"><span style=\"font-weight: 400;\">AMSP<\/span><\/a><span style=\"font-weight: 400;\"> present\u00f3 una colecci\u00f3n dise\u00f1ada y producida en su pa\u00eds de origen, contando con elementos t\u00edpicos de la cultura como el tejido ancestral en accesorios y prendas que nos llevan por un ratito a un paseo por las tribus m\u00e1s profundas del Amazonas. <\/span><a href=\"https:\/\/www.instagram.com\/alkimiatextilancestral\/\"><span style=\"font-weight: 400;\">Alkimia<\/span><\/a><span style=\"font-weight: 400;\"> fue la protagonista de la segunda pasada de la tarde, con prendas andr\u00f3ginas y coloridas, dej\u00e1ndonos bien en claro que existen formas de te\u00f1ido textil que son compatibles con la no contaminaci\u00f3n del agua y que el resultado puede ser igual de impactante que el te\u00f1ido sint\u00e9tico. Esta colecci\u00f3n cuenta con prendas que evocan la cultura de los pueblos originarios argentinos que poco a poco pierden su presencia y su territorio, rememorando la cultura de dichas comunidades como forma de expresi\u00f3n. <\/span><a href=\"https:\/\/www.instagram.com\/floralia_world\/\"><span style=\"font-weight: 400;\">Floralia<\/span><\/a><span style=\"font-weight: 400;\"> destac\u00f3 en su pasada por UMFW, presentando una colecci\u00f3n te\u00f1ida de forma artesanal, hecha a partir de materiales nobles como la lana y el lino. La siguiente pasada estuvo a cargo de <\/span><a href=\"https:\/\/www.instagram.com\/uzal.sustentable\/\"><span style=\"font-weight: 400;\">Uzal<\/span><\/a><span style=\"font-weight: 400;\">, una marca que apuesta por la tecnolog\u00eda en la creaci\u00f3n de sus prendas, creadas a partir de fieltro, sus piezas esconden entre sus fibras un gran secreto: vida. Las prendas de la marca argentina cuentan con la innovadora premisa de ser prendas plantables, su propuesta nos da una segunda oportunidad cuando la vida \u00fatil de la prenda se extinga ya que al plantarlas, lo org\u00e1nico (el fieltro de lana) se descompondr\u00e1 y las semillas escondidas en su interior fertilizan la tierra dando paso a una nueva vida. Presentando una colecci\u00f3n de trajes de ba\u00f1o, <\/span><a href=\"https:\/\/www.instagram.com\/aquadivitasw\/\"><span style=\"font-weight: 400;\">Aqua Divita<\/span><\/a><span style=\"font-weight: 400;\"> demostr\u00f3 la sostenibilidad a trav\u00e9s de piezas hechas con un proceso <\/span><i><span style=\"font-weight: 400;\">zero waste<\/span><\/i><span style=\"font-weight: 400;\"> y en una gran variedad de talles.\u00a0 El cierre del d\u00eda dos estuvo a cargo de <\/span><a href=\"https:\/\/www.instagram.com\/huaman.autor\/\"><span style=\"font-weight: 400;\">Huaman Autor<\/span><\/a><span style=\"font-weight: 400;\">, quienes desde Chile, nos trajeron una performance exquisita que pretend\u00eda hacer reflexionar a quien sea que la vea, sus prendas creadas a partir de redes de pesca recuperadas del oc\u00e9ano y sus tejidos, nos dejaron un mensaje claro, el problema no es ajeno a nosotros.\u00a0<\/span><\/p>\n<p style=\"text-align: center;\"><img decoding=\"async\" class=\"aligncenter size-fusion1200 wp-image-17570 lazyload\" data-src=\"https:\/\/universomola.com\/wp-content\/uploads\/2023\/05\/DSC_0325.jpg\" alt=\"\" src=\"data:image\/svg+xml;base64,PHN2ZyB3aWR0aD0iMSIgaGVpZ2h0PSIxIiB4bWxucz0iaHR0cDovL3d3dy53My5vcmcvMjAwMC9zdmciPjwvc3ZnPg==\" style=\"--smush-placeholder-width: 4000px; --smush-placeholder-aspect-ratio: 4000\/6000;\" \/><span style=\"font-weight: 400; color: #808080;\">Cr\u00e9ditos: F\u00e1tima Velazco<\/span><\/p>\n<p><span style=\"font-weight: 400;\">Algo a destacar sobre los desfiles de UMFW es que el casting fue abietlo que significaba que cualquier persona, indiferentemente de su genero, sexo, etnia o corporalidad podia anotarse para participar, esto logr\u00f3 que se contara con una gran variedad de cuerpos. <\/span><b>Desde Universo MOLA tomamos el compromiso de impartir un mensaje: la moda debe ser para todos.\u00a0<\/b><\/p>\n<p><span style=\"font-weight: 400;\">Los desfiles estuvieron a cargo de nuestro equipo de producci\u00f3n Fedra Mauricci,\u00a0 Agustina Abonna, Belen Rodriguez y Andrea Martinez, quienes crearon pasarelas emocionantes y modernas que conquistaron a nuestros asistentes, adem\u00e1s tambi\u00e9n contamos con voluntarios que ayudaron en la organizaci\u00f3n tanto del desfile como de galer\u00eda y un equipo de log\u00edstica internacional a cargo de los pasantes de Universo MOLA.\u00a0<\/span><\/p>\n<\/div><\/div><\/div><\/div><\/div>","protected":false},"excerpt":{"rendered":"","protected":false},"author":2,"featured_media":17571,"comment_status":"open","ping_status":"open","sticky":false,"template":"","format":"standard","meta":{"_monsterinsights_skip_tracking":false,"_monsterinsights_sitenote_active":false,"_monsterinsights_sitenote_note":"","_monsterinsights_sitenote_category":0,"footnotes":""},"categories":[183],"tags":[259,260,92,269,47,96,224],"class_list":["post-17567","post","type-post","status-publish","format-standard","has-post-thumbnail","hentry","category-noti-mola-news","tag-259","tag-fashion","tag-moda-latinoamericana","tag-moda-organica","tag-moda-sostenible","tag-moda-sustentable","tag-sostenibilidad"],"_links":{"self":[{"href":"https:\/\/universomola.com\/en\/wp-json\/wp\/v2\/posts\/17567","targetHints":{"allow":["GET"]}}],"collection":[{"href":"https:\/\/universomola.com\/en\/wp-json\/wp\/v2\/posts"}],"about":[{"href":"https:\/\/universomola.com\/en\/wp-json\/wp\/v2\/types\/post"}],"author":[{"embeddable":true,"href":"https:\/\/universomola.com\/en\/wp-json\/wp\/v2\/users\/2"}],"replies":[{"embeddable":true,"href":"https:\/\/universomola.com\/en\/wp-json\/wp\/v2\/comments?post=17567"}],"version-history":[{"count":2,"href":"https:\/\/universomola.com\/en\/wp-json\/wp\/v2\/posts\/17567\/revisions"}],"predecessor-version":[{"id":17573,"href":"https:\/\/universomola.com\/en\/wp-json\/wp\/v2\/posts\/17567\/revisions\/17573"}],"wp:featuredmedia":[{"embeddable":true,"href":"https:\/\/universomola.com\/en\/wp-json\/wp\/v2\/media\/17571"}],"wp:attachment":[{"href":"https:\/\/universomola.com\/en\/wp-json\/wp\/v2\/media?parent=17567"}],"wp:term":[{"taxonomy":"category","embeddable":true,"href":"https:\/\/universomola.com\/en\/wp-json\/wp\/v2\/categories?post=17567"},{"taxonomy":"post_tag","embeddable":true,"href":"https:\/\/universomola.com\/en\/wp-json\/wp\/v2\/tags?post=17567"}],"curies":[{"name":"wp","href":"https:\/\/api.w.org\/{rel}","templated":true}]}}