{"id":17701,"date":"2023-05-17T17:35:34","date_gmt":"2023-05-17T20:35:34","guid":{"rendered":"https:\/\/universomola.com\/?p=17701"},"modified":"2023-05-17T17:35:34","modified_gmt":"2023-05-17T20:35:34","slug":"andes-fashion-week-chile-la-nueva-pasarela-de-moda","status":"publish","type":"post","link":"https:\/\/universomola.com\/en\/andes-fashion-week-chile-la-nueva-pasarela-de-moda\/","title":{"rendered":"Andes Fashion Week Chile, la nueva pasarela de moda desde Chile para el mundo."},"content":{"rendered":"<div class=\"fusion-fullwidth fullwidth-box fusion-builder-row-1 fusion-flex-container nonhundred-percent-fullwidth non-hundred-percent-height-scrolling\" style=\"--awb-border-radius-top-left:0px;--awb-border-radius-top-right:0px;--awb-border-radius-bottom-right:0px;--awb-border-radius-bottom-left:0px;--awb-padding-right-small:0px;--awb-padding-left-small:0px;--awb-margin-top-small:0px;--awb-flex-wrap:wrap;\" ><div class=\"fusion-builder-row fusion-row fusion-flex-align-items-flex-start fusion-flex-content-wrap\" style=\"max-width:calc( 1200px + 0px );margin-left: calc(-0px \/ 2 );margin-right: calc(-0px \/ 2 );\"><div class=\"fusion-layout-column fusion_builder_column fusion-builder-column-0 fusion_builder_column_1_1 1_1 fusion-flex-column\" style=\"--awb-bg-size:cover;--awb-width-large:100%;--awb-margin-top-large:0px;--awb-spacing-right-large:0px;--awb-margin-bottom-large:0px;--awb-spacing-left-large:0px;--awb-width-medium:100%;--awb-spacing-right-medium:0px;--awb-spacing-left-medium:0px;--awb-width-small:100%;--awb-spacing-right-small:0px;--awb-spacing-left-small:0px;\"><div class=\"fusion-column-wrapper fusion-flex-justify-content-flex-start fusion-content-layout-column\"><div class=\"fusion-text fusion-text-1\"><p>By <a href=\"https:\/\/instagram.com\/carolinaortizjerez\">Carolina Ortiz Jerez<\/a><\/p>\n<p><span style=\"font-weight: 400;\">El 27 y 28 de abril, se llev\u00f3 a cabo la primera versi\u00f3n de <\/span><b>Andes Fashion Week Chile<\/b><span style=\"font-weight: 400;\">, el evento de moda que busca promover el dise\u00f1o local dentro de un espacio en el que el arte y el networking, van de la mano.<\/span><\/p>\n<p><span style=\"font-weight: 400;\">Liderada por <\/span><b>Leticia Faviani<\/b><span style=\"font-weight: 400;\">, dise\u00f1adora y empresaria venezolana radicada en Chile desde hace m\u00e1s de 10 a\u00f1os, Andes Fashion Week Chile surgi\u00f3 como una forma de hacer frente a la falta de pasarelas internacionales en el pa\u00eds.<\/span><\/p>\n<p><img decoding=\"async\" class=\"aligncenter size-full wp-image-17708 lazyload\" data-src=\"https:\/\/universomola.com\/wp-content\/uploads\/2023\/05\/photo_5992455100456615150_y.jpg\" alt=\"\" width=\"718\" height=\"1280\" data-srcset=\"https:\/\/universomola.com\/wp-content\/uploads\/2023\/05\/photo_5992455100456615150_y-7x12.jpg 7w, https:\/\/universomola.com\/wp-content\/uploads\/2023\/05\/photo_5992455100456615150_y-168x300.jpg 168w, https:\/\/universomola.com\/wp-content\/uploads\/2023\/05\/photo_5992455100456615150_y-200x357.jpg 200w, https:\/\/universomola.com\/wp-content\/uploads\/2023\/05\/photo_5992455100456615150_y-400x713.jpg 400w, https:\/\/universomola.com\/wp-content\/uploads\/2023\/05\/photo_5992455100456615150_y-500x891.jpg 500w, https:\/\/universomola.com\/wp-content\/uploads\/2023\/05\/photo_5992455100456615150_y-574x1024.jpg 574w, https:\/\/universomola.com\/wp-content\/uploads\/2023\/05\/photo_5992455100456615150_y-600x1070.jpg 600w, https:\/\/universomola.com\/wp-content\/uploads\/2023\/05\/photo_5992455100456615150_y-700x1248.jpg 700w, https:\/\/universomola.com\/wp-content\/uploads\/2023\/05\/photo_5992455100456615150_y.jpg 718w\" data-sizes=\"(max-width: 718px) 100vw, 718px\" src=\"data:image\/svg+xml;base64,PHN2ZyB3aWR0aD0iMSIgaGVpZ2h0PSIxIiB4bWxucz0iaHR0cDovL3d3dy53My5vcmcvMjAwMC9zdmciPjwvc3ZnPg==\" style=\"--smush-placeholder-width: 718px; --smush-placeholder-aspect-ratio: 718\/1280;\" \/><\/p>\n<p><span style=\"font-weight: 400;\">\u201cHace 5 a\u00f1os, cuando lanc\u00e9 mi marca, <\/span><b>To go<\/b> <b>by Leticia Faviani<\/b><span style=\"font-weight: 400;\">, tuve la posibilidad de participar en una pasarela aqu\u00ed en Santiago. Sin embargo, a partir de ah\u00ed, no se generaron nuevas pasarelas internacionales en el pa\u00eds\u201d, se\u00f1ala Faviani.\u00a0 Aquello la oblig\u00f3 a buscar espacios para presentar su trabajo en pasarelas internacionales, como la Fashion Week de Nueva York.<\/span><\/p>\n<p><span style=\"font-weight: 400;\">Fue a partir de ese momento en el que tom\u00f3 la decisi\u00f3n de generar un espacio de moda, con el fin de \u201cimpulsar la Moda en Chile, como un pilar cultural y una vitrina que conecta y suma valor a los dise\u00f1adores y expositores\u201d, comenta.<\/span><\/p>\n<p><span style=\"font-weight: 400;\">Desde los inicios de este proyecto, <\/span><b>Andes Fashion Week Chile<\/b><span style=\"font-weight: 400;\"> se dio a la tarea de generar alianzas con otros organismos de moda del pa\u00eds, como son <\/span><b>Moda Chile<\/b><span style=\"font-weight: 400;\"> and <\/span><b>Fashion Revolution Chile<\/b><span style=\"font-weight: 400;\">, para as\u00ed, unir fuerzas en torno a la posibilidad de generar una plataforma de intercambio que incluya a distintos actores de la industria.<\/span><\/p>\n<p><img decoding=\"async\" class=\"aligncenter size-full wp-image-17702 lazyload\" data-src=\"https:\/\/universomola.com\/wp-content\/uploads\/2023\/05\/Bad-pink.cl_.jpg\" alt=\"\" width=\"1536\" height=\"1920\" data-srcset=\"https:\/\/universomola.com\/wp-content\/uploads\/2023\/05\/Bad-pink.cl_-10x12.jpg 10w, https:\/\/universomola.com\/wp-content\/uploads\/2023\/05\/Bad-pink.cl_-200x250.jpg 200w, https:\/\/universomola.com\/wp-content\/uploads\/2023\/05\/Bad-pink.cl_-240x300.jpg 240w, https:\/\/universomola.com\/wp-content\/uploads\/2023\/05\/Bad-pink.cl_-400x500.jpg 400w, https:\/\/universomola.com\/wp-content\/uploads\/2023\/05\/Bad-pink.cl_-500x625.jpg 500w, https:\/\/universomola.com\/wp-content\/uploads\/2023\/05\/Bad-pink.cl_-600x750.jpg 600w, https:\/\/universomola.com\/wp-content\/uploads\/2023\/05\/Bad-pink.cl_-700x875.jpg 700w, https:\/\/universomola.com\/wp-content\/uploads\/2023\/05\/Bad-pink.cl_-768x960.jpg 768w, https:\/\/universomola.com\/wp-content\/uploads\/2023\/05\/Bad-pink.cl_-800x1000.jpg 800w, https:\/\/universomola.com\/wp-content\/uploads\/2023\/05\/Bad-pink.cl_-819x1024.jpg 819w, https:\/\/universomola.com\/wp-content\/uploads\/2023\/05\/Bad-pink.cl_-1200x1500.jpg 1200w, https:\/\/universomola.com\/wp-content\/uploads\/2023\/05\/Bad-pink.cl_-1229x1536.jpg 1229w, https:\/\/universomola.com\/wp-content\/uploads\/2023\/05\/Bad-pink.cl_.jpg 1536w\" data-sizes=\"(max-width: 1536px) 100vw, 1536px\" src=\"data:image\/svg+xml;base64,PHN2ZyB3aWR0aD0iMSIgaGVpZ2h0PSIxIiB4bWxucz0iaHR0cDovL3d3dy53My5vcmcvMjAwMC9zdmciPjwvc3ZnPg==\" style=\"--smush-placeholder-width: 1536px; --smush-placeholder-aspect-ratio: 1536\/1920;\" \/><span style=\"color: #999999;\"><em>Bad Pink<\/em><\/span><\/p>\n<p><span style=\"font-weight: 400;\">En esta primera versi\u00f3n, en la que se presentaron las colecciones oto\u00f1o\/invierno 2023, se dieron cita <\/span><b>14 dise\u00f1adores<\/b><span style=\"font-weight: 400;\">, tanto chilenos como extranjeros, entre los que se cuentan: <\/span><b>Rub\u00e9n Campos<\/b><span style=\"font-weight: 400;\">, quien volvi\u00f3 a las pasarelas luego de 10 a\u00f1os alejado de estos eventos, <\/span><b>Javiera Jord\u00e1n<\/b><span style=\"font-weight: 400;\">, <\/span><b>Leticia Faviani<\/b><span style=\"font-weight: 400;\">, <\/span><b>Aldo Sotomayor,<\/b> <b>Paz Moresco<\/b><span style=\"font-weight: 400;\"> and <\/span><b>Custo Barcelona<\/b><span style=\"font-weight: 400;\">, quien fue el encargado de cerrar el evento con su \u00faltima colecci\u00f3n.<\/span><\/p>\n<p><span style=\"font-weight: 400;\">En el \u00e1mbito de la sostenibilidad, destacaron la dise\u00f1adora <\/span><b>Lupe Gajardo<\/b><span style=\"font-weight: 400;\">, vice-presidenta de Moda Chile y conocida por su propuesta de patronaje zero waste, <\/span><b>Bad Pink<\/b><span style=\"font-weight: 400;\">, marca dedicada al upcycling y que present\u00f3 una colecci\u00f3n creada a base de denim y <\/span><b>Bad Sisters<\/b><span style=\"font-weight: 400;\">, marca que apuesta por el uso de telas con dise\u00f1os pintados a mano.<\/span><\/p>\n<p><img decoding=\"async\" class=\"aligncenter size-full wp-image-17706 lazyload\" data-src=\"https:\/\/universomola.com\/wp-content\/uploads\/2023\/05\/Lupe-Gajardo-1.jpg\" alt=\"\" width=\"1536\" height=\"1920\" data-srcset=\"https:\/\/universomola.com\/wp-content\/uploads\/2023\/05\/Lupe-Gajardo-1-10x12.jpg 10w, https:\/\/universomola.com\/wp-content\/uploads\/2023\/05\/Lupe-Gajardo-1-200x250.jpg 200w, https:\/\/universomola.com\/wp-content\/uploads\/2023\/05\/Lupe-Gajardo-1-240x300.jpg 240w, https:\/\/universomola.com\/wp-content\/uploads\/2023\/05\/Lupe-Gajardo-1-400x500.jpg 400w, https:\/\/universomola.com\/wp-content\/uploads\/2023\/05\/Lupe-Gajardo-1-500x625.jpg 500w, https:\/\/universomola.com\/wp-content\/uploads\/2023\/05\/Lupe-Gajardo-1-600x750.jpg 600w, https:\/\/universomola.com\/wp-content\/uploads\/2023\/05\/Lupe-Gajardo-1-700x875.jpg 700w, https:\/\/universomola.com\/wp-content\/uploads\/2023\/05\/Lupe-Gajardo-1-768x960.jpg 768w, https:\/\/universomola.com\/wp-content\/uploads\/2023\/05\/Lupe-Gajardo-1-800x1000.jpg 800w, https:\/\/universomola.com\/wp-content\/uploads\/2023\/05\/Lupe-Gajardo-1-819x1024.jpg 819w, https:\/\/universomola.com\/wp-content\/uploads\/2023\/05\/Lupe-Gajardo-1-1200x1500.jpg 1200w, https:\/\/universomola.com\/wp-content\/uploads\/2023\/05\/Lupe-Gajardo-1-1229x1536.jpg 1229w, https:\/\/universomola.com\/wp-content\/uploads\/2023\/05\/Lupe-Gajardo-1.jpg 1536w\" data-sizes=\"(max-width: 1536px) 100vw, 1536px\" src=\"data:image\/svg+xml;base64,PHN2ZyB3aWR0aD0iMSIgaGVpZ2h0PSIxIiB4bWxucz0iaHR0cDovL3d3dy53My5vcmcvMjAwMC9zdmciPjwvc3ZnPg==\" style=\"--smush-placeholder-width: 1536px; --smush-placeholder-aspect-ratio: 1536\/1920;\" \/><span style=\"color: #999999;\"><em>Lupe Gajardo<\/em><\/span><\/p>\n<p><span style=\"font-weight: 400;\">Por su parte, gracias a la alianza que se estableci\u00f3 entre <\/span><b>Andes Fashion Week Chile<\/b><span style=\"font-weight: 400;\"> and <\/span><b>Fashion Revolution Chile<\/b><span style=\"font-weight: 400;\">, se otorg\u00f3 un cupo para pasarela a una marca emergente de moda sostenible. La marca de sastrer\u00eda suprareciclada, <\/span><b>DUSO<\/b><span style=\"font-weight: 400;\">, fue seleccionada de un total de 35 propuestas.<\/span><\/p>\n<p><span style=\"font-weight: 400;\">Andes Fashion Week Chile cont\u00f3 adem\u00e1s con la presencia de Albania Rosario, Fundadora y Directora Creativa de Dise\u00f1adores de Moda de Am\u00e9rica Latina (FDLA) e invitada honoraria del evento, as\u00ed como de una gran cantidad de miembros de la industria de la moda y del p\u00fablico cercano al mundo de la moda.<\/span><\/p>\n<p><img decoding=\"async\" class=\"aligncenter size-full wp-image-17705 lazyload\" data-src=\"https:\/\/universomola.com\/wp-content\/uploads\/2023\/05\/DUSO-Sastreria-suprareciclada.jpg\" alt=\"\" width=\"1536\" height=\"1920\" data-srcset=\"https:\/\/universomola.com\/wp-content\/uploads\/2023\/05\/DUSO-Sastreria-suprareciclada-240x300.jpg 240w, https:\/\/universomola.com\/wp-content\/uploads\/2023\/05\/DUSO-Sastreria-suprareciclada-768x960.jpg 768w, https:\/\/universomola.com\/wp-content\/uploads\/2023\/05\/DUSO-Sastreria-suprareciclada-819x1024.jpg 819w, https:\/\/universomola.com\/wp-content\/uploads\/2023\/05\/DUSO-Sastreria-suprareciclada.jpg 1536w\" data-sizes=\"(max-width: 1536px) 100vw, 1536px\" src=\"data:image\/svg+xml;base64,PHN2ZyB3aWR0aD0iMSIgaGVpZ2h0PSIxIiB4bWxucz0iaHR0cDovL3d3dy53My5vcmcvMjAwMC9zdmciPjwvc3ZnPg==\" style=\"--smush-placeholder-width: 1536px; --smush-placeholder-aspect-ratio: 1536\/1920;\" \/><span style=\"color: #999999;\"><em>Duso, sastrer\u00eda<\/em><\/span><\/p>\n<p><span style=\"font-weight: 400;\">La organizaci\u00f3n se\u00f1al\u00f3 que este gran evento de moda se realizar\u00e1 dos veces al a\u00f1o, siendo noviembre, el mes escogido para realizar su segunda versi\u00f3n.<\/span><\/p>\n<\/div><\/div><\/div><\/div><\/div>","protected":false},"excerpt":{"rendered":"","protected":false},"author":2,"featured_media":17710,"comment_status":"open","ping_status":"open","sticky":false,"template":"","format":"standard","meta":{"_monsterinsights_skip_tracking":false,"_monsterinsights_sitenote_active":false,"_monsterinsights_sitenote_note":"","_monsterinsights_sitenote_category":0,"footnotes":""},"categories":[183],"tags":[259,260,92,269,47,96,224],"class_list":["post-17701","post","type-post","status-publish","format-standard","has-post-thumbnail","hentry","category-noti-mola-news","tag-259","tag-fashion","tag-moda-latinoamericana","tag-moda-organica","tag-moda-sostenible","tag-moda-sustentable","tag-sostenibilidad"],"_links":{"self":[{"href":"https:\/\/universomola.com\/en\/wp-json\/wp\/v2\/posts\/17701","targetHints":{"allow":["GET"]}}],"collection":[{"href":"https:\/\/universomola.com\/en\/wp-json\/wp\/v2\/posts"}],"about":[{"href":"https:\/\/universomola.com\/en\/wp-json\/wp\/v2\/types\/post"}],"author":[{"embeddable":true,"href":"https:\/\/universomola.com\/en\/wp-json\/wp\/v2\/users\/2"}],"replies":[{"embeddable":true,"href":"https:\/\/universomola.com\/en\/wp-json\/wp\/v2\/comments?post=17701"}],"version-history":[{"count":1,"href":"https:\/\/universomola.com\/en\/wp-json\/wp\/v2\/posts\/17701\/revisions"}],"predecessor-version":[{"id":17711,"href":"https:\/\/universomola.com\/en\/wp-json\/wp\/v2\/posts\/17701\/revisions\/17711"}],"wp:featuredmedia":[{"embeddable":true,"href":"https:\/\/universomola.com\/en\/wp-json\/wp\/v2\/media\/17710"}],"wp:attachment":[{"href":"https:\/\/universomola.com\/en\/wp-json\/wp\/v2\/media?parent=17701"}],"wp:term":[{"taxonomy":"category","embeddable":true,"href":"https:\/\/universomola.com\/en\/wp-json\/wp\/v2\/categories?post=17701"},{"taxonomy":"post_tag","embeddable":true,"href":"https:\/\/universomola.com\/en\/wp-json\/wp\/v2\/tags?post=17701"}],"curies":[{"name":"wp","href":"https:\/\/api.w.org\/{rel}","templated":true}]}}