{"id":17780,"date":"2023-06-08T09:00:02","date_gmt":"2023-06-08T12:00:02","guid":{"rendered":"https:\/\/universomola.com\/?p=17780"},"modified":"2023-06-08T12:48:29","modified_gmt":"2023-06-08T15:48:29","slug":"herramientas-de-diseno-sostenible","status":"publish","type":"post","link":"https:\/\/universomola.com\/en\/herramientas-de-diseno-sostenible\/","title":{"rendered":"Herramientas de dise\u00f1o sostenible"},"content":{"rendered":"<div class=\"fusion-fullwidth fullwidth-box fusion-builder-row-1 fusion-flex-container nonhundred-percent-fullwidth non-hundred-percent-height-scrolling\" style=\"--awb-border-radius-top-left:0px;--awb-border-radius-top-right:0px;--awb-border-radius-bottom-right:0px;--awb-border-radius-bottom-left:0px;--awb-padding-right-small:0px;--awb-padding-left-small:0px;--awb-margin-top-small:0px;--awb-flex-wrap:wrap;\" ><div class=\"fusion-builder-row fusion-row fusion-flex-align-items-flex-start fusion-flex-content-wrap\" style=\"max-width:calc( 1200px + 0px );margin-left: calc(-0px \/ 2 );margin-right: calc(-0px \/ 2 );\"><div class=\"fusion-layout-column fusion_builder_column fusion-builder-column-0 fusion_builder_column_1_1 1_1 fusion-flex-column\" style=\"--awb-bg-size:cover;--awb-width-large:100%;--awb-margin-top-large:0px;--awb-spacing-right-large:0px;--awb-margin-bottom-large:0px;--awb-spacing-left-large:0px;--awb-width-medium:100%;--awb-spacing-right-medium:0px;--awb-spacing-left-medium:0px;--awb-width-small:100%;--awb-spacing-right-small:0px;--awb-spacing-left-small:0px;\"><div class=\"fusion-column-wrapper fusion-flex-justify-content-flex-start fusion-content-layout-column\"><div class=\"fusion-text fusion-text-1\"><p><span style=\"font-weight: 400;\">By <a href=\"http:\/\/www.instagram.com\/nicolemdrz\">Nicole Madriz<\/a><\/span><\/p>\n<hr \/>\n<p><span style=\"font-weight: 400;\">La sostenibilidad no es un tema en tendencia, esta palabra nos acompa\u00f1a desde hace varios a\u00f1os con mayor intensidad y con el paso vamos conociendo y experimentando los cambios clim\u00e1ticos y sociales que nos est\u00e1n solicitando ser m\u00e1s conscientes.\u00a0<\/span><\/p>\n<p><strong>Este tema no abarca solamente un eje ambiental viene acompa\u00f1ado de un eje social y econ\u00f3mico tambi\u00e9n.<\/strong><\/p>\n<p><span style=\"font-weight: 400;\">Mucho se habla de las industrias que mayor contaminaci\u00f3n provocan en el planeta y a su vez de pr\u00e1cticas que las empresas adoptan o buscan para solucionar estos problemas, hoy te comparto algunas que pod\u00e9s aplicar como marca, empresa o como consumidor.\u00a0<\/span><\/p>\n<h3><img decoding=\"async\" class=\"aligncenter size-full wp-image-17782 lazyload\" data-src=\"https:\/\/universomola.com\/wp-content\/uploads\/2023\/06\/83b8a7b907cc8c35970e9d74cb344f31.jpeg\" alt=\"\" width=\"400\" height=\"370\" data-srcset=\"https:\/\/universomola.com\/wp-content\/uploads\/2023\/06\/83b8a7b907cc8c35970e9d74cb344f31-13x12.jpeg 13w, https:\/\/universomola.com\/wp-content\/uploads\/2023\/06\/83b8a7b907cc8c35970e9d74cb344f31-200x185.jpeg 200w, https:\/\/universomola.com\/wp-content\/uploads\/2023\/06\/83b8a7b907cc8c35970e9d74cb344f31-300x278.jpeg 300w, https:\/\/universomola.com\/wp-content\/uploads\/2023\/06\/83b8a7b907cc8c35970e9d74cb344f31.jpeg 400w\" data-sizes=\"(max-width: 400px) 100vw, 400px\" src=\"data:image\/svg+xml;base64,PHN2ZyB3aWR0aD0iMSIgaGVpZ2h0PSIxIiB4bWxucz0iaHR0cDovL3d3dy53My5vcmcvMjAwMC9zdmciPjwvc3ZnPg==\" style=\"--smush-placeholder-width: 400px; --smush-placeholder-aspect-ratio: 400\/370;\" \/><\/h3>\n<h3><b>Mejor dise\u00f1o del producto<\/b><\/h3>\n<p><span style=\"font-weight: 400;\">No basta con solamente pensar en la funcionalidad de un producto, es momento de idear incluso una manera de desecharlo que sea menos invasivo con el ambiente.\u00a0<\/span><\/p>\n<p><span style=\"font-weight: 400;\">Este momento nos exige crear pensando en que al momento de finalizar el tiempo de vida, se pueda aprovechar o reutilizar de otras formas.\u00a0\u00a0<\/span><\/p>\n<p><span style=\"font-weight: 400;\">En latinoam\u00e9rica nuestra crianza muchas veces vino acompa\u00f1ada de un gran ingenio en nuestros hogares por restaurar prendas, heredar o incluso cuando ya no cumpl\u00eda ninguna de estas funciones, utilizarlas para limpiar superficies u otro fin.\u00a0<\/span><\/p>\n<p><span style=\"font-weight: 400;\">La idea de un producto es que nos acompa\u00f1e por un largo periodo, sin necesidad de desecharse.<\/span><\/p>\n<h3><\/h3>\n<h3><b>Utilizaci\u00f3n de textiles o materia prima natural<\/b><\/h3>\n<p><span style=\"font-weight: 400;\">La naturaleza nos provee absolutamente todo lo que necesitamos, tiene sus tiempos, clima y geograf\u00eda perfecta.\u00a0<\/span><\/p>\n<p><span style=\"font-weight: 400;\">Utilizar materia prima natural nos facilita el desecho de esta tambi\u00e9n, adem\u00e1s de la infinidad de beneficios que tiene al contacto con nuestro cuerpo.\u00a0<\/span><\/p>\n<p><span style=\"font-weight: 400;\">Con el paso de los a\u00f1os se ha normalizado el surgimiento de las alergias en el cuerpo, algunas se atribuyen a ciertos alimentos y muy pocas veces pensamos en lo que estamos permitiendo rozar nuestra piel. Algunos alimentos son restringidos incluso por la manera de ser cultivados y la presencia de qu\u00edmicos que posteriormente son ingeridos; la producci\u00f3n de ropa incluye qu\u00edmicos que al estar en contacto con nuestro cuerpo pueden provocar sarpullidos e incluso\u00a0 enfermedades a largo plazo; el momento en que nuestro cuerpo transpira, los poros se abren y tambi\u00e9n ingresan los qu\u00edmicos de lo que se est\u00e1 vistiendo.\u00a0<\/span><\/p>\n<h3><\/h3>\n<h3><b>Implemento de tintes naturales<\/b><\/h3>\n<p><span style=\"font-weight: 400;\">Desde hace algunas d\u00e9cadas aprendimos a buscar prendas que no perdieran su color sin importar la cantidad de procesos de lavado que se hicieran; el nivel de toxicidad que acompa\u00f1a estos tintes es muy alto y por ende riesgoso para nuestro cuerpo.\u00a0\u00a0<\/span><\/p>\n<p><span style=\"font-weight: 400;\">El implemento de tintes naturales nos permite incluso cambiar colores a las prendas despu\u00e9s de un tiempo y as\u00ed volver vers\u00e1til esa pieza.<\/span><\/p>\n<p><span style=\"font-weight: 400;\">El tinte natural experimenta cambios con el paso del tiempo, tal y como lo hacemos nosotros.<\/span><\/p>\n<h3><\/h3>\n<h3><b>Reutilizaci\u00f3n de materia prima<\/b><\/h3>\n<p><span style=\"font-weight: 400;\">El concepto del upcycling nos ha permitido crear prendas en base a otras previamente desechadas, desarrollar modelos de negocio en los que todo gira en torno al aprovechamiento de aquello que para unas personas cumpli\u00f3 su ciclo; la creatividad e ingenio de otras ha hecho surgir un movimiento con fuerza.\u00a0<\/span><\/p>\n<p><span style=\"font-weight: 400;\">De igual forma, hay grandes casas de moda o productores textiles que tienen saldos de telas que son donadas o vendidas a menores precios para que dise\u00f1adores o marcas emergentes puedan aprovechar.<\/span><\/p>\n<p><img decoding=\"async\" class=\"aligncenter size-full wp-image-17783 lazyload\" data-src=\"https:\/\/universomola.com\/wp-content\/uploads\/2023\/06\/a4f57cbe81615d33774eacec6c05a5ac.jpeg\" alt=\"\" width=\"408\" height=\"340\" data-srcset=\"https:\/\/universomola.com\/wp-content\/uploads\/2023\/06\/a4f57cbe81615d33774eacec6c05a5ac-14x12.jpeg 14w, https:\/\/universomola.com\/wp-content\/uploads\/2023\/06\/a4f57cbe81615d33774eacec6c05a5ac-200x167.jpeg 200w, https:\/\/universomola.com\/wp-content\/uploads\/2023\/06\/a4f57cbe81615d33774eacec6c05a5ac-300x250.jpeg 300w, https:\/\/universomola.com\/wp-content\/uploads\/2023\/06\/a4f57cbe81615d33774eacec6c05a5ac-400x333.jpeg 400w, https:\/\/universomola.com\/wp-content\/uploads\/2023\/06\/a4f57cbe81615d33774eacec6c05a5ac.jpeg 408w\" data-sizes=\"(max-width: 408px) 100vw, 408px\" src=\"data:image\/svg+xml;base64,PHN2ZyB3aWR0aD0iMSIgaGVpZ2h0PSIxIiB4bWxucz0iaHR0cDovL3d3dy53My5vcmcvMjAwMC9zdmciPjwvc3ZnPg==\" style=\"--smush-placeholder-width: 408px; --smush-placeholder-aspect-ratio: 408\/340;\" \/><\/p>\n<h3><b>Dise\u00f1o atemporal\u00a0<\/b><\/h3>\n<p><span style=\"font-weight: 400;\">Cada vez que dise\u00f1amos prendas que se pueden utilizar sin importar el cambio de estaci\u00f3n, clima o temperatura, estamos incentivando al consumidor a re utilizar sus prendas, a explorar su creatividad y evitar el sobre consumo. Guiar a nuestro consumidor a estilizar sus prendas de diferentes formas con accesorios o piezas b\u00e1sicas le permite un mejor y mayor aprovechamiento de su guardarropa, y aqu\u00ed hay un juego entre los puntos anteriores, porque esta atemporalidad puede ser ofrecida tambi\u00e9n por los textiles naturales.\u00a0<\/span><\/p>\n<h3><b>Medici\u00f3n del impacto de nuestro consumo y creaci\u00f3n en el planeta\u00a0<\/b><\/h3>\n<p><span style=\"font-weight: 400;\">Como marcas y consumidores podemos crear mayor conciencia y buscar el balance entre lo que producimos o consumimos con el impacto que generamos, existen varias aplicaciones y p\u00e1ginas donde esto puede hacerse con\u00a0 mayor facilidad. Una de ellas es Oxtron.<\/span><\/p>\n<p><span style=\"font-weight: 400;\">Esta empresa la conoc\u00ed hace un par de semanas y hacen un estudio completo de las emisiones de GEI para despu\u00e9s buscar soluciones aplicables.\u00a0<\/span><\/p>\n<p><span style=\"font-weight: 400;\">Pueden conocer un poco m\u00e1s de su trabajo en <\/span><a href=\"http:\/\/www.oxtron.mx\/\"><span style=\"font-weight: 400;\">www.oxtron.mx<\/span><\/a><span style=\"font-weight: 400;\"> o sus redes @oxtron.mx.\u00a0<\/span><span style=\"font-weight: 400;\">\u00a0<\/span><\/p>\n<p><span style=\"font-weight: 400;\">Al conocer el impacto podemos idear nuevas formas de dise\u00f1o incentivando el consumo de textiles de nuestro pa\u00eds y as\u00ed apoyar la econom\u00eda, tambi\u00e9n la siembra de \u00e1rboles y reforestaci\u00f3n de lugares que lo necesitan.\u00a0<\/span><\/p>\n<p><span style=\"font-weight: 400;\">Es un momento en que la creatividad puede surgir de muchas formas, las herramientas de dise\u00f1o sostenible pueden ser y verse diferente para cada empresa o persona. <strong>Lo m\u00e1s importante en este momento es aplicar alguna, por peque\u00f1a que parezca, est\u00e1 creando un cambio que tambi\u00e9n puede ser compartido para hacerlo colectivo.\u00a0<\/strong><\/span><\/p>\n<\/div><\/div><\/div><\/div><\/div>","protected":false},"excerpt":{"rendered":"","protected":false},"author":2,"featured_media":17781,"comment_status":"open","ping_status":"open","sticky":false,"template":"","format":"standard","meta":{"_monsterinsights_skip_tracking":false,"_monsterinsights_sitenote_active":false,"_monsterinsights_sitenote_note":"","_monsterinsights_sitenote_category":0,"footnotes":""},"categories":[40],"tags":[259,260,92,269,47,96,224],"class_list":["post-17780","post","type-post","status-publish","format-standard","has-post-thumbnail","hentry","category-blog","tag-259","tag-fashion","tag-moda-latinoamericana","tag-moda-organica","tag-moda-sostenible","tag-moda-sustentable","tag-sostenibilidad"],"_links":{"self":[{"href":"https:\/\/universomola.com\/en\/wp-json\/wp\/v2\/posts\/17780","targetHints":{"allow":["GET"]}}],"collection":[{"href":"https:\/\/universomola.com\/en\/wp-json\/wp\/v2\/posts"}],"about":[{"href":"https:\/\/universomola.com\/en\/wp-json\/wp\/v2\/types\/post"}],"author":[{"embeddable":true,"href":"https:\/\/universomola.com\/en\/wp-json\/wp\/v2\/users\/2"}],"replies":[{"embeddable":true,"href":"https:\/\/universomola.com\/en\/wp-json\/wp\/v2\/comments?post=17780"}],"version-history":[{"count":2,"href":"https:\/\/universomola.com\/en\/wp-json\/wp\/v2\/posts\/17780\/revisions"}],"predecessor-version":[{"id":17785,"href":"https:\/\/universomola.com\/en\/wp-json\/wp\/v2\/posts\/17780\/revisions\/17785"}],"wp:featuredmedia":[{"embeddable":true,"href":"https:\/\/universomola.com\/en\/wp-json\/wp\/v2\/media\/17781"}],"wp:attachment":[{"href":"https:\/\/universomola.com\/en\/wp-json\/wp\/v2\/media?parent=17780"}],"wp:term":[{"taxonomy":"category","embeddable":true,"href":"https:\/\/universomola.com\/en\/wp-json\/wp\/v2\/categories?post=17780"},{"taxonomy":"post_tag","embeddable":true,"href":"https:\/\/universomola.com\/en\/wp-json\/wp\/v2\/tags?post=17780"}],"curies":[{"name":"wp","href":"https:\/\/api.w.org\/{rel}","templated":true}]}}