{"id":17837,"date":"2023-06-20T09:00:20","date_gmt":"2023-06-20T12:00:20","guid":{"rendered":"https:\/\/universomola.com\/?p=17837"},"modified":"2023-06-20T13:05:38","modified_gmt":"2023-06-20T16:05:38","slug":"fast-fashion-el-comienzo-del-fin","status":"publish","type":"post","link":"https:\/\/universomola.com\/en\/fast-fashion-el-comienzo-del-fin\/","title":{"rendered":"Fast Fashion, el comienzo del fin"},"content":{"rendered":"<div class=\"fusion-fullwidth fullwidth-box fusion-builder-row-1 fusion-flex-container nonhundred-percent-fullwidth non-hundred-percent-height-scrolling\" style=\"--awb-border-radius-top-left:0px;--awb-border-radius-top-right:0px;--awb-border-radius-bottom-right:0px;--awb-border-radius-bottom-left:0px;--awb-padding-right-small:0px;--awb-padding-left-small:0px;--awb-margin-top-small:0px;--awb-flex-wrap:wrap;\" ><div class=\"fusion-builder-row fusion-row fusion-flex-align-items-flex-start fusion-flex-content-wrap\" style=\"max-width:calc( 1200px + 0px );margin-left: calc(-0px \/ 2 );margin-right: calc(-0px \/ 2 );\"><div class=\"fusion-layout-column fusion_builder_column fusion-builder-column-0 fusion_builder_column_1_1 1_1 fusion-flex-column\" style=\"--awb-bg-size:cover;--awb-width-large:100%;--awb-margin-top-large:0px;--awb-spacing-right-large:0px;--awb-margin-bottom-large:0px;--awb-spacing-left-large:0px;--awb-width-medium:100%;--awb-spacing-right-medium:0px;--awb-spacing-left-medium:0px;--awb-width-small:100%;--awb-spacing-right-small:0px;--awb-spacing-left-small:0px;\"><div class=\"fusion-column-wrapper fusion-flex-justify-content-flex-start fusion-content-layout-column\"><div class=\"fusion-text fusion-text-1\"><p>By <a href=\"https:\/\/www.instagram.com\/_rrrenata._\/\">Renata Correa<\/a><\/p>\n<hr \/>\n<p><span style=\"font-weight: 400;\">Junio comenz\u00f3 con buenas noticias para el futuro de la industria textil y el mundo de la moda. El primero del mes corriente el parlamento europeo vot\u00f3 a favor de la <\/span><b><i>Estrategia para Textiles Sostenibles y Circulares<\/i><\/b><span style=\"font-weight: 400;\"> , con 600 votos a favor y solamente 17 en contra, se aprob\u00f3 la primera instancia de este proyecto que busca encaminar la industria hacia un futuro donde los textiles sean m\u00e1s duraderos, reparables, reutilizables y reciclables.\u00a0<\/span><\/p>\n<p><span style=\"font-weight: 400;\">La propuesta fue presentada por la Comisi\u00f3n Europea como parte del Pacto Verde Europeo en 2022 y est\u00e1 planteada para ayudar a la UE en la<\/span><b> transici\u00f3n hacia una econom\u00eda circular clim\u00e1ticamente neutra<\/b><span style=\"font-weight: 400;\">, en la que los productos se dise\u00f1en de forma m\u00e1s sostenible, duradera y eficiente.<\/span><\/p>\n<p><span style=\"font-weight: 400;\">Con esto se pretende garantizar a la industria una recuperaci\u00f3n de la crisis ocasionada por las consecuencias del Covid-19, aumentando la competitividad y garantizando la inversi\u00f3n de fondos, la investigaci\u00f3n en t\u00e9cnicas y la innovaci\u00f3n continua de las mismas.<\/span><\/p>\n<p><span style=\"font-weight: 400;\">Las iniciativas que tiene esta estrategia aseguran transparencia, rendici\u00f3n de cuentas y pr\u00e1cticas de compras justas, fomentando la transparencia incluyen, por ejemplo,\u00a0 la exigencia de un pasaporte digital obligatorio para los productos de la industria textil donde se comunique a los compradores informaci\u00f3n sobre materiales, productos qu\u00edmicos, huella de carbono e impacto en el agua; otras de las exigencias en pro de reducir el impacto clim\u00e1tico que toca la estrategia de textiles son, reducir el uso global de\u00a0 materias primas, limitar la sobreproducci\u00f3n de textiles, prohibir la destrucci\u00f3n de textiles no vendidos o devueltos y crear leyes m\u00e1s firmes para evitar el <\/span><i><span style=\"font-weight: 400;\">Greenwashing <\/span><\/i><span style=\"font-weight: 400;\">por parte de marcas y productores.\u00a0<\/span><\/p>\n<p><span style=\"font-weight: 400;\">Otro de los puntos fuertes de este proyecto es asegurar los Derechos Humanos de los trabajadores y trabajadoras de la industria textil, con controles m\u00e1s fuertes sobre las condiciones laborales de los mismos, tambi\u00e9n busca asegurar la salud de los consumidores, mediante la obligaci\u00f3n de reducci\u00f3n del uso de materiales que pueden ser nocivos para la salud, como los micropl\u00e1sticos.<\/span><\/p>\n<p><span style=\"font-weight: 400;\">Sin dudas este es un gran paso por parte de las autoridades Europeas para encaminar la industria hacia un futuro m\u00e1s justo para todos y todas, confiamos en que estas propuestas puedan evolucionar a leyes tangibles, con regulaciones s\u00f3lidas que permitan y fomenten las buenas pr\u00e1cticas y la conciencia ambiental.\u00a0 <\/span><\/p>\n<\/div><\/div><\/div><\/div><\/div>","protected":false},"excerpt":{"rendered":"","protected":false},"author":2,"featured_media":17840,"comment_status":"open","ping_status":"open","sticky":false,"template":"","format":"standard","meta":{"_monsterinsights_skip_tracking":false,"_monsterinsights_sitenote_active":false,"_monsterinsights_sitenote_note":"","_monsterinsights_sitenote_category":0,"footnotes":""},"categories":[183],"tags":[259,260,92,269,47,96,224],"class_list":["post-17837","post","type-post","status-publish","format-standard","has-post-thumbnail","hentry","category-noti-mola-news","tag-259","tag-fashion","tag-moda-latinoamericana","tag-moda-organica","tag-moda-sostenible","tag-moda-sustentable","tag-sostenibilidad"],"_links":{"self":[{"href":"https:\/\/universomola.com\/en\/wp-json\/wp\/v2\/posts\/17837","targetHints":{"allow":["GET"]}}],"collection":[{"href":"https:\/\/universomola.com\/en\/wp-json\/wp\/v2\/posts"}],"about":[{"href":"https:\/\/universomola.com\/en\/wp-json\/wp\/v2\/types\/post"}],"author":[{"embeddable":true,"href":"https:\/\/universomola.com\/en\/wp-json\/wp\/v2\/users\/2"}],"replies":[{"embeddable":true,"href":"https:\/\/universomola.com\/en\/wp-json\/wp\/v2\/comments?post=17837"}],"version-history":[{"count":2,"href":"https:\/\/universomola.com\/en\/wp-json\/wp\/v2\/posts\/17837\/revisions"}],"predecessor-version":[{"id":17839,"href":"https:\/\/universomola.com\/en\/wp-json\/wp\/v2\/posts\/17837\/revisions\/17839"}],"wp:featuredmedia":[{"embeddable":true,"href":"https:\/\/universomola.com\/en\/wp-json\/wp\/v2\/media\/17840"}],"wp:attachment":[{"href":"https:\/\/universomola.com\/en\/wp-json\/wp\/v2\/media?parent=17837"}],"wp:term":[{"taxonomy":"category","embeddable":true,"href":"https:\/\/universomola.com\/en\/wp-json\/wp\/v2\/categories?post=17837"},{"taxonomy":"post_tag","embeddable":true,"href":"https:\/\/universomola.com\/en\/wp-json\/wp\/v2\/tags?post=17837"}],"curies":[{"name":"wp","href":"https:\/\/api.w.org\/{rel}","templated":true}]}}