{"id":17907,"date":"2023-07-23T09:00:09","date_gmt":"2023-07-23T12:00:09","guid":{"rendered":"https:\/\/universomola.com\/?p=17907"},"modified":"2023-06-30T13:51:29","modified_gmt":"2023-06-30T16:51:29","slug":"los-angeles-como-ejemplo-de-capital-de-moda-sostenible","status":"publish","type":"post","link":"https:\/\/universomola.com\/en\/los-angeles-como-ejemplo-de-capital-de-moda-sostenible\/","title":{"rendered":"Los Angeles como ejemplo de capital de moda sostenible"},"content":{"rendered":"<div class=\"fusion-fullwidth fullwidth-box fusion-builder-row-1 fusion-flex-container nonhundred-percent-fullwidth non-hundred-percent-height-scrolling\" style=\"--awb-border-radius-top-left:0px;--awb-border-radius-top-right:0px;--awb-border-radius-bottom-right:0px;--awb-border-radius-bottom-left:0px;--awb-padding-right-small:0px;--awb-padding-left-small:0px;--awb-margin-top-small:0px;--awb-flex-wrap:wrap;\" ><div class=\"fusion-builder-row fusion-row fusion-flex-align-items-flex-start fusion-flex-content-wrap\" style=\"max-width:calc( 1200px + 0px );margin-left: calc(-0px \/ 2 );margin-right: calc(-0px \/ 2 );\"><div class=\"fusion-layout-column fusion_builder_column fusion-builder-column-0 fusion_builder_column_1_1 1_1 fusion-flex-column\" style=\"--awb-bg-size:cover;--awb-width-large:100%;--awb-margin-top-large:0px;--awb-spacing-right-large:0px;--awb-margin-bottom-large:0px;--awb-spacing-left-large:0px;--awb-width-medium:100%;--awb-spacing-right-medium:0px;--awb-spacing-left-medium:0px;--awb-width-small:100%;--awb-spacing-right-small:0px;--awb-spacing-left-small:0px;\"><div class=\"fusion-column-wrapper fusion-flex-justify-content-flex-start fusion-content-layout-column\"><div class=\"fusion-text fusion-text-1\"><p><span style=\"font-weight: 400;\">By <a href=\"http:\/\/www.instagram.com\/wearecoral\">Fernanda Perera<\/a><\/span><\/p>\n<hr \/>\n<div class=\"page\" title=\"Page 1\">\n<div class=\"section\">\n<div class=\"layoutArea\">\n<div class=\"column\">\n<div class=\"page\" title=\"Page 1\">\n<div class=\"section\">\n<div class=\"layoutArea\">\n<div class=\"column\">\n<p style=\"text-align: center;\"><strong>\u00bfC\u00d3MO LOS \u00c1NGELES SE CONVIRTI\u00d3 EN LA CAPITAL DE LA MODA SOSTENIBLE?\u00a0\u00bfPOR QU\u00c9 LA CIUDAD ATRAE A TANTOS DISE\u00d1ADORES CON CONCIENCIA ECOL\u00d3GICA?<\/strong><\/p>\n<p>No fue hace tanto tiempo cuando la palabra sustentabilidad vino con un estigma adjunto, tocando una cuerda de desd\u00e9n en muchos, pero especialmente entre la \u00e9lite de la moda. Abrazado por un segmento peque\u00f1o, aunque muy virtuoso, de la poblaci\u00f3n, este mundo de la moda sostenible comenz\u00f3 a prosperar.<\/p>\n<p>Ahora, pasar por alto la sostenibilidad se equipara con una moral cuestionable o una perspectiva fuera de tiempo. Y esta urgencia de ejercer un estilo de vida m\u00e1s consciente solo se ve agravada por la avalancha de efectos secundarios catastr\u00f3ficos casi diarios del cambio clim\u00e1tico (desastres naturales y patrones clim\u00e1ticos impredecibles). Por lo tanto, tiene sentido que la sostenibilidad sea una prioridad entre las marcas emergentes y, curiosamente, el hilo com\u00fan entre estas etiquetas nacidas bien es que todas comparten el mismo lugar de origen: Los \u00c1ngeles.<\/p>\n<h5 style=\"text-align: center;\"><span class=\"Apple-converted-space\"><img decoding=\"async\" class=\"aligncenter size-full wp-image-17910 lazyload\" data-src=\"https:\/\/universomola.com\/wp-content\/uploads\/2023\/06\/photo1688142877.jpeg\" alt=\"\" width=\"800\" height=\"533\" data-srcset=\"https:\/\/universomola.com\/wp-content\/uploads\/2023\/06\/photo1688142877-18x12.jpeg 18w, https:\/\/universomola.com\/wp-content\/uploads\/2023\/06\/photo1688142877-200x133.jpeg 200w, https:\/\/universomola.com\/wp-content\/uploads\/2023\/06\/photo1688142877-300x200.jpeg 300w, https:\/\/universomola.com\/wp-content\/uploads\/2023\/06\/photo1688142877-400x267.jpeg 400w, https:\/\/universomola.com\/wp-content\/uploads\/2023\/06\/photo1688142877-500x333.jpeg 500w, https:\/\/universomola.com\/wp-content\/uploads\/2023\/06\/photo1688142877-600x400.jpeg 600w, https:\/\/universomola.com\/wp-content\/uploads\/2023\/06\/photo1688142877-700x466.jpeg 700w, https:\/\/universomola.com\/wp-content\/uploads\/2023\/06\/photo1688142877-768x512.jpeg 768w, https:\/\/universomola.com\/wp-content\/uploads\/2023\/06\/photo1688142877.jpeg 800w\" data-sizes=\"(max-width: 800px) 100vw, 800px\" src=\"data:image\/svg+xml;base64,PHN2ZyB3aWR0aD0iMSIgaGVpZ2h0PSIxIiB4bWxucz0iaHR0cDovL3d3dy53My5vcmcvMjAwMC9zdmciPjwvc3ZnPg==\" style=\"--smush-placeholder-width: 800px; --smush-placeholder-aspect-ratio: 800\/533;\" \/>\u00a0<\/span><span style=\"color: #999999;\">Cr\u00e9ditos imagen: @preview<\/span><\/h5>\n<p>En el centro de todo, la raz\u00f3n por la que Los \u00c1ngeles ha atra\u00eddo a dise\u00f1adores conscientes del medio ambiente es, en parte, su proximidad a la naturaleza.<\/p>\n<p>Los \u00c1ngeles tiene una atm\u00f3sfera \u00fanica, monta\u00f1as, playas y desiertos; se preocupan por la Tierra porque pasan mucho tiempo al aire libre y sienten una conexi\u00f3n con nuestro planeta.<\/p>\n<p>Y, naturalmente, esta protecci\u00f3n del medio ambiente ha influido en lo que los angelinos compran, consumen y apoyan, desde los productos org\u00e1nicos comprados en el mercado agr\u00edcola local hasta los productos de belleza natural que se aplican a las fibras que se usan.<\/p>\n<h5 style=\"text-align: center;\"><img decoding=\"async\" class=\"aligncenter size-full wp-image-17909 lazyload\" data-src=\"https:\/\/universomola.com\/wp-content\/uploads\/2023\/06\/photo1688142877-2.jpeg\" alt=\"\" width=\"851\" height=\"1280\" data-srcset=\"https:\/\/universomola.com\/wp-content\/uploads\/2023\/06\/photo1688142877-2-8x12.jpeg 8w, https:\/\/universomola.com\/wp-content\/uploads\/2023\/06\/photo1688142877-2-199x300.jpeg 199w, https:\/\/universomola.com\/wp-content\/uploads\/2023\/06\/photo1688142877-2-200x301.jpeg 200w, https:\/\/universomola.com\/wp-content\/uploads\/2023\/06\/photo1688142877-2-400x602.jpeg 400w, https:\/\/universomola.com\/wp-content\/uploads\/2023\/06\/photo1688142877-2-500x752.jpeg 500w, https:\/\/universomola.com\/wp-content\/uploads\/2023\/06\/photo1688142877-2-600x902.jpeg 600w, https:\/\/universomola.com\/wp-content\/uploads\/2023\/06\/photo1688142877-2-681x1024.jpeg 681w, https:\/\/universomola.com\/wp-content\/uploads\/2023\/06\/photo1688142877-2-700x1053.jpeg 700w, https:\/\/universomola.com\/wp-content\/uploads\/2023\/06\/photo1688142877-2-768x1155.jpeg 768w, https:\/\/universomola.com\/wp-content\/uploads\/2023\/06\/photo1688142877-2-800x1203.jpeg 800w, https:\/\/universomola.com\/wp-content\/uploads\/2023\/06\/photo1688142877-2.jpeg 851w\" data-sizes=\"(max-width: 851px) 100vw, 851px\" src=\"data:image\/svg+xml;base64,PHN2ZyB3aWR0aD0iMSIgaGVpZ2h0PSIxIiB4bWxucz0iaHR0cDovL3d3dy53My5vcmcvMjAwMC9zdmciPjwvc3ZnPg==\" style=\"--smush-placeholder-width: 851px; --smush-placeholder-aspect-ratio: 851\/1280;\" \/><span style=\"color: #999999;\"><span class=\"Apple-converted-space\">\u00a0<\/span>Cr\u00e9ditos imagen: @preview<\/span><\/h5>\n<p>Y la demanda est\u00e1 ah\u00ed: en una encuesta realizada por MakerSights, un proveedor de software de desarrollo de productos para marcas de consumo, se encontr\u00f3 que el 73 % de los compradores prefieren comprar productos de marcas ecol\u00f3gicas.<\/p>\n<p>Con la reacci\u00f3n violenta contra la moda r\u00e1pida, las noticias sobre una guerra comercial inminente, el surgimiento de una generaci\u00f3n que valora la transparencia y los objetivos impulsados por una misi\u00f3n (y est\u00e1 dispuesta a pagar m\u00e1s por ello), esta idea de productos fabricados localmente (l\u00e9ase: menos huella de carbono ) nunca ha sonado tan atractivo. Esta nueva era de la moda, una que es reflexiva y consciente, est\u00e1 aqu\u00ed.<\/p>\n<\/div>\n<\/div>\n<\/div>\n<\/div>\n<\/div>\n<\/div>\n<\/div>\n<\/div>\n<\/div><\/div><\/div><\/div><\/div>","protected":false},"excerpt":{"rendered":"","protected":false},"author":2,"featured_media":17911,"comment_status":"open","ping_status":"open","sticky":false,"template":"","format":"standard","meta":{"_monsterinsights_skip_tracking":false,"_monsterinsights_sitenote_active":false,"_monsterinsights_sitenote_note":"","_monsterinsights_sitenote_category":0,"footnotes":""},"categories":[40],"tags":[259,260,92,269,47,96,224],"class_list":["post-17907","post","type-post","status-publish","format-standard","has-post-thumbnail","hentry","category-blog","tag-259","tag-fashion","tag-moda-latinoamericana","tag-moda-organica","tag-moda-sostenible","tag-moda-sustentable","tag-sostenibilidad"],"_links":{"self":[{"href":"https:\/\/universomola.com\/en\/wp-json\/wp\/v2\/posts\/17907","targetHints":{"allow":["GET"]}}],"collection":[{"href":"https:\/\/universomola.com\/en\/wp-json\/wp\/v2\/posts"}],"about":[{"href":"https:\/\/universomola.com\/en\/wp-json\/wp\/v2\/types\/post"}],"author":[{"embeddable":true,"href":"https:\/\/universomola.com\/en\/wp-json\/wp\/v2\/users\/2"}],"replies":[{"embeddable":true,"href":"https:\/\/universomola.com\/en\/wp-json\/wp\/v2\/comments?post=17907"}],"version-history":[{"count":3,"href":"https:\/\/universomola.com\/en\/wp-json\/wp\/v2\/posts\/17907\/revisions"}],"predecessor-version":[{"id":17913,"href":"https:\/\/universomola.com\/en\/wp-json\/wp\/v2\/posts\/17907\/revisions\/17913"}],"wp:featuredmedia":[{"embeddable":true,"href":"https:\/\/universomola.com\/en\/wp-json\/wp\/v2\/media\/17911"}],"wp:attachment":[{"href":"https:\/\/universomola.com\/en\/wp-json\/wp\/v2\/media?parent=17907"}],"wp:term":[{"taxonomy":"category","embeddable":true,"href":"https:\/\/universomola.com\/en\/wp-json\/wp\/v2\/categories?post=17907"},{"taxonomy":"post_tag","embeddable":true,"href":"https:\/\/universomola.com\/en\/wp-json\/wp\/v2\/tags?post=17907"}],"curies":[{"name":"wp","href":"https:\/\/api.w.org\/{rel}","templated":true}]}}