{"id":21409,"date":"2023-07-30T10:36:58","date_gmt":"2023-07-30T13:36:58","guid":{"rendered":"https:\/\/universomola.com\/?p=21409"},"modified":"2023-07-30T10:54:34","modified_gmt":"2023-07-30T13:54:34","slug":"alta-costura-y-sostenibilidad-conceptos-irreconciliables","status":"publish","type":"post","link":"https:\/\/universomola.com\/en\/alta-costura-y-sostenibilidad-conceptos-irreconciliables\/","title":{"rendered":"Alta Costura y Sostenibilidad \u00bfconceptos irreconciliables?"},"content":{"rendered":"<p style=\"text-align: center;\"><span style=\"font-weight: 400;\">Por: Valentina Alvarado (@fuckrealife)<\/span><\/p>\n<p>&nbsp;<\/p>\n<p>&nbsp;<\/p>\n<p><span style=\"font-weight: 400;\">Despu\u00e9s de estar muy atenta a la \u00faltima semana de la alta costura en Par\u00eds y admirar las diversas creaciones de las marcas participantes, <\/span><b>me surgieron algunas preguntas en relaci\u00f3n al compromiso de esta parte de la industria con la sostenibilidad.<\/b><\/p>\n<p><span style=\"font-weight: 400;\">La moda de alta costura (<\/span><i><span style=\"font-weight: 400;\">Haute Couture<\/span><\/i><span style=\"font-weight: 400;\"> en franc\u00e9s) <\/span><b>se destaca por el protagonismo que se le da al nivel de detalle, manualidad y artesanalidad que conlleva cada creaci\u00f3n, al uso de materiales y dise\u00f1os excepcionales y, en ocasiones, por ser hecha a la medida de los clientes.<\/b><span style=\"font-weight: 400;\"> Cada a\u00f1o se celebran dos semanas de la alta costura en Par\u00eds, la de primavera\/verano en Enero y la de oto\u00f1o\/invierno en Julio. Solo las casas de moda que son miembros, corresponsales o invitadas de <\/span><a href=\"https:\/\/www.fhcm.paris\/fr\/federation-de-la-haute-couture-et-de-la-mode\"><span style=\"font-weight: 400;\">la C\u00e1mara Sindical de la Alta Costura, que hace parte de la Federaci\u00f3n de la Alta Costura y la Moda<\/span><\/a><span style=\"font-weight: 400;\">, pueden presentar, de manera oficial, colecciones de alta costura durante estas semanas.\u00a0<\/span><\/p>\n<p><span style=\"font-weight: 400;\">M\u00e1s all\u00e1 del lujo y la exclusividad que representa la <\/span><i><span style=\"font-weight: 400;\">Haute Couture<\/span><\/i><span style=\"font-weight: 400;\">, <\/span><b>su relaci\u00f3n con la sostenibilidad todav\u00eda deja mucho que desear.<\/b><\/p>\n<p>&nbsp;<\/p>\n<p><em><b>Uso y desecho de materiales<\/b><\/em><\/p>\n<p><span style=\"font-weight: 400;\">Los materiales empleados en los dise\u00f1os de alta costura, por su rareza y singularidad, pueden llegar a tener <\/span><b>procesos de producci\u00f3n no tan sostenibles que se desencadenan en el uso desmedido de recursos como la energ\u00eda y el agua<\/b><span style=\"font-weight: 400;\">, o incluso contribuyen a la caza furtiva de animales y a la degradaci\u00f3n del medio ambiente al buscar garantizar pieles y plumas ex\u00f3ticas.<\/span><\/p>\n<p><span style=\"font-weight: 400;\">Cada vez son m\u00e1s las casas de alta costura que <\/span><b>apuestan por la transparencia en lo que concierne a su cadena de suministros, producci\u00f3n y distribuci\u00f3n<\/b><span style=\"font-weight: 400;\">. No obstante, mientras pueden avalar que el origen y manufactura de sus productos es rastreable y \u00e9tico, <\/span><b>a\u00fan hay mucho por lograr en cuanto al desecho de materiales restantes.<\/b><\/p>\n<p><span style=\"font-weight: 400;\">Sin embargo, se han visto esfuerzos por parte de algunas marcas que producen alta costura al <\/span><b>crear colecciones c\u00e1psulas reutilizando restos de materiales y desechos, o introduciendo el <\/b><b><i>upcycling<\/i><\/b> <span style=\"font-weight: 400;\">como una pr\u00e1ctica sostenible y constante en sus procesos.<\/span><\/p>\n<p><span style=\"font-weight: 400;\">Es el caso de <\/span><a href=\"https:\/\/www.tributetomagazine.com\/fashion-designer-ronald-van-der-kemp\/\"><span style=\"font-weight: 400;\">RVDK Ronald van der Kemp<\/span><\/a><span style=\"font-weight: 400;\"> that <\/span><b>se autoproclama la primera marca de alta costura en el mundo en ser \u00e9tica y sostenible<\/b><span style=\"font-weight: 400;\">, ya que usa solamente telas y materiales de segunda y produce muy pocas unidades de un solo dise\u00f1o.<\/span><\/p>\n<p><img decoding=\"async\" class=\"aligncenter size-full wp-image-21413 lazyload\" data-src=\"https:\/\/universomola.com\/wp-content\/uploads\/2023\/07\/IMG_3279-min-2.jpg\" alt=\"\" src=\"data:image\/svg+xml;base64,PHN2ZyB3aWR0aD0iMSIgaGVpZ2h0PSIxIiB4bWxucz0iaHR0cDovL3d3dy53My5vcmcvMjAwMC9zdmciPjwvc3ZnPg==\" style=\"--smush-placeholder-width: 2732px; --smush-placeholder-aspect-ratio: 2732\/4098;\" \/><\/p>\n<p><span style=\"font-weight: 400;\">Tambi\u00e9n es el de<\/span><a href=\"https:\/\/www.harpersbazaar.com\/fashion\/fashion-week\/a36982496\/couture-upcycling-fall-2021\/\"><span style=\"font-weight: 400;\"> Iris van Herpen, Maison Margiela y Victor &amp; Rolf<\/span><\/a><span style=\"font-weight: 400;\">, marcas que han incorporado el uso de materiales reutilizados y el <\/span><i><span style=\"font-weight: 400;\">upcycling<\/span><\/i><span style=\"font-weight: 400;\"> en algunas de sus colecciones de alta costura. <\/span><\/p>\n<p><img decoding=\"async\" class=\"size-full wp-image-21419 alignnone lazyload\" data-src=\"https:\/\/universomola.com\/wp-content\/uploads\/2023\/07\/4-viktor-rolfhautecoutureaw21bymarijkeaerden-1625848610.jpg\" alt=\"\" width=\"980\" height=\"1470\" data-srcset=\"https:\/\/universomola.com\/wp-content\/uploads\/2023\/07\/4-viktor-rolfhautecoutureaw21bymarijkeaerden-1625848610-8x12.jpg 8w, https:\/\/universomola.com\/wp-content\/uploads\/2023\/07\/4-viktor-rolfhautecoutureaw21bymarijkeaerden-1625848610-200x300.jpg 200w, https:\/\/universomola.com\/wp-content\/uploads\/2023\/07\/4-viktor-rolfhautecoutureaw21bymarijkeaerden-1625848610-400x600.jpg 400w, https:\/\/universomola.com\/wp-content\/uploads\/2023\/07\/4-viktor-rolfhautecoutureaw21bymarijkeaerden-1625848610-500x750.jpg 500w, https:\/\/universomola.com\/wp-content\/uploads\/2023\/07\/4-viktor-rolfhautecoutureaw21bymarijkeaerden-1625848610-600x900.jpg 600w, https:\/\/universomola.com\/wp-content\/uploads\/2023\/07\/4-viktor-rolfhautecoutureaw21bymarijkeaerden-1625848610-683x1024.jpg 683w, https:\/\/universomola.com\/wp-content\/uploads\/2023\/07\/4-viktor-rolfhautecoutureaw21bymarijkeaerden-1625848610-700x1050.jpg 700w, https:\/\/universomola.com\/wp-content\/uploads\/2023\/07\/4-viktor-rolfhautecoutureaw21bymarijkeaerden-1625848610-768x1152.jpg 768w, https:\/\/universomola.com\/wp-content\/uploads\/2023\/07\/4-viktor-rolfhautecoutureaw21bymarijkeaerden-1625848610-800x1200.jpg 800w, https:\/\/universomola.com\/wp-content\/uploads\/2023\/07\/4-viktor-rolfhautecoutureaw21bymarijkeaerden-1625848610.jpg 980w\" data-sizes=\"(max-width: 980px) 100vw, 980px\" src=\"data:image\/svg+xml;base64,PHN2ZyB3aWR0aD0iMSIgaGVpZ2h0PSIxIiB4bWxucz0iaHR0cDovL3d3dy53My5vcmcvMjAwMC9zdmciPjwvc3ZnPg==\" style=\"--smush-placeholder-width: 980px; --smush-placeholder-aspect-ratio: 980\/1470;\" \/><\/p>\n<p><img decoding=\"async\" class=\"aligncenter size-full wp-image-21424 lazyload\" data-src=\"https:\/\/universomola.com\/wp-content\/uploads\/2023\/07\/IMG_3273-min-1.jpg\" alt=\"\" src=\"data:image\/svg+xml;base64,PHN2ZyB3aWR0aD0iMSIgaGVpZ2h0PSIxIiB4bWxucz0iaHR0cDovL3d3dy53My5vcmcvMjAwMC9zdmciPjwvc3ZnPg==\" style=\"--smush-placeholder-width: 2732px; --smush-placeholder-aspect-ratio: 2732\/4098;\" \/><\/p>\n<p>&nbsp;<\/p>\n<p><em><b>Un consumo cada vez m\u00e1s acelerado<\/b><\/em><\/p>\n<p><b>Se suele pensar que la moda de alta costura es la ant\u00edtesis de la moda r\u00e1pida o <\/b><b><i>fast fashion<\/i><\/b><span style=\"font-weight: 400;\">. Se tiene entendido que la primera est\u00e1 compuesta por prendas que toman mucho tiempo en crearse, tienen dise\u00f1os complejos y existen pocas unidades de cada uno, y la segunda se caracteriza por la creaci\u00f3n y venta masiva de ropa y accesorios y por rotar sus colecciones cada pocos d\u00edas o semanas.<\/span><\/p>\n<p><span style=\"font-weight: 400;\">Lo cierto es que con el acelerado ritmo de la industria de la moda y lo importante que es un crecimiento constante en ventas para las marcas de moda y alta costura, <\/span><b>el concepto de la semana de la alta costura, y de la alta costura como tal, ha ido cambiando en los \u00faltimos a\u00f1os.<\/b><\/p>\n<p><span style=\"font-weight: 400;\">Hoy en d\u00eda, algunas marcas que presentan alta costura <\/span><b>utilizan este espacio para presentar grandes colecciones que podr\u00edan clasificarse en la categor\u00eda de<\/b><b><i> pr\u00eat \u00e0 porter<\/i><\/b><b> o <\/b><b><i>ready to wear, <\/i><\/b><span style=\"font-weight: 400;\">crear m\u00e1s unidades aumenta las posibilidades de vender m\u00e1s.<\/span><a href=\"https:\/\/www.repubblica.it\/moda-e-beauty\/2023\/07\/04\/news\/giorgio_armani_prive_sfilata_parigi-406671709\/\"><span style=\"font-weight: 400;\"> Esto fue algo que Giorgio Armani critic\u00f3 tras la semana de la alta costura de Julio 2023<\/span><\/a><span style=\"font-weight: 400;\">, el dise\u00f1ador Italiano cuestion\u00f3 lo que <\/span><i><span style=\"font-weight: 400;\">Haute Couture<\/span><\/i><span style=\"font-weight: 400;\"> significa para algunas marcas que presentan este tipo de colecciones, as\u00ed como el punto de ir hasta Par\u00eds dos veces al a\u00f1o a presentar colecciones exclusivas si la l\u00ednea que separa la alta costura del<\/span><i><span style=\"font-weight: 400;\"> ready to wear<\/span><\/i><span style=\"font-weight: 400;\"> es cada vez m\u00e1s difusa para algunas de estas marcas.<\/span><\/p>\n<p><span style=\"font-weight: 400;\">Aunque falta un gran camino por recorrer en cuanto a incorporar de manera integral pr\u00e1cticas m\u00e1s sustentables en la industria de la moda, <\/span><b>la alta costura y la sostenibilidad no son conceptos irreconciliables<\/b><span style=\"font-weight: 400;\">. El enfoque de las nuevas generaciones por lograr un futuro m\u00e1s circular reta a las marcas de moda a <\/span><b>encontrar maneras innovadoras de lograr una industria cada vez m\u00e1s responsable y que estas pr\u00e1cticas lleguen hasta los sectores m\u00e1s exclusivos de la misma, como lo son el lujo y la alta costura.<\/b><\/p>\n<p>&nbsp;<\/p>","protected":false},"excerpt":{"rendered":"<p>Por: Valentina Alvarado (@fuckrealife) &nbsp; &nbsp; Despu\u00e9s de estar muy [&hellip;]<\/p>","protected":false},"author":9,"featured_media":21414,"comment_status":"open","ping_status":"open","sticky":false,"template":"","format":"standard","meta":{"_monsterinsights_skip_tracking":false,"_monsterinsights_sitenote_active":false,"_monsterinsights_sitenote_note":"","_monsterinsights_sitenote_category":0,"footnotes":""},"categories":[40],"tags":[259,93,91,95,46,89,92],"class_list":["post-21409","post","type-post","status-publish","format-standard","has-post-thumbnail","hentry","category-blog","tag-259","tag-disenadores-sostenibles","tag-ethical-fashion","tag-innovacion","tag-moda","tag-moda-etica","tag-moda-latinoamericana"],"_links":{"self":[{"href":"https:\/\/universomola.com\/en\/wp-json\/wp\/v2\/posts\/21409","targetHints":{"allow":["GET"]}}],"collection":[{"href":"https:\/\/universomola.com\/en\/wp-json\/wp\/v2\/posts"}],"about":[{"href":"https:\/\/universomola.com\/en\/wp-json\/wp\/v2\/types\/post"}],"author":[{"embeddable":true,"href":"https:\/\/universomola.com\/en\/wp-json\/wp\/v2\/users\/9"}],"replies":[{"embeddable":true,"href":"https:\/\/universomola.com\/en\/wp-json\/wp\/v2\/comments?post=21409"}],"version-history":[{"count":4,"href":"https:\/\/universomola.com\/en\/wp-json\/wp\/v2\/posts\/21409\/revisions"}],"predecessor-version":[{"id":21426,"href":"https:\/\/universomola.com\/en\/wp-json\/wp\/v2\/posts\/21409\/revisions\/21426"}],"wp:featuredmedia":[{"embeddable":true,"href":"https:\/\/universomola.com\/en\/wp-json\/wp\/v2\/media\/21414"}],"wp:attachment":[{"href":"https:\/\/universomola.com\/en\/wp-json\/wp\/v2\/media?parent=21409"}],"wp:term":[{"taxonomy":"category","embeddable":true,"href":"https:\/\/universomola.com\/en\/wp-json\/wp\/v2\/categories?post=21409"},{"taxonomy":"post_tag","embeddable":true,"href":"https:\/\/universomola.com\/en\/wp-json\/wp\/v2\/tags?post=21409"}],"curies":[{"name":"wp","href":"https:\/\/api.w.org\/{rel}","templated":true}]}}