{"id":27915,"date":"2023-08-31T16:51:14","date_gmt":"2023-08-31T19:51:14","guid":{"rendered":"https:\/\/universomola.com\/?p=27915"},"modified":"2023-08-31T16:51:14","modified_gmt":"2023-08-31T19:51:14","slug":"ecoansiedad-que-es-y-como-combatirla","status":"publish","type":"post","link":"https:\/\/universomola.com\/en\/ecoansiedad-que-es-y-como-combatirla\/","title":{"rendered":"Ecoansiedad: \u00bfQu\u00e9 es y c\u00f3mo combatirla?"},"content":{"rendered":"<p>La American Psychology Association (APA) describe la ecoansiedad como \u201cel temor cr\u00f3nico a sufrir un cataclismo ambiental que se produce al observar el impacto<br \/>\naparentemente irrevocable del cambio clim\u00e1tico y la preocupaci\u00f3n asociada por el futuro de uno mismo y de las pr\u00f3ximas generaciones\u201d. Es muy com\u00fan que al iniciar un cambio de vida a una m\u00e1s sustentable o sostenible, nos abrume la cantidad de cosas que \u201chac\u00edamos mal\u201d. Lo escribo entre comillas, porque considero que es por falta de informaci\u00f3n y no intencionalmente. Y a su vez, entre m\u00e1s indagamos sobre el tema, m\u00e1s nos puede dar la sensaci\u00f3n de que el mundo va a colapsar en cualquier momento. A m\u00ed particularmente me pas\u00f3 (incluso me pasa a veces) y por eso me interpela escribir sobre el tema, para que si a alguien m\u00e1s le sucede lo mismo, sepa que no est\u00e1 sola\/o y que no hay que desesperar.<\/p>\n<p>Voy a hablar un poco desde mi experiencia personal: lo primero que sent\u00ed cuando comenc\u00e9 a adentrarme en este \u201cmundo\u201d, fue, sin exagerar, \u201c\u00a1estoy haciendo todo mal!\u201d. Y seguido<br \/>\na eso, una suerte de enojo o indignaci\u00f3n por no haber tenido la informaci\u00f3n antes. \u00bfPor qu\u00e9 es una tem\u00e1tica \u201cde nicho\u201d? Cuando buscamos, encontramos informaci\u00f3n, pero si no<br \/>\nbuscamos, podemos tranquilamente no enterarnos de nada. El famoso \u201cfingir demencia\u201d. Fue ah\u00ed donde v\u00ed cu\u00e1l era uno de los mayores desaf\u00edos: que la informaci\u00f3n llegue aunque la<br \/>\ngente no la busque. Empapar lo m\u00e1s posible de informaci\u00f3n todos los lugares, espacios que podamos, democratizarla, ponerla en la agenda. \u00bfQu\u00e9 puede ser m\u00e1s importante que el<br \/>\nhecho de que los recursos del mundo est\u00e1n agotados? Seg\u00fan parece, varias cosas\u2026 Pero para eso est\u00e1 esta comunidad del bien, que a paso firme va ganando espacios y<br \/>\nmultiplicando voces.<\/p>\n<p>As\u00ed y todo, s\u00e9 que es dif\u00edcil no caer a veces en esta eco-ansiedad de la que hablamos. \u00bfC\u00f3mo no preocuparnos cuando por ejemplo vemos las temperaturas en agosto alrededor del mundo? Hemisferio norte teniendo picos que hasta han superado los 50 grados, hemisferio sur con d\u00edas \u201cveraniegos\u201d en pleno invierno\u2026<\/p>\n<p>Es preocupante y alarmante, no podemos negarlo: Global Footprint Network realiza el c\u00e1lculo cada a\u00f1o con el objetivo de generar conciencia sobre el impacto que tienen nuestras<br \/>\nacciones en el medio ambiente. Este a\u00f1o, los recursos de todo el 2023 fueron agotados el 2 de Agosto\u2026<br \/>\nNos encontramos entonces ante la necesidad de hacer un cambio social. Es cierto que el mayor impacto est\u00e1 en manos de grandes empresas que parecen hacer o\u00eddos sordos a estas tem\u00e1ticas, pero al final del d\u00eda, las empresas son un negocio, y un negocio sin ventas, no funciona. Entonces una de los puntos de inicio, considero yo, para comenzar a adentrarnos en un modo de vida m\u00e1s sostenible y amigable con el mundo en el que vivimos, es tener un consumo consciente. Vamos a ocuparnos en este caso, de la industria de la moda: no les puedo explicar el grado de culpa que tuve cuando comenc\u00e9 a ser consciente del consumo que estaba teniendo. No tanto en cuanto a cantidad de ropa que compraba, sino m\u00e1s bien a la calidad.<\/p>\n<p>Fue en ese momento, cuando escuch\u00e9 a Valentina, la directora de Universo Mola decir que el guardarropas m\u00e1s sostenible, era el que ya ten\u00edamos. De nada val\u00eda salir corriendo a reemplazar todo nuestro placard. Lo que ten\u00edamos ya estaba ah\u00ed. La consciencia parte de esa base: qu\u00e9 tengo, en qu\u00e9 condiciones, c\u00f3mo la uso, no desechar porque s\u00ed, qu\u00e9 comprar, si realmente necesito comprar algo nuevo, etc. Y esto no solo aplica a la ropa. \u00bfCu\u00e1ntas veces queremos salir corriendo a comprarnos algo nuevo que en realidad ya tenemos? El consumismo viene desde hace much\u00edsimo tiempo, sacarse ese \u201cchip\u201d puede costarnos un poco al principio.<\/p>\n<p>El camino a una vida m\u00e1s sostenible, es integral: no solo nos cuestionamos qu\u00e9 consumimos, sino tambi\u00e9n quienes somos, qu\u00e9 queremos, qu\u00e9 nos representa, que no. Y es por eso que es el inicio de un proceso donde nos volvemos m\u00e1s cr\u00edticos con todo, no s\u00f3lo con la moda.<\/p>\n<p>La moda siempre fue vista y considerada como algo fr\u00edvolo y\/o superficial. Pero lejos de eso, ha sido la voz de la sociedad incontables veces. Aunque por momentos parezca silenciosa, nos permite expresar lo que a veces no logramos poner en palabras o aquellas cosas que la sociedad no se anima a admitir. Por ejemplo, \u00bfno fue en la d\u00e9cada de los 50 el auge del corset? Justo en una \u00e9poca post guerra, cuando los hombres vuelven de la guerra y encuentran a sus mujeres empoderadas reemplazandolos en las tareas que hasta de la guerra, eran de ellos. Y frente a este cambio social que buscaba que las mujeres \u201cvuelvan a sus casas\u201d, reaparece el corset\u2026 De la misma forma que en las d\u00e9cadas de los 60 y 70, toma fuerza la moda descontracturada del movimiento hippie en manos de una juventud que reclama su libertad y defensa de sus derechos. \u00bfEs casualidad que la moda de esa \u00e9poca nos remonte a esa sensaci\u00f3n de libertad? No, no es casualidad.<\/p>\n<p>Por esto, no es novedad que la moda sustentable est\u00e9 tomando cada vez m\u00e1s relevancia frente a un mundo que se nos prende fuego delante de nuestros ojos. He aqu\u00ed la importancia de la democratizaci\u00f3n de la informaci\u00f3n, no desesperar, pero tomar real consciencia de que \u00e9ste es el \u00fanico camino posible. Exigir como consumidores, aportar como emprendedores, sumar como comunicadores. Si no realizamos un cambio ahora, \u00bfqu\u00e9 mundo nos va a quedar?<\/p>","protected":false},"excerpt":{"rendered":"<p>La American Psychology Association (APA) describe la ecoansiedad como \u201cel [&hellip;]<\/p>","protected":false},"author":9,"featured_media":27913,"comment_status":"open","ping_status":"open","sticky":false,"template":"","format":"standard","meta":{"_monsterinsights_skip_tracking":false,"_monsterinsights_sitenote_active":false,"_monsterinsights_sitenote_note":"","_monsterinsights_sitenote_category":0,"footnotes":""},"categories":[40],"tags":[93,89,269,47,96,88],"class_list":["post-27915","post","type-post","status-publish","format-standard","has-post-thumbnail","hentry","category-blog","tag-disenadores-sostenibles","tag-moda-etica","tag-moda-organica","tag-moda-sostenible","tag-moda-sustentable","tag-universo-mola"],"_links":{"self":[{"href":"https:\/\/universomola.com\/en\/wp-json\/wp\/v2\/posts\/27915","targetHints":{"allow":["GET"]}}],"collection":[{"href":"https:\/\/universomola.com\/en\/wp-json\/wp\/v2\/posts"}],"about":[{"href":"https:\/\/universomola.com\/en\/wp-json\/wp\/v2\/types\/post"}],"author":[{"embeddable":true,"href":"https:\/\/universomola.com\/en\/wp-json\/wp\/v2\/users\/9"}],"replies":[{"embeddable":true,"href":"https:\/\/universomola.com\/en\/wp-json\/wp\/v2\/comments?post=27915"}],"version-history":[{"count":1,"href":"https:\/\/universomola.com\/en\/wp-json\/wp\/v2\/posts\/27915\/revisions"}],"predecessor-version":[{"id":27916,"href":"https:\/\/universomola.com\/en\/wp-json\/wp\/v2\/posts\/27915\/revisions\/27916"}],"wp:featuredmedia":[{"embeddable":true,"href":"https:\/\/universomola.com\/en\/wp-json\/wp\/v2\/media\/27913"}],"wp:attachment":[{"href":"https:\/\/universomola.com\/en\/wp-json\/wp\/v2\/media?parent=27915"}],"wp:term":[{"taxonomy":"category","embeddable":true,"href":"https:\/\/universomola.com\/en\/wp-json\/wp\/v2\/categories?post=27915"},{"taxonomy":"post_tag","embeddable":true,"href":"https:\/\/universomola.com\/en\/wp-json\/wp\/v2\/tags?post=27915"}],"curies":[{"name":"wp","href":"https:\/\/api.w.org\/{rel}","templated":true}]}}