{"id":3158,"date":"2021-03-25T15:47:55","date_gmt":"2021-03-25T18:47:55","guid":{"rendered":"http:\/\/desarrollosdeprueba.xyz\/universo_mola\/?p=3158"},"modified":"2021-06-02T17:32:26","modified_gmt":"2021-06-02T20:32:26","slug":"noticias-de-moda-sostenible-2021-mola-news-2","status":"publish","type":"post","link":"https:\/\/universomola.com\/en\/noticias-de-moda-sostenible-2021-mola-news-2\/","title":{"rendered":"Noticias de moda sostenible 2021 | MOLA NEWS | #2"},"content":{"rendered":"<p><span class=\"style-scope yt-formatted-string\" dir=\"auto\" style=\"color: #000000;\">MOLA NEWS :: Un lugar donde todos los s\u00e1bados encontrar\u00e1s las noticias m\u00e1s relevantes de la industria de la moda sostenible en Am\u00e9rica Latina y el mundo.<\/span><\/p>\n<ul>\n<li><span class=\"style-scope yt-formatted-string\" dir=\"auto\" style=\"color: #000000;\">Jason Momoa &amp; Tejidos Rebanc\u00e1 <\/span><\/li>\n<li><span class=\"style-scope yt-formatted-string\" dir=\"auto\" style=\"color: #000000;\">IMIX &amp; Levi&#8217;s <\/span><\/li>\n<li><span class=\"style-scope yt-formatted-string\" dir=\"auto\" style=\"color: #000000;\">Migraci\u00f3n &amp; Patrimonio: KUR Collection <\/span><\/li>\n<li><span class=\"style-scope yt-formatted-string\" dir=\"auto\" style=\"color: #000000;\">Aranceles a importaciones textiles en Colombia <\/span><\/li>\n<li><span class=\"style-scope yt-formatted-string\" dir=\"auto\" style=\"color: #000000;\">Amazon cre\u00f3 Colectivo en M\u00e9xico. <\/span><\/li>\n<li><span style=\"color: #000000;\"><span class=\"style-scope yt-formatted-string\" dir=\"auto\">Recomendaci\u00f3n: MOLA Blog <\/span><a class=\"yt-simple-endpoint style-scope yt-formatted-string\" dir=\"auto\" style=\"color: #000000;\" spellcheck=\"false\" href=\"https:\/\/www.youtube.com\/redirect?event=video_description&amp;redir_token=QUFFLUhqbC1iZS1WaENiRXVreXM0ZWZ0LWliaEI2czZVUXxBQ3Jtc0trNGVKbXBBLWNLUFNVc056QUlZbUszbGVMQWJLRG9YQUM4Rl9GTGtZbFJEN0NhUnNsNmJhS3pvX2IxV2NNanJkLWh2eGFOSV9qVU1MNzBJMVJ4TlhPcGQ5NDlPaU5EUUc4WDJqMXlkOGs4NW0ySEh2Yw&amp;q=http%3A%2F%2Fbit.ly%2FMOLABlog\" target=\"_blank\" rel=\"nofollow noopener\">http:\/\/bit.ly\/MOLABlog<\/a> <\/span><\/li>\n<\/ul>\n<p><span style=\"color: #000000;\"><span class=\"style-scope yt-formatted-string\" dir=\"auto\">Valentina Su\u00e1rez: Directora de Universo MOLA <\/span><a class=\"yt-simple-endpoint style-scope yt-formatted-string\" dir=\"auto\" style=\"color: #000000;\" spellcheck=\"false\" href=\"https:\/\/www.youtube.com\/redirect?event=video_description&amp;redir_token=QUFFLUhqbHVlbldMeGlfbkpTNVpyU19KZHZmQWJfNWhwQXxBQ3Jtc0tuRHl3ejMtVEJjZnlSU2huS3MzbEtkWXFaQko5ZUhjTUZTUHM3dl8zbW5yckExZms2NnFEMHBDVXFsYnl1RWwxRnZkQnVIcklkd042UUdsNG9KZFlpS2o1d1NPTEVjc3lDNnZxYV9hbzJFcjJuRXRLVQ&amp;q=http%3A%2F%2Finstagram.com%2Fvaalensuaa%2F\" target=\"_blank\" rel=\"nofollow noopener\">http:\/\/instagram.com\/vaalensuaa\/<\/a> <\/span><\/p>\n<p><span class=\"style-scope yt-formatted-string\" dir=\"auto\" style=\"color: #000000;\">?? \u00bfQuieres compartirnos una noticia o comunicado, escr\u00edbenos a info@universomola.com S\u00edguenos en todas nuestras redes sociales para enterarte de m\u00e1s.<\/span><\/p>\n<p><iframe title=\"YouTube video player\" data-src=\"https:\/\/www.youtube.com\/embed\/ZZ5RU5pV7S4\" width=\"640\" height=\"360\" frameborder=\"0\" allowfullscreen=\"allowfullscreen\" src=\"data:image\/svg+xml;base64,PHN2ZyB3aWR0aD0iMSIgaGVpZ2h0PSIxIiB4bWxucz0iaHR0cDovL3d3dy53My5vcmcvMjAwMC9zdmciPjwvc3ZnPg==\" data-load-mode=\"1\"><span data-mce-type=\"bookmark\" style=\"display: inline-block; width: 0px; overflow: hidden; line-height: 0;\" class=\"mce_SELRES_start lazyload\"><\/span><\/iframe><\/p>","protected":false},"excerpt":{"rendered":"<p>Lorem ipsum dolor sit amet, consectetur adipiscing elit. Nam pharetra dictum eleifend. Sed posuere magna at luctus pretium. Aliquam ligula sem, aliquet sit amet nisi ac, dignissim porta ipsum.<\/p>","protected":false},"author":2,"featured_media":3159,"comment_status":"open","ping_status":"open","sticky":false,"template":"","format":"video","meta":{"_monsterinsights_skip_tracking":false,"_monsterinsights_sitenote_active":false,"_monsterinsights_sitenote_note":"","_monsterinsights_sitenote_category":0,"footnotes":""},"categories":[37],"tags":[46,48,47,49,50],"class_list":["post-3158","post","type-post","status-publish","format-video","has-post-thumbnail","hentry","category-molanews","tag-moda","tag-moda-latina","tag-moda-sostenible","tag-noticias-de-moda","tag-sustainable-fashion","post_format-post-format-video"],"_links":{"self":[{"href":"https:\/\/universomola.com\/en\/wp-json\/wp\/v2\/posts\/3158","targetHints":{"allow":["GET"]}}],"collection":[{"href":"https:\/\/universomola.com\/en\/wp-json\/wp\/v2\/posts"}],"about":[{"href":"https:\/\/universomola.com\/en\/wp-json\/wp\/v2\/types\/post"}],"author":[{"embeddable":true,"href":"https:\/\/universomola.com\/en\/wp-json\/wp\/v2\/users\/2"}],"replies":[{"embeddable":true,"href":"https:\/\/universomola.com\/en\/wp-json\/wp\/v2\/comments?post=3158"}],"version-history":[{"count":1,"href":"https:\/\/universomola.com\/en\/wp-json\/wp\/v2\/posts\/3158\/revisions"}],"predecessor-version":[{"id":3160,"href":"https:\/\/universomola.com\/en\/wp-json\/wp\/v2\/posts\/3158\/revisions\/3160"}],"wp:featuredmedia":[{"embeddable":true,"href":"https:\/\/universomola.com\/en\/wp-json\/wp\/v2\/media\/3159"}],"wp:attachment":[{"href":"https:\/\/universomola.com\/en\/wp-json\/wp\/v2\/media?parent=3158"}],"wp:term":[{"taxonomy":"category","embeddable":true,"href":"https:\/\/universomola.com\/en\/wp-json\/wp\/v2\/categories?post=3158"},{"taxonomy":"post_tag","embeddable":true,"href":"https:\/\/universomola.com\/en\/wp-json\/wp\/v2\/tags?post=3158"}],"curies":[{"name":"wp","href":"https:\/\/api.w.org\/{rel}","templated":true}]}}