{"id":34884,"date":"2023-10-04T07:49:07","date_gmt":"2023-10-04T10:49:07","guid":{"rendered":"https:\/\/universomola.com\/?p=34884"},"modified":"2023-10-04T14:08:15","modified_gmt":"2023-10-04T17:08:15","slug":"fashion-hub-el-escenario-que-reunio-innovacion-y-sostenibilidad-en-milan-fashion-week","status":"publish","type":"post","link":"https:\/\/universomola.com\/en\/fashion-hub-el-escenario-que-reunio-innovacion-y-sostenibilidad-en-milan-fashion-week\/","title":{"rendered":"Fashion Hub: el escenario que reuni\u00f3 innovaci\u00f3n y sostenibilidad en Milan Fashion Week"},"content":{"rendered":"<p style=\"text-align: center;\"><a href=\"https:\/\/www.instagram.com\/_beingnat\/\"><i><span style=\"font-weight: 400;\">Por Natalie Cederbaum<\/span><\/i><\/a><\/p>\n<p>&nbsp;<\/p>\n<p><span style=\"font-weight: 400;\">Finalizando con el mes de la moda, la ciudad italiana, Mil\u00e1n, fue el foco de atenci\u00f3n durante la semana del 19 al 25 de septiembre celebrando una nueva Fashion Week.\u00a0<\/span><\/p>\n<p>&nbsp;<\/p>\n<p><span style=\"font-weight: 400;\">Dise\u00f1adores, marcas de renombre, talentos emergentes, celebridades y amantes de la moda de todo el mundo se reunieron para conocer las \u00faltimas tendencias. Adem\u00e1s de los 62 desfiles, el evento se enriqueci\u00f3 a\u00fan m\u00e1s con su novena edici\u00f3n del programa Fashion Hub de la mano de la C\u00e1mara Nacional de la Moda Italiana. Un espacio de vanguardia en di\u00e1logo con la sostenibilidad y el futuro de la moda.\u00a0<\/span><\/p>\n<p>&nbsp;<\/p>\n<div id=\"attachment_34885\" style=\"width: 395px\" class=\"wp-caption aligncenter\"><img decoding=\"async\" aria-describedby=\"caption-attachment-34885\" class=\"size-full wp-image-34885 lazyload\" data-src=\"https:\/\/universomola.com\/wp-content\/uploads\/2023\/10\/1-1.png\" alt=\"\" width=\"385\" height=\"375\" data-srcset=\"https:\/\/universomola.com\/wp-content\/uploads\/2023\/10\/1-1-12x12.png 12w, https:\/\/universomola.com\/wp-content\/uploads\/2023\/10\/1-1-200x195.png 200w, https:\/\/universomola.com\/wp-content\/uploads\/2023\/10\/1-1-300x292.png 300w, https:\/\/universomola.com\/wp-content\/uploads\/2023\/10\/1-1.png 385w\" data-sizes=\"(max-width: 385px) 100vw, 385px\" src=\"data:image\/svg+xml;base64,PHN2ZyB3aWR0aD0iMSIgaGVpZ2h0PSIxIiB4bWxucz0iaHR0cDovL3d3dy53My5vcmcvMjAwMC9zdmciPjwvc3ZnPg==\" style=\"--smush-placeholder-width: 385px; --smush-placeholder-aspect-ratio: 385\/375;\" \/><p id=\"caption-attachment-34885\" class=\"wp-caption-text\">Ecio de Fashion Hub, Mil\u00e1n .<br \/>Imagen tomada de la C\u00e1mara Nacional de la Moda Italiana.spa<\/p><\/div>\n<p><span style=\"font-weight: 400;\">La exposici\u00f3n tuvo lugar en el Palazzo Giureconsulti desde el 20 al 24 de septiembre y cont\u00f3 con siete secciones diferentes. En primera instancia, nueve marcas fueron seleccionadas para mostrar sus colecciones bajo la iniciativa \u201cDise\u00f1adores para el Planeta\u201d. Un proyecto que respalda a aquellos que consideran la sostenibilidad como un elemento fundamental en su proceso de producci\u00f3n. En esta oportunidad tuvieron el honor de participar, Pairi Daeza, Viapiave33, Young N Sang, Liwen Liang, Ok Kino, Trashy Clothing, Fatra, en colaboraci\u00f3n con Wami, y directamente desde Am\u00e9rica Latina, Felipe Fiallo y Escvdo.\u00a0<\/span><\/p>\n<p><span style=\"font-weight: 400;\">Nacido en Ecuador, Felipe Fiallo, revolucion\u00f3 la industria con su firma de calzado que integra tecnolog\u00eda, biolog\u00eda y sostenibilidad. Sus productos son confeccionados a partir de materiales biodegradables, empleando fabricaci\u00f3n digital, impresiones 3D y pr\u00e1cticas como el<\/span><i><span style=\"font-weight: 400;\"> zero waste y <\/span><\/i><span style=\"font-weight: 400;\">reciclaje de restos. Por otra parte, Chiara Macchiavello, fundadora de Escvdo, se dedica a preservar las tradiciones textiles de Per\u00fa y las diferentes expresiones culturales de la regi\u00f3n. La artesan\u00eda y el modelo de negocio circular desempe\u00f1an un papel fundamental en su enfoque hacia la sostenibilidad, apoyando a las comunidades locales y representando el patrimonio de la zona.\u00a0<\/span><\/p>\n<div id=\"attachment_34886\" style=\"width: 364px\" class=\"wp-caption aligncenter\"><img decoding=\"async\" aria-describedby=\"caption-attachment-34886\" class=\"size-full wp-image-34886 lazyload\" data-src=\"https:\/\/universomola.com\/wp-content\/uploads\/2023\/10\/2-1.png\" alt=\"\" width=\"354\" height=\"393\" data-srcset=\"https:\/\/universomola.com\/wp-content\/uploads\/2023\/10\/2-1-11x12.png 11w, https:\/\/universomola.com\/wp-content\/uploads\/2023\/10\/2-1-200x222.png 200w, https:\/\/universomola.com\/wp-content\/uploads\/2023\/10\/2-1-270x300.png 270w, https:\/\/universomola.com\/wp-content\/uploads\/2023\/10\/2-1.png 354w\" data-sizes=\"(max-width: 354px) 100vw, 354px\" src=\"data:image\/svg+xml;base64,PHN2ZyB3aWR0aD0iMSIgaGVpZ2h0PSIxIiB4bWxucz0iaHR0cDovL3d3dy53My5vcmcvMjAwMC9zdmciPjwvc3ZnPg==\" style=\"--smush-placeholder-width: 354px; --smush-placeholder-aspect-ratio: 354\/393;\" \/><p id=\"caption-attachment-34886\" class=\"wp-caption-text\">Chiara Macchiavello junto a Valentina Su\u00e1rez,<br \/>Directora del Programa Universo MOLA en Fashion Hub, Mil\u00e1n .<br \/>Imagen brindada por Valentina Su\u00e1rez<\/p><\/div>\n<p>&nbsp;<\/p>\n<p><span style=\"font-weight: 400;\">En otra secci\u00f3n del Fashion Hub, por primera vez en Italia, se present\u00f3 la propuesta \u201cBrimian Collective\u201d, una selecci\u00f3n de dise\u00f1adores del programa de aceleraci\u00f3n anual de la instituci\u00f3n financiera Brimian Ventures. Su objetivo es apoyar a los prometedores talentos inspirados en la herencia y artesan\u00eda africana, brind\u00e1ndoles una plataforma en la moda internacional a trav\u00e9s de tres pilares: desarrollo de capacidades, acceso a financiamiento y oportunidades en el mercado. En esta primera edici\u00f3n, Chez Nous, Lafalaise Dion y Renwa fueron los nombres seleccionados.\u00a0<\/span><\/p>\n<p><span style=\"font-weight: 400;\">Junto a las mencionadas secciones, Fashion Hub cont\u00f3 con el espacio \u201cMFW Forward\u201d, d\u00f3nde Futuro Remoto, Ara Lumiere, Endelea, Nkwo, Ascend Beyond y de Am\u00e9rica Latina <\/span><span style=\"font-weight: 400;\">pa&#8217;l<\/span><span style=\"font-weight: 400;\"> mundo San Andr\u00e9s Milano y Sake, exhibieron sus colecciones a lo largo de la semana.\u00a0<\/span><\/p>\n<p><span style=\"font-weight: 400;\">De origen peruano, Sake propone una fusi\u00f3n de biotecnolog\u00eda ancestral, que rinde homenaje a t\u00e9cnicas tradicionales y conocimientos antiguos, con lo art\u00edstico. Asimismo, es una marca que evita el uso de elementos t\u00f3xicos sustituy\u00e9ndolos por tintes naturales y la incorporaci\u00f3n de nuevos materiales como el l\u00e1tex de Shiringa. Trabaja en pos de una econom\u00eda circular y, en muchas ocasiones, colabora con comunidades ind\u00edgenas y rurales a trav\u00e9s de aplicaci\u00f3n de t\u00e9cnicas ancestrales como el hilado manual, la utilizaci\u00f3n de diversos telares, semillas, algod\u00f3n nativo y fibras vegetales. <\/span><b><i>\u201cSake nace de una necesidad de explorar la transparencia y el impacto en una cadena de suministro en el mundo de la moda\u201d, declara Ana Tafur, fundadora de Sake.<\/i><\/b><\/p>\n<div id=\"attachment_34887\" style=\"width: 314px\" class=\"wp-caption aligncenter\"><img decoding=\"async\" aria-describedby=\"caption-attachment-34887\" class=\"size-full wp-image-34887 lazyload\" data-src=\"https:\/\/universomola.com\/wp-content\/uploads\/2023\/10\/3-1.png\" alt=\"\" width=\"304\" height=\"426\" data-srcset=\"https:\/\/universomola.com\/wp-content\/uploads\/2023\/10\/3-1-9x12.png 9w, https:\/\/universomola.com\/wp-content\/uploads\/2023\/10\/3-1-200x280.png 200w, https:\/\/universomola.com\/wp-content\/uploads\/2023\/10\/3-1-214x300.png 214w, https:\/\/universomola.com\/wp-content\/uploads\/2023\/10\/3-1.png 304w\" data-sizes=\"(max-width: 304px) 100vw, 304px\" src=\"data:image\/svg+xml;base64,PHN2ZyB3aWR0aD0iMSIgaGVpZ2h0PSIxIiB4bWxucz0iaHR0cDovL3d3dy53My5vcmcvMjAwMC9zdmciPjwvc3ZnPg==\" style=\"--smush-placeholder-width: 304px; --smush-placeholder-aspect-ratio: 304\/426;\" \/><p id=\"caption-attachment-34887\" class=\"wp-caption-text\">Dise\u00f1o de Sake .<br \/>Imagen tomada del Instagram de la marca.<\/p><\/div>\n<p>&nbsp;<\/p>","protected":false},"excerpt":{"rendered":"<p>Por Natalie Cederbaum &nbsp; Finalizando con el mes de la [&hellip;]<\/p>","protected":false},"author":9,"featured_media":34893,"comment_status":"open","ping_status":"open","sticky":false,"template":"","format":"standard","meta":{"_monsterinsights_skip_tracking":false,"_monsterinsights_sitenote_active":false,"_monsterinsights_sitenote_note":"","_monsterinsights_sitenote_category":0,"footnotes":""},"categories":[180],"tags":[89,47,96,224,90,50,88],"class_list":["post-34884","post","type-post","status-publish","format-standard","has-post-thumbnail","hentry","category-mola-news","tag-moda-etica","tag-moda-sostenible","tag-moda-sustentable","tag-sostenibilidad","tag-sustainable","tag-sustainable-fashion","tag-universo-mola"],"_links":{"self":[{"href":"https:\/\/universomola.com\/en\/wp-json\/wp\/v2\/posts\/34884","targetHints":{"allow":["GET"]}}],"collection":[{"href":"https:\/\/universomola.com\/en\/wp-json\/wp\/v2\/posts"}],"about":[{"href":"https:\/\/universomola.com\/en\/wp-json\/wp\/v2\/types\/post"}],"author":[{"embeddable":true,"href":"https:\/\/universomola.com\/en\/wp-json\/wp\/v2\/users\/9"}],"replies":[{"embeddable":true,"href":"https:\/\/universomola.com\/en\/wp-json\/wp\/v2\/comments?post=34884"}],"version-history":[{"count":2,"href":"https:\/\/universomola.com\/en\/wp-json\/wp\/v2\/posts\/34884\/revisions"}],"predecessor-version":[{"id":34894,"href":"https:\/\/universomola.com\/en\/wp-json\/wp\/v2\/posts\/34884\/revisions\/34894"}],"wp:featuredmedia":[{"embeddable":true,"href":"https:\/\/universomola.com\/en\/wp-json\/wp\/v2\/media\/34893"}],"wp:attachment":[{"href":"https:\/\/universomola.com\/en\/wp-json\/wp\/v2\/media?parent=34884"}],"wp:term":[{"taxonomy":"category","embeddable":true,"href":"https:\/\/universomola.com\/en\/wp-json\/wp\/v2\/categories?post=34884"},{"taxonomy":"post_tag","embeddable":true,"href":"https:\/\/universomola.com\/en\/wp-json\/wp\/v2\/tags?post=34884"}],"curies":[{"name":"wp","href":"https:\/\/api.w.org\/{rel}","templated":true}]}}