{"id":46862,"date":"2023-11-28T07:53:48","date_gmt":"2023-11-28T10:53:48","guid":{"rendered":"https:\/\/universomola.com\/?p=46862"},"modified":"2023-11-28T07:53:48","modified_gmt":"2023-11-28T10:53:48","slug":"origenes-la-apuesta-peruana-por-una-moda-mas-consciente","status":"publish","type":"post","link":"https:\/\/universomola.com\/en\/origenes-la-apuesta-peruana-por-una-moda-mas-consciente\/","title":{"rendered":"Or\u00edgenes: La apuesta peruana por una moda m\u00e1s consciente"},"content":{"rendered":"<p style=\"text-align: center;\"><a href=\"https:\/\/www.instagram.com\/_beingnat\/\"><span style=\"font-weight: 400;\">Por Natalie Cederbaum<\/span><\/a><\/p>\n<p>&nbsp;<\/p>\n<p><span style=\"font-weight: 400;\">Entre el 23 y el 26 de noviembre, la Asociaci\u00f3n de Moda Sostenible del Per\u00fa organiz\u00f3 Or\u00edgenes, un destacado evento que fusion\u00f3 moda, cultura y dise\u00f1o sostenible. En colaboraci\u00f3n con Vogue M\u00e9xico y Latinoam\u00e9rica, el evento tuvo lugar en el Centro Cultural Juan Parra del Riego de Lima, Per\u00fa.\u00a0<\/span><\/p>\n<p><img decoding=\"async\" class=\"aligncenter size-fusion-400 wp-image-46863 lazyload\" data-src=\"https:\/\/universomola.com\/wp-content\/uploads\/2023\/11\/image2-4-400x385.png\" alt=\"\" width=\"400\" height=\"385\" data-srcset=\"https:\/\/universomola.com\/wp-content\/uploads\/2023\/11\/image2-4-12x12.png 12w, https:\/\/universomola.com\/wp-content\/uploads\/2023\/11\/image2-4-200x192.png 200w, https:\/\/universomola.com\/wp-content\/uploads\/2023\/11\/image2-4-300x289.png 300w, https:\/\/universomola.com\/wp-content\/uploads\/2023\/11\/image2-4-400x385.png 400w, https:\/\/universomola.com\/wp-content\/uploads\/2023\/11\/image2-4-500x481.png 500w, https:\/\/universomola.com\/wp-content\/uploads\/2023\/11\/image2-4-600x577.png 600w, https:\/\/universomola.com\/wp-content\/uploads\/2023\/11\/image2-4-700x673.png 700w, https:\/\/universomola.com\/wp-content\/uploads\/2023\/11\/image2-4-768x739.png 768w, https:\/\/universomola.com\/wp-content\/uploads\/2023\/11\/image2-4-800x770.png 800w, https:\/\/universomola.com\/wp-content\/uploads\/2023\/11\/image2-4.png 843w\" data-sizes=\"(max-width: 400px) 100vw, 400px\" src=\"data:image\/svg+xml;base64,PHN2ZyB3aWR0aD0iMSIgaGVpZ2h0PSIxIiB4bWxucz0iaHR0cDovL3d3dy53My5vcmcvMjAwMC9zdmciPjwvc3ZnPg==\" style=\"--smush-placeholder-width: 400px; --smush-placeholder-aspect-ratio: 400\/385;\" \/><\/p>\n<p style=\"text-align: center;\"><i><span style=\"font-weight: 400;\">Banner publicitario Or\u00edgenes.\u00a0\u00a0\u00a0\u00a0\u00a0\u00a0\u00a0\u00a0\u00a0\u00a0\u00a0\u00a0\u00a0\u00a0<\/span><\/i><\/p>\n<p style=\"text-align: center;\"><i><span style=\"font-weight: 400;\">\u00a0\u00a0\u00a0\u00a0\u00a0\u00a0\u00a0\u00a0\u00a0\u00a0Imagen tomada del Instagram de AMSP.<\/span><\/i><\/p>\n<p style=\"text-align: center;\">\n<p><span style=\"font-weight: 400;\">Universo MOLA fue de gran inspiraci\u00f3n para la creaci\u00f3n de este proyecto. Durante la \u00faltima edici\u00f3n de Universo MOLA Fashion Week, la Asociaci\u00f3n de Moda Sostenible del Per\u00fa (AMSP) tuvo el privilegio de conocer a Jos\u00e9 Forteza, Senior Editor de Vogue Latinoam\u00e9rica y embajador global de Universo MOLA, quien propuso la idea de realizar un evento de gran magnitud en apoyo a la moda sostenible peruana, respaldado por Vogue Latinoam\u00e9rica.\u00a0<\/span><\/p>\n<p>&nbsp;<\/p>\n<p><span style=\"font-weight: 400;\">Como fiel participante de Universo MOLA Fashion Week, la AMSP ha captado la esencia y significado de cada edici\u00f3n, convirti\u00e9ndose en una embajadora de esta celebraci\u00f3n en su propio pa\u00eds. Universo MOLA, con su compromiso hacia la sostenibilidad y la innovaci\u00f3n en la moda, ha ejercido una influencia transformadora en la visi\u00f3n de la AMSP, fomentandola a ser una plataforma que lleve a cabo eventos que no solo promuevan la moda sostenible, sino que tambi\u00e9n resalten la riqueza cultural y el talento local.\u00a0<\/span><\/p>\n<p style=\"text-align: center;\">\n<p><img decoding=\"async\" class=\"aligncenter size-fusion-400 wp-image-46864 lazyload\" data-src=\"https:\/\/universomola.com\/wp-content\/uploads\/2023\/11\/image3-3-400x286.png\" alt=\"\" width=\"400\" height=\"286\" data-srcset=\"https:\/\/universomola.com\/wp-content\/uploads\/2023\/11\/image3-3-18x12.png 18w, https:\/\/universomola.com\/wp-content\/uploads\/2023\/11\/image3-3-200x143.png 200w, https:\/\/universomola.com\/wp-content\/uploads\/2023\/11\/image3-3-300x214.png 300w, https:\/\/universomola.com\/wp-content\/uploads\/2023\/11\/image3-3-400x286.png 400w, https:\/\/universomola.com\/wp-content\/uploads\/2023\/11\/image3-3-500x357.png 500w, https:\/\/universomola.com\/wp-content\/uploads\/2023\/11\/image3-3-600x428.png 600w, https:\/\/universomola.com\/wp-content\/uploads\/2023\/11\/image3-3-700x500.png 700w, https:\/\/universomola.com\/wp-content\/uploads\/2023\/11\/image3-3.png 752w\" data-sizes=\"(max-width: 400px) 100vw, 400px\" src=\"data:image\/svg+xml;base64,PHN2ZyB3aWR0aD0iMSIgaGVpZ2h0PSIxIiB4bWxucz0iaHR0cDovL3d3dy53My5vcmcvMjAwMC9zdmciPjwvc3ZnPg==\" style=\"--smush-placeholder-width: 400px; --smush-placeholder-aspect-ratio: 400\/286;\" \/><\/p>\n<p style=\"text-align: center;\"><i><span style=\"font-weight: 400;\">Mirva Trujillo, Presidenta de la AMSP junto a Valentina Su\u00e1rez, Directora de Universo MOLA y Doris Helena Rojas, Directora de la Fundaci\u00f3n Entre Soles y Lunas.\u00a0\u00a0\u00a0\u00a0\u00a0\u00a0\u00a0\u00a0\u00a0\u00a0\u00a0\u00a0\u00a0\u00a0<\/span><\/i><\/p>\n<p style=\"text-align: center;\"><i><span style=\"font-weight: 400;\">\u00a0\u00a0\u00a0\u00a0\u00a0\u00a0\u00a0\u00a0\u00a0\u00a0Imagen tomada del Instagram de AMSP.<\/span><\/i><\/p>\n<p>&nbsp;<\/p>\n<p><span style=\"font-weight: 400;\">Or\u00edgenes cont\u00f3 con una serie de actividades basadas en los tres pilares de la AMSP: comercio, educaci\u00f3n y tecnolog\u00eda. Las jornadas comenzaron con talleres educativos dirigidos por la Escuela Toulouse Lautrec y las propias marcas participantes, centrados en la transformaci\u00f3n de residuos en nuevos textiles, colorimetr\u00eda y joyer\u00eda artesanal en 3D.\u00a0<\/span><\/p>\n<p><span style=\"font-weight: 400;\">Por la tarde, las pasarelas se encendieron con diversos desfiles, mientras que los paneles de discusi\u00f3n captaron la atenci\u00f3n con la participaci\u00f3n de grandes profesionales, como Jose Forteza, Natalia del Valle de MALVA, Isabella Montoya, Fundadora de la multimarca Paz Lifestyle, y las dise\u00f1adoras Annaiss Yucra y Jessica Butrich, quienes debatieron sobre temas como \u201cLa importancia de las certificaciones en la industria de la moda\u201d y \u201cEl rol de las marcas y dise\u00f1adores en su trabajo con las comunidades\u201d. Adem\u00e1s, a lo largo de todo el encuentro, las marcas presentaron sus pop-up stores, abiertas a todo p\u00fablico.\u00a0<\/span><\/p>\n<p><img decoding=\"async\" class=\"aligncenter size-fusion-400 wp-image-46865 lazyload\" data-src=\"https:\/\/universomola.com\/wp-content\/uploads\/2023\/11\/image1-4-400x631.png\" alt=\"\" width=\"400\" height=\"631\" data-srcset=\"https:\/\/universomola.com\/wp-content\/uploads\/2023\/11\/image1-4-8x12.png 8w, https:\/\/universomola.com\/wp-content\/uploads\/2023\/11\/image1-4-190x300.png 190w, https:\/\/universomola.com\/wp-content\/uploads\/2023\/11\/image1-4-200x316.png 200w, https:\/\/universomola.com\/wp-content\/uploads\/2023\/11\/image1-4-400x631.png 400w, https:\/\/universomola.com\/wp-content\/uploads\/2023\/11\/image1-4.png 445w\" data-sizes=\"(max-width: 400px) 100vw, 400px\" src=\"data:image\/svg+xml;base64,PHN2ZyB3aWR0aD0iMSIgaGVpZ2h0PSIxIiB4bWxucz0iaHR0cDovL3d3dy53My5vcmcvMjAwMC9zdmciPjwvc3ZnPg==\" style=\"--smush-placeholder-width: 400px; --smush-placeholder-aspect-ratio: 400\/631;\" \/><\/p>\n<p style=\"text-align: center;\"><i><span style=\"font-weight: 400;\">Pasarela Or\u00edgenes 2023.\u00a0\u00a0\u00a0\u00a0\u00a0\u00a0\u00a0\u00a0\u00a0\u00a0\u00a0\u00a0\u00a0\u00a0<\/span><\/i><\/p>\n<p style=\"text-align: center;\"><i><span style=\"font-weight: 400;\">\u00a0\u00a0\u00a0\u00a0\u00a0\u00a0\u00a0\u00a0\u00a0\u00a0Imagen tomada del Instagram de AMSP.<\/span><\/i><\/p>\n<p>&nbsp;<\/p>\n<p><span style=\"font-weight: 400;\">Se exhibieron una amplia variedad de productos que incluyeron indumentaria, calzado, accesorios y joyer\u00eda. M\u00e1s de 20 marcas peruanas con reconocimiento internacional expusieron sus creaciones, destac\u00e1ndose por su compromiso tanto con la sostenibilidad como con la preservaci\u00f3n de la rica cultura nacional.\u00a0<\/span><\/p>\n<p><span style=\"font-weight: 400;\">En el sector indumentaria estuvieron presentes: Ani Alvarez Calder\u00f3n, Angie Schlegel, Annaiss Yucra, AYNI, Clio Knitwear, DNI desde Par\u00eds, Fasce, Nelblu, Kero Design, Le Coquelicot, Lilai Sleepwear, Maqu desde Berl\u00edn, Market Per\u00fa, MUNA, Qaytu, Yahel Waisman, Delosaantos y Tom Guti\u00e9. Presentando calzado y accesorios, participaron Jessica Butrich, Canella, Gabuteau, Apu Hats, Sophie Ottaner y Blin\u2019Blin. Por \u00faltimo, deleitando con su joyer\u00eda se encontraban Adria, Andrea Jos\u00e9 e Imelda de Val.\u00a0<\/span><\/p>\n<p>&nbsp;<\/p>\n<p><img decoding=\"async\" class=\"aligncenter size-fusion-400 wp-image-46866 lazyload\" data-src=\"https:\/\/universomola.com\/wp-content\/uploads\/2023\/11\/image4-1-400x404.png\" alt=\"\" width=\"400\" height=\"404\" data-srcset=\"https:\/\/universomola.com\/wp-content\/uploads\/2023\/11\/image4-1-12x12.png 12w, https:\/\/universomola.com\/wp-content\/uploads\/2023\/11\/image4-1-66x66.png 66w, https:\/\/universomola.com\/wp-content\/uploads\/2023\/11\/image4-1-100x100.png 100w, https:\/\/universomola.com\/wp-content\/uploads\/2023\/11\/image4-1-200x202.png 200w, https:\/\/universomola.com\/wp-content\/uploads\/2023\/11\/image4-1-297x300.png 297w, https:\/\/universomola.com\/wp-content\/uploads\/2023\/11\/image4-1-400x404.png 400w, https:\/\/universomola.com\/wp-content\/uploads\/2023\/11\/image4-1-500x505.png 500w, https:\/\/universomola.com\/wp-content\/uploads\/2023\/11\/image4-1.png 502w\" data-sizes=\"(max-width: 400px) 100vw, 400px\" src=\"data:image\/svg+xml;base64,PHN2ZyB3aWR0aD0iMSIgaGVpZ2h0PSIxIiB4bWxucz0iaHR0cDovL3d3dy53My5vcmcvMjAwMC9zdmciPjwvc3ZnPg==\" style=\"--smush-placeholder-width: 400px; --smush-placeholder-aspect-ratio: 400\/404;\" \/><\/p>\n<p style=\"text-align: center;\"><i><span style=\"font-weight: 400;\">Dise\u00f1o de Delosantos en pasarela Or\u00edgenes 2023.\u00a0\u00a0\u00a0\u00a0\u00a0\u00a0\u00a0\u00a0\u00a0\u00a0\u00a0\u00a0\u00a0\u00a0<\/span><\/i><\/p>\n<p style=\"text-align: center;\"><i><span style=\"font-weight: 400;\">\u00a0\u00a0\u00a0\u00a0\u00a0\u00a0\u00a0\u00a0\u00a0\u00a0Imagen tomada del Instagram de AMSP.<\/span><\/i><\/p>\n<p>&nbsp;<\/p>\n<p><i><span style=\"font-weight: 400;\">\u201cEstamos muy emocionados de ver c\u00f3mo esta iniciativa se convierte en un hito cultural promoviendo sobre todo el consumo local de dise\u00f1o peruano, las conexiones y la generaci\u00f3n de comunidad. Hemos creado todo un programa que une comercio, educaci\u00f3n y tecnolog\u00eda. Que sea abierto al p\u00fablico era elemental desde un principio. Or\u00edgenes es de Per\u00fa, para Per\u00fa\u201d, declara la consultora peruana Majo Mundaca Zagal, directora de la agencia MDZGlobal.<\/span><\/i><\/p>\n<p>&nbsp;<\/p>\n<p><span style=\"font-weight: 400;\">La realizaci\u00f3n de acontecimientos como estos, no solo promueven la difusi\u00f3n de la moda sostenible y la conservaci\u00f3n de la herencia cultural, sino que tambi\u00e9n constituyen un paso significativo hacia la construcci\u00f3n de una industria m\u00e1s consciente y responsable. Asimismo, sirven como plataformas para reflejar el compromiso compartido por dise\u00f1adores, marcas y proveedores que impulsan cambios positivos, fomentando una comunidad que valora el impacto social y medioambiental de la moda. Universo MOLA celebra y respalda estos esfuerzos continuos hacia un futuro m\u00e1s sostenible y \u00e9tico.\u00a0<\/span><\/p>\n<p>&nbsp;<\/p>","protected":false},"excerpt":{"rendered":"<p>Por Natalie Cederbaum &nbsp; Entre el 23 y el 26 [&hellip;]<\/p>","protected":false},"author":9,"featured_media":46867,"comment_status":"open","ping_status":"open","sticky":false,"template":"","format":"standard","meta":{"_monsterinsights_skip_tracking":false,"_monsterinsights_sitenote_active":false,"_monsterinsights_sitenote_note":"","_monsterinsights_sitenote_category":0,"footnotes":""},"categories":[37,180],"tags":[],"class_list":["post-46862","post","type-post","status-publish","format-standard","has-post-thumbnail","hentry","category-molanews","category-mola-news"],"_links":{"self":[{"href":"https:\/\/universomola.com\/en\/wp-json\/wp\/v2\/posts\/46862","targetHints":{"allow":["GET"]}}],"collection":[{"href":"https:\/\/universomola.com\/en\/wp-json\/wp\/v2\/posts"}],"about":[{"href":"https:\/\/universomola.com\/en\/wp-json\/wp\/v2\/types\/post"}],"author":[{"embeddable":true,"href":"https:\/\/universomola.com\/en\/wp-json\/wp\/v2\/users\/9"}],"replies":[{"embeddable":true,"href":"https:\/\/universomola.com\/en\/wp-json\/wp\/v2\/comments?post=46862"}],"version-history":[{"count":1,"href":"https:\/\/universomola.com\/en\/wp-json\/wp\/v2\/posts\/46862\/revisions"}],"predecessor-version":[{"id":46868,"href":"https:\/\/universomola.com\/en\/wp-json\/wp\/v2\/posts\/46862\/revisions\/46868"}],"wp:featuredmedia":[{"embeddable":true,"href":"https:\/\/universomola.com\/en\/wp-json\/wp\/v2\/media\/46867"}],"wp:attachment":[{"href":"https:\/\/universomola.com\/en\/wp-json\/wp\/v2\/media?parent=46862"}],"wp:term":[{"taxonomy":"category","embeddable":true,"href":"https:\/\/universomola.com\/en\/wp-json\/wp\/v2\/categories?post=46862"},{"taxonomy":"post_tag","embeddable":true,"href":"https:\/\/universomola.com\/en\/wp-json\/wp\/v2\/tags?post=46862"}],"curies":[{"name":"wp","href":"https:\/\/api.w.org\/{rel}","templated":true}]}}