{"id":4813,"date":"2018-09-29T18:03:20","date_gmt":"2018-09-29T21:03:20","guid":{"rendered":"http:\/\/desarrollosdeprueba.xyz\/universo_mola\/?p=4813"},"modified":"2021-08-04T18:25:15","modified_gmt":"2021-08-04T21:25:15","slug":"universo-mola-2","status":"publish","type":"post","link":"https:\/\/universomola.com\/en\/universo-mola-2\/","title":{"rendered":"GAIA, SU EXPERIENCIA CON MIL\u00c1N"},"content":{"rendered":"<div class=\"fusion-fullwidth fullwidth-box fusion-builder-row-1 fusion-flex-container nonhundred-percent-fullwidth non-hundred-percent-height-scrolling\" style=\"--awb-border-radius-top-left:0px;--awb-border-radius-top-right:0px;--awb-border-radius-bottom-right:0px;--awb-border-radius-bottom-left:0px;--awb-flex-wrap:wrap;\" ><div class=\"fusion-builder-row fusion-row fusion-flex-align-items-flex-start fusion-flex-content-wrap\" style=\"max-width:1248px;margin-left: calc(-4% \/ 2 );margin-right: calc(-4% \/ 2 );\"><div class=\"fusion-layout-column fusion_builder_column fusion-builder-column-0 fusion_builder_column_1_1 1_1 fusion-flex-column\" style=\"--awb-bg-size:cover;--awb-width-large:100%;--awb-margin-top-large:0px;--awb-spacing-right-large:1.92%;--awb-margin-bottom-large:0px;--awb-spacing-left-large:1.92%;--awb-width-medium:100%;--awb-spacing-right-medium:1.92%;--awb-spacing-left-medium:1.92%;--awb-width-small:100%;--awb-spacing-right-small:1.92%;--awb-spacing-left-small:1.92%;\"><div class=\"fusion-column-wrapper fusion-flex-justify-content-flex-start fusion-content-layout-column\"><div class=\"fusion-text fusion-text-1\"><p><em><span style=\"color: #33cccc;\">Escrito por: Dise\u00f1adores de Universo MOLA<\/span><\/em><\/p>\n<p>Estuvimos conversando con los dise\u00f1adores de <span style=\"color: #40a7a0;\">GAIA,<\/span> una marca de indumentaria sostenible que est\u00e1 dando que hablar por su proceso de producci\u00f3n, trabajo sobre la moda lenta e impactante impronta visual. Estos dos j\u00f3venes, Denise y Agust\u00edn, son parte del #UniversoMOLA por su participaci\u00f3n en MOLA Evento 2018, en donde se llevaron el <strong>Reconocimiento C.L.A.S.S.<\/strong>. Esta mentor\u00eda es cortes\u00eda de <span style=\"color: #40a7a0;\">C.L.A.S.S. Eco Hub Mil\u00e1n,<\/span> signific\u00f3 tres llamadas virtuales de asesor\u00eda sobre innovaci\u00f3n y textiles.<\/p>\n<p>A continuaci\u00f3n, Agust\u00edn y Denise nos cuentan su experiencia y lo que les signific\u00f3 para su carrera.<\/p>\n<p><strong><span style=\"color: #993366;\">\u00bfQu\u00e9 fue lo que m\u00e1s les impact\u00f3 de la mentor\u00eda con C.L.A.S.S.?<\/span><\/strong><\/p>\n<p>Desde que MOLA present\u00f3 la oportunidad de poder comunicarse con la<strong> multi-plataforma C.L.A.S.S<\/strong>. investigamos sus redes para ver de qu\u00e9 se trataba y nos pareci\u00f3 muy interesante y enriquecedor que existan agentes que se dediquen a centralizar y difundir los avances tecnol\u00f3gicos, dedicados a la producci\u00f3n de materiales responsables con el medio ambiente para el mercado de la moda. Al poder tener la oportunidad de charlar con ellos, Luca (representante de C.L.A.S.S.) nos cont\u00f3 que brindan una <strong>asociaci\u00f3n para las empresas y dise\u00f1adores<\/strong> con un enfoque sustentable como nosotros, con la cual generan una orientaci\u00f3n para cambiar aspectos de las producciones, pudiendo tener mejoras en los productos y ser m\u00e1s competitivos al brindar el cuidado del medio ambiente, de una manera validada y transparente.<\/p>\n<p>La segunda llamada fue destinada a contarnos los <strong>distintos materiales<\/strong> que ellos ofrecen, los mismos provienen de f\u00e1bricas que se encuentran en Europa y Asia.<strong> Esto fue lo que m\u00e1s nos impact\u00f3,<\/strong> ya que nuestro inter\u00e9s por los materiales reciclados hizo que busc\u00e1ramos empresas o f\u00e1bricas que se dedicaran a dichos procesos pero no hab\u00edamos llegado a encontrar muchas opciones. Nos mostraron desde su pagina los materiales como<strong> ROICA<\/strong> por <strong>Asahi Kasei<\/strong>, un hilado con fibras exclusivas innovadoras y responsables por ser de nylon reciclado de estiramiento de primera calidad. <strong>Re.VerSo<\/strong> un nuevo sistema textil italiano, que produce materiales a base de lana, verdaderamente \u00fanicos y de gran calidad, la producci\u00f3n proviene de recortes de pre lana y cachemira, como otras que se dedican al reciclaje de algod\u00f3n o te\u00f1idos ecol\u00f3gicos <em>que se encuentran en su p\u00e1gina.<\/em><\/p>\n<h3 style=\"text-align: center;\">Fue con esto que nos dimos cuenta que en la actualidad ya existe la posibilidad de trabajar con distintos materiales producidos de manera sustentable.<\/h3>\n<hr \/>\n<p><span style=\"color: #993366;\">\u00bfQu\u00e9 lecci\u00f3n de vida, dise\u00f1o o sostenibilidad les gustar\u00eda compartir con Am\u00e9rica Latina?<\/span><\/p>\n<p>Compartiremos la misma lecci\u00f3n que aprendimos nosotros, al informarnos de la existencia de estas empresas que se dedican a generar avances para mejorar las condiciones socio-ambientales, nos dan muchas ganas de contribuir y aportar desde nuestro lugar. Su recomendaci\u00f3n fue que primero investig\u00e1ramos regionalmente cu\u00e1les son las posibilidades que existen, pudiendo asociarnos con ellos para utilizar sus materiales y as\u00ed disminuir las distancias de traslado. <strong>Sabemos que Am\u00e9rica Latina est\u00e1 generando cambios significativos<\/strong> en estos temas y es importante progresar juntos para mejorar. Tenemos empresas y marcas en los pa\u00edses como Argentina, Chile, Brasil, Per\u00fa y Guatemala que est\u00e1n produciendo materiales muy eficientes y responsables con los cuales se podr\u00eda aprender y trabajar, apoyando la mano de obra regional y local.<\/p>\n<hr \/>\n<p><span style=\"color: #993366;\">\u00bfQu\u00e9 les aport\u00f3 a nivel personal y profesional la oportunidad brindada por MOLA?<\/span><\/p>\n<p>MOLA nos brinda espacios de conocimiento para seguir aprendiendo y profundizando en el campo de la sostenibilidad y la moda, aport\u00e1ndonos la fuerza para seguir mejorando y ejerciendo la investigaci\u00f3n personal. Al crear oportunidades de relacionamiento entre las distintas partes que promueven este desarrollo nos estimula a seguir avanzando.<\/p>\n<hr \/>\n<p><span style=\"color: #993366;\">\u00bfQu\u00e9 les aport\u00f3 MOLA desde el momento en el que se vincularon con la plataforma hasta hoy?<\/span><\/p>\n<p>Sentimos un apoyo constante por parte de MOLA, siempre est\u00e1n generando y brindado distintas oportunidades que unen a los pa\u00edses. Podemos sentir la dedicaci\u00f3n que tienen, proponiendo el cambio en las distintas \u00e1reas dentro de la industria de la moda.<\/p>\n<hr \/>\n<p><span style=\"color: #993366;\">\u00bfQu\u00e9 le recomendar\u00edan a otra persona\/emprendedor\/dise\u00f1ador para iniciar en el \u00e1mbito de la sostenibilidad?<\/span><\/p>\n<p>Desde que se inicia en el \u00e1mbito de la sostenibilidad se tiene que saber que existen posibilidades de poder investigar y desenvolverse ecol\u00f3gicamente en las distintas \u00e1reas de la producci\u00f3n textil. Dependiendo del lugar en donde estemos tendremos menos, m\u00e1s o diferentes recursos para poder seguir avanzando. Buscando llevar adelante alternativas responsables, depende de nosotros comunicar y compartir nuestro conocimiento para poder vincularnos e impulsandonos para mejorar.<\/p>\n<h3 style=\"text-align: center;\">Existe entre nosotros las ganas de progresar conservando la cultura y espacio que nos rodea. Nos gustar\u00eda poder llegar a invitarlos a todos pudiendo elegir intercambiar pensamientos, y acercarnos con \u00e1nimo de contribuir a nuestro bienestar y entorno.<\/h3>\n<p><img decoding=\"async\" class=\"size-full wp-image-4817 aligncenter lazyload\" data-src=\"http:\/\/desarrollosdeprueba.xyz\/universo_mola\/wp-content\/uploads\/2021\/08\/Captura.png\" alt=\"\" width=\"465\" height=\"307\" data-srcset=\"https:\/\/universomola.com\/wp-content\/uploads\/2021\/08\/Captura-200x132.png 200w, https:\/\/universomola.com\/wp-content\/uploads\/2021\/08\/Captura-300x198.png 300w, https:\/\/universomola.com\/wp-content\/uploads\/2021\/08\/Captura-400x264.png 400w, https:\/\/universomola.com\/wp-content\/uploads\/2021\/08\/Captura.png 465w\" data-sizes=\"(max-width: 465px) 100vw, 465px\" src=\"data:image\/svg+xml;base64,PHN2ZyB3aWR0aD0iMSIgaGVpZ2h0PSIxIiB4bWxucz0iaHR0cDovL3d3dy53My5vcmcvMjAwMC9zdmciPjwvc3ZnPg==\" style=\"--smush-placeholder-width: 465px; --smush-placeholder-aspect-ratio: 465\/307;\" \/><\/p>\n<\/div><\/div><\/div><\/div><\/div>","protected":false},"excerpt":{"rendered":"<p>Lorem ipsum dolor sit amet, consectetur adipiscing elit. Nam pharetra dictum eleifend. Sed posuere magna at luctus pretium. Aliquam ligula sem, aliquet sit amet nisi ac, dignissim porta ipsum.<\/p>","protected":false},"author":9,"featured_media":4818,"comment_status":"open","ping_status":"open","sticky":false,"template":"","format":"standard","meta":{"_monsterinsights_skip_tracking":false,"_monsterinsights_sitenote_active":false,"_monsterinsights_sitenote_note":"","_monsterinsights_sitenote_category":0,"footnotes":""},"categories":[40],"tags":[93,91,95,89,48,92,47,96,94,90,88],"class_list":["post-4813","post","type-post","status-publish","format-standard","has-post-thumbnail","hentry","category-blog","tag-disenadores-sostenibles","tag-ethical-fashion","tag-innovacion","tag-moda-etica","tag-moda-latina","tag-moda-latinoamericana","tag-moda-sostenible","tag-moda-sustentable","tag-reconocimiento","tag-sustainable","tag-universo-mola"],"_links":{"self":[{"href":"https:\/\/universomola.com\/en\/wp-json\/wp\/v2\/posts\/4813","targetHints":{"allow":["GET"]}}],"collection":[{"href":"https:\/\/universomola.com\/en\/wp-json\/wp\/v2\/posts"}],"about":[{"href":"https:\/\/universomola.com\/en\/wp-json\/wp\/v2\/types\/post"}],"author":[{"embeddable":true,"href":"https:\/\/universomola.com\/en\/wp-json\/wp\/v2\/users\/9"}],"replies":[{"embeddable":true,"href":"https:\/\/universomola.com\/en\/wp-json\/wp\/v2\/comments?post=4813"}],"version-history":[{"count":3,"href":"https:\/\/universomola.com\/en\/wp-json\/wp\/v2\/posts\/4813\/revisions"}],"predecessor-version":[{"id":4821,"href":"https:\/\/universomola.com\/en\/wp-json\/wp\/v2\/posts\/4813\/revisions\/4821"}],"wp:featuredmedia":[{"embeddable":true,"href":"https:\/\/universomola.com\/en\/wp-json\/wp\/v2\/media\/4818"}],"wp:attachment":[{"href":"https:\/\/universomola.com\/en\/wp-json\/wp\/v2\/media?parent=4813"}],"wp:term":[{"taxonomy":"category","embeddable":true,"href":"https:\/\/universomola.com\/en\/wp-json\/wp\/v2\/categories?post=4813"},{"taxonomy":"post_tag","embeddable":true,"href":"https:\/\/universomola.com\/en\/wp-json\/wp\/v2\/tags?post=4813"}],"curies":[{"name":"wp","href":"https:\/\/api.w.org\/{rel}","templated":true}]}}