{"id":4843,"date":"2018-10-08T19:47:44","date_gmt":"2018-10-08T22:47:44","guid":{"rendered":"http:\/\/desarrollosdeprueba.xyz\/universo_mola\/?p=4843"},"modified":"2021-08-04T22:20:40","modified_gmt":"2021-08-05T01:20:40","slug":"rocio-arredondo-su-experiencia-en-istituto-marangoni-miami-2","status":"publish","type":"post","link":"https:\/\/universomola.com\/en\/rocio-arredondo-su-experiencia-en-istituto-marangoni-miami-2\/","title":{"rendered":"ROCIO ARREDONDO, SU EXPERIENCIA EN ISTITUTO MARANGONI MIAMI"},"content":{"rendered":"<div class=\"fusion-fullwidth fullwidth-box fusion-builder-row-1 fusion-flex-container nonhundred-percent-fullwidth non-hundred-percent-height-scrolling\" style=\"--awb-border-radius-top-left:0px;--awb-border-radius-top-right:0px;--awb-border-radius-bottom-right:0px;--awb-border-radius-bottom-left:0px;--awb-flex-wrap:wrap;\" ><div class=\"fusion-builder-row fusion-row fusion-flex-align-items-flex-start fusion-flex-content-wrap\" style=\"max-width:1248px;margin-left: calc(-4% \/ 2 );margin-right: calc(-4% \/ 2 );\"><div class=\"fusion-layout-column fusion_builder_column fusion-builder-column-0 fusion_builder_column_1_1 1_1 fusion-flex-column\" style=\"--awb-bg-size:cover;--awb-width-large:100%;--awb-margin-top-large:0px;--awb-spacing-right-large:1.92%;--awb-margin-bottom-large:0px;--awb-spacing-left-large:1.92%;--awb-width-medium:100%;--awb-spacing-right-medium:1.92%;--awb-spacing-left-medium:1.92%;--awb-width-small:100%;--awb-spacing-right-small:1.92%;--awb-spacing-left-small:1.92%;\"><div class=\"fusion-column-wrapper fusion-flex-justify-content-flex-start fusion-content-layout-column\"><div class=\"fusion-text fusion-text-1\"><p><em><span style=\"color: #33cccc;\">Escrito por: Dise\u00f1adores de Universo MOLA<\/span><\/em><\/p>\n<p><span style=\"font-weight: 400;\">Para<\/span> <span style=\"color: #33cccc;\">MOLA Evento 2018<\/span> <span style=\"font-weight: 400;\">nos aliamos con <span style=\"color: #33cccc;\">Federica Levrero<\/span><\/span><span style=\"font-weight: 400;\"> representante del <span style=\"color: #33cccc;\">Istituto Marangoni <\/span><\/span><span style=\"font-weight: 400;\">para el Cono Sur, y creamos un concurso para estudiantes latinoamericanos de dise\u00f1o cuyo reconocimiento conllevaba un curso de tres semanas en la nueva sede del instituto en Miami. El Istituto Marangoni est\u00e1 cada vez m\u00e1s comprometido con la sostenibilidad, lo que hizo aun m\u00e1s interesante esta alianza.<\/span><\/p>\n<p><span style=\"font-weight: 400;\">De los <\/span><b>10 finalistas del concurso<\/b><span style=\"font-weight: 400;\"> de diferentes pa\u00edses como Colombia, Argentina, Paraguay y Uruguay, el jurado compuesto por <\/span><strong><span style=\"color: #33cccc;\">Daniela Ria\u00f1o<\/span><\/strong><span style=\"font-weight: 400;\">\u00a0(Blogger colombiana y representante de Fashion TV Latam), <\/span><b>Federica Levrero<\/b><span style=\"font-weight: 400;\">,<span style=\"color: #33cccc;\"><strong> Eduardo Iracheta<\/strong><\/span><\/span><span style=\"font-weight: 400;\"><span style=\"color: #33cccc;\"><strong>\u00a0<\/strong><\/span>(asesor en Derechos Humanos y Embajador MOLA en Espa\u00f1a), <span style=\"color: #33cccc;\"><strong>G<\/strong><\/span><\/span><span style=\"color: #33cccc;\"><strong>iusy Bettoni <\/strong><\/span><span style=\"font-weight: 400;\">(C.E.O. y fundadora de C.L.A.S.S. Eco Hub Mil\u00e1n) y <span style=\"color: #33cccc;\"><strong>Valentina Su\u00e1rez <\/strong><\/span><\/span><span style=\"font-weight: 400;\">\u00a0(Directora MOLA), el Reconocimiento Istituto Marangoni se lo llev\u00f3 <\/span><b>Roc\u00edo Arrendondo<\/b><span style=\"font-weight: 400;\">, estudiante tucumana (Argentina) de cuarto a\u00f1o de la carrera de dise\u00f1o de indumentaria.<\/span><\/p>\n<p><span style=\"font-weight: 400; color: #999999;\">Conversamos con Roc\u00edo para conocer de cerca su experiencia en Miami en Agosto del presente a\u00f1o.<\/span><\/p>\n<p><span style=\"color: #e6294c;\"><b>\u00bfQu\u00e9 fue lo que m\u00e1s te impact\u00f3 en viajar a Miami y estar tres semanas en el Istituto Marangoni?<\/b><\/span><\/p>\n<p><span style=\"font-weight: 400;\">Lo que m\u00e1s me impact\u00f3 fueron las diferentes personas que conoc\u00ed, sus formas particulares de ser, tan diferentes a las m\u00edas, y a\u00fan as\u00ed, querer ser un poco de cada uno. <\/span><b>Volv\u00ed con una gran sensaci\u00f3n de amor<\/b><span style=\"font-weight: 400;\">, de querer aprender mucho m\u00e1s, de empoderarme como mujer y persona. Conoc\u00ed grandes mujeres y hombres, con pasiones enormes, algo que veo muy poco en la ciudad en la que vivo. El profesionalismo y conocimiento de muchos profesores me dejaba con una curiosidad inmensa, que me llevaba a querer saber mucho m\u00e1s sobre mi profesi\u00f3n, y en algunos casos a ser como ellos en un futuro. <\/span><b>Sin dudas lo que m\u00e1s me impact\u00f3 fueron mis compa\u00f1eros y mis profesores<\/b><span style=\"font-weight: 400;\">, creo que lo m\u00e1s grande, se lo merecen ellos.<\/span><\/p>\n<p><span style=\"color: #e6294c;\"><span style=\"font-weight: 400;\">\u00a0<\/span><b>\u00bfQu\u00e9 lecci\u00f3n de vida, dise\u00f1o o sostenibilidad te gustar\u00eda compartir con Am\u00e9rica Latina?<\/b><\/span><\/p>\n<p><span style=\"font-weight: 400;\">Como lecci\u00f3n de vida me queda el <\/span><b>creer en uno mismo hasta el final<\/b><span style=\"font-weight: 400;\">, hasta cuando las cosas no vayan bien, manejar la presi\u00f3n y transmitir el mensaje que uno quiera dar, sin importar los miedos seguir las pasiones y los sue\u00f1os de uno. Con respecto al dise\u00f1o y a la sostenibilidad, es que entre los dos se pueden hacer grandes cambios en el mundo, que necesitamos de creatividad para cambiar el sistema en el que vivimos y<\/span><b> tenemos que tener siempre presente la sostenibilidad en todo \u00e1mbito<\/b><span style=\"font-weight: 400;\">. Que finalmente si de verdad queremos hacer un cambio verdadero no lo hacemos a medias, hacemos todo lo posible para generar el impacto, como MOLA que empez\u00f3 con la voluntad de hacer un mundo mejor, y hoy crece exponencialmente, haciendo cada vez m\u00e1s ruido para ser escuchados.<\/span><\/p>\n<p><span style=\"color: #e6294c;\"><b>\u00bfQu\u00e9 te aport\u00f3 a nivel personal y profesional esta oportunidad?<\/b><\/span><\/p>\n<p><b>Honestamente, el crecimiento en mi persona fue exponencial.<\/b><span style=\"font-weight: 400;\"> El presentarme por primera vez a un concurso de dise\u00f1o y tener la posibilidad de defender mi propuesta, me hizo creer mucho m\u00e1s en mi y en mis capacidades. Darme cuenta que el mundo de la moda puede ser uno totalmente distinto al que todos se imaginan, y poder encontrarse con gente que se interesa en tus opiniones, que desea tu crecimiento y te ayuda para llegar a tus objetivos. A nivel personal entonces, <\/span><b>gan\u00e9 mucha m\u00e1s confianza<\/b><span style=\"font-weight: 400;\"> y decid\u00ed tomar de todas aquellas personas que estaban en mi presente ense\u00f1andome desde su experiencia. Y a nivel profesional, me pude dar cuenta que <\/span><b>no quer\u00eda esperar m\u00e1s para hacer realidad mis sue\u00f1os<\/b><span style=\"font-weight: 400;\">, aunque suene trillado, me d\u00ed cuenta que todas las personas que estaban ah\u00ed conmigo estaban haciendo algo por el mundo y yo tambi\u00e9n quise. Siento que en mi presente y tambi\u00e9n en mi futuro tengo mucho para dar, y realmente quiero hacerlo.<\/span><\/p>\n<p><span style=\"color: #e6294c;\"><b>V\u00ednculo con MOLA<\/b><\/span><\/p>\n<p><span style=\"font-weight: 400;\">Ya hace cinco a\u00f1os, desde que empec\u00e9 mi carrera de dise\u00f1o, que me interes\u00e9 en la sostenibilidad, me sent\u00eda muy parte de ese mundo pero no hab\u00eda podido interactuar con casi nadie sobre este tema, algo que forma parte de qui\u00e9n soy hoy en d\u00eda. <\/span><b>Al unirme a MOLA pude ingresar por fin a ese mundo al que yo me sent\u00eda parte,<\/b><span style=\"font-weight: 400;\"> conocer todo el trabajo hermoso de personas que pensaban como yo, y que en su vida diaria y su profesi\u00f3n se dedicaban a mejorar el mundo. La posibilidad de hablar y escuchar personas emprendedoras que desde un inter\u00e9s por el bien com\u00fan, comenzaron proyectos incre\u00edbles. Para mi result\u00f3 m\u00e1s que inspirador, apasionante, un gran impulso con el que volv\u00ed a casa queriendo mucho m\u00e1s.<\/span><\/p>\n<p><span style=\"color: #e6294c;\"><b>\u00bfQu\u00e9 le recomendar\u00edas a otra persona\/emprendedor\/dise\u00f1ador para iniciar en el \u00e1mbito de la sostenibilidad?<\/b><\/span><\/p>\n<p><span style=\"font-weight: 400;\">Recomendar\u00eda a que pruebe al menos por un tiempo, introducirse en la realidad de las grandes empresas, que pueda ver el impacto que la industria de la moda genera a nuestro ecosistema, y que luego se introduzca en el mundo de la sostenibilidad, que <\/span><b>visite las empresas de triple impacto<\/b><span style=\"font-weight: 400;\">, que pueda sentir el cambio positivo que tienen estas empresas en nuestro contexto,<\/span><b> que viva finalmente la realidad de poder hacer un cambio.<\/b><span style=\"font-weight: 400;\"> No creo que haya vuelta atr\u00e1s, despu\u00e9s de verlo todo de tan cerca.<\/span><\/p>\n<p style=\"text-align: center;\"><b><i>Creo que la mejor forma de invitar a una persona a tu mundo es mostrarle qu\u00e9 hay dentro. Mostrar de manera comparativa el cambio que se hace al ser sostenible, esto es algo tangible, pero que muy pocas personas lo pueden ver. Poder efectivamente transmitir las emociones y el compromiso de cada una de las personas que forman parte. Demostrar que la sostenibilidad es el futuro, es una necesidad, y que para que sea realmente exitosa necesitamos que los que mas puedan se unan.<\/i><\/b><\/p>\n<p>Ver video aqu\u00ed\u00a0<a href=\"https:\/\/youtu.be\/NQP3EFNe2mU\">https:\/\/youtu.be\/NQP3EFNe2mU<\/a><\/p>\n<\/div><\/div><\/div><\/div><\/div>","protected":false},"excerpt":{"rendered":"<p>Lorem ipsum dolor sit amet, consectetur adipiscing elit. Nam pharetra dictum eleifend. Sed posuere magna at luctus pretium. Aliquam ligula sem, aliquet sit amet nisi ac, dignissim porta ipsum.<\/p>","protected":false},"author":9,"featured_media":4844,"comment_status":"open","ping_status":"open","sticky":false,"template":"","format":"standard","meta":{"_monsterinsights_skip_tracking":false,"_monsterinsights_sitenote_active":false,"_monsterinsights_sitenote_note":"","_monsterinsights_sitenote_category":0,"footnotes":""},"categories":[40],"tags":[93,95,92,47,96,88],"class_list":["post-4843","post","type-post","status-publish","format-standard","has-post-thumbnail","hentry","category-blog","tag-disenadores-sostenibles","tag-innovacion","tag-moda-latinoamericana","tag-moda-sostenible","tag-moda-sustentable","tag-universo-mola"],"_links":{"self":[{"href":"https:\/\/universomola.com\/en\/wp-json\/wp\/v2\/posts\/4843","targetHints":{"allow":["GET"]}}],"collection":[{"href":"https:\/\/universomola.com\/en\/wp-json\/wp\/v2\/posts"}],"about":[{"href":"https:\/\/universomola.com\/en\/wp-json\/wp\/v2\/types\/post"}],"author":[{"embeddable":true,"href":"https:\/\/universomola.com\/en\/wp-json\/wp\/v2\/users\/9"}],"replies":[{"embeddable":true,"href":"https:\/\/universomola.com\/en\/wp-json\/wp\/v2\/comments?post=4843"}],"version-history":[{"count":1,"href":"https:\/\/universomola.com\/en\/wp-json\/wp\/v2\/posts\/4843\/revisions"}],"predecessor-version":[{"id":4845,"href":"https:\/\/universomola.com\/en\/wp-json\/wp\/v2\/posts\/4843\/revisions\/4845"}],"wp:featuredmedia":[{"embeddable":true,"href":"https:\/\/universomola.com\/en\/wp-json\/wp\/v2\/media\/4844"}],"wp:attachment":[{"href":"https:\/\/universomola.com\/en\/wp-json\/wp\/v2\/media?parent=4843"}],"wp:term":[{"taxonomy":"category","embeddable":true,"href":"https:\/\/universomola.com\/en\/wp-json\/wp\/v2\/categories?post=4843"},{"taxonomy":"post_tag","embeddable":true,"href":"https:\/\/universomola.com\/en\/wp-json\/wp\/v2\/tags?post=4843"}],"curies":[{"name":"wp","href":"https:\/\/api.w.org\/{rel}","templated":true}]}}