{"id":4846,"date":"2018-10-09T20:48:22","date_gmt":"2018-10-09T23:48:22","guid":{"rendered":"http:\/\/desarrollosdeprueba.xyz\/universo_mola\/?p=4846"},"modified":"2021-08-04T22:19:36","modified_gmt":"2021-08-05T01:19:36","slug":"florencia-panaro-su-experiencia-con-slow-fashion-next","status":"publish","type":"post","link":"https:\/\/universomola.com\/en\/florencia-panaro-su-experiencia-con-slow-fashion-next\/","title":{"rendered":"FLORENCIA PANARO, SU EXPERIENCIA CON SLOW FASHION NEXT"},"content":{"rendered":"<div class=\"fusion-fullwidth fullwidth-box fusion-builder-row-1 fusion-flex-container nonhundred-percent-fullwidth non-hundred-percent-height-scrolling\" style=\"--awb-border-radius-top-left:0px;--awb-border-radius-top-right:0px;--awb-border-radius-bottom-right:0px;--awb-border-radius-bottom-left:0px;--awb-flex-wrap:wrap;\" ><div class=\"fusion-builder-row fusion-row fusion-flex-align-items-flex-start fusion-flex-content-wrap\" style=\"max-width:1248px;margin-left: calc(-4% \/ 2 );margin-right: calc(-4% \/ 2 );\"><div class=\"fusion-layout-column fusion_builder_column fusion-builder-column-0 fusion_builder_column_1_1 1_1 fusion-flex-column\" style=\"--awb-bg-size:cover;--awb-width-large:100%;--awb-margin-top-large:0px;--awb-spacing-right-large:1.92%;--awb-margin-bottom-large:0px;--awb-spacing-left-large:1.92%;--awb-width-medium:100%;--awb-spacing-right-medium:1.92%;--awb-spacing-left-medium:1.92%;--awb-width-small:100%;--awb-spacing-right-small:1.92%;--awb-spacing-left-small:1.92%;\"><div class=\"fusion-column-wrapper fusion-flex-justify-content-flex-start fusion-content-layout-column\"><div class=\"fusion-text fusion-text-1\"><p><em><span style=\"color: #33cccc;\">Escrito por: Dise\u00f1adores de Universo MOLA<\/span><\/em><\/p>\n<p><span style=\"font-weight: 400;\">Fueron 4 los reconocidos en<\/span>\u00a0<span style=\"color: #00ccff;\"><b>MOLA Evento 2018<\/b><\/span><span style=\"font-weight: 400;\">: dos estudiantes y dos marcas\/dise\u00f1adores. Es para MOLA un orgullo poder impulsar el conocimiento y el desarrollo del futuro latinoamericano a trav\u00e9s de la sostenibilidad.<\/span><\/p>\n<p><span style=\"font-weight: 400;\">Para esta edici\u00f3n nos aliamos con <strong><span style=\"color: #00ccff;\">Slow Fashion Next<\/span><\/strong><\/span><span style=\"font-weight: 400;\">, un espacio de formaci\u00f3n y promoci\u00f3n entorno a la sostenibilidad desde Espa\u00f1a para el mundo, liderado por la experta Gema Gomez. Es as\u00ed como pudimos ofrecer dos becas de estudio online por tres meses en su curso de \u00abIntroducci\u00f3n a la Moda Sostenible\u00bb. De los <\/span><b>10 finalistas del concurso<\/b><span style=\"font-weight: 400;\"> de diferentes pa\u00edses como Colombia, Argentina, Paraguay y Uruguay, el jurado compuesto por<span style=\"color: #00ccff;\"><strong> Daniela Ria\u00f1o<\/strong><\/span><\/span><span style=\"font-weight: 400;\">\u00a0(Blogger colombiana y representante de Fashion TV Latam), <\/span><b>Federica Levrero<\/b><span style=\"font-weight: 400;\">, <\/span><span style=\"color: #00ccff;\"><b>Eduardo Iracheta <\/b><\/span><span style=\"font-weight: 400;\">\u00a0(asesor en Derechos Humanos y Embajador MOLA en Espa\u00f1a), <\/span><span style=\"color: #00ccff;\"><b>Giusy Bettoni <\/b><\/span><span style=\"font-weight: 400;\">\u00a0(C.E.O. y fundadora de C.L.A.S.S. Eco Hub Mil\u00e1n) y <\/span><span style=\"color: #00ccff;\"><b>Valentina Su\u00e1rez<\/b><\/span><span style=\"font-weight: 400;\"><span style=\"color: #00ccff;\">\u00a0<\/span>(Directora MOLA), el Reconocimiento Slow Fashion Next se lo llev\u00f3 <\/span><b>Florencia Panaro<\/b><span style=\"font-weight: 400;\">, estudiante argentina dee la carrera de dise\u00f1o de indumentaria.<\/span><\/p>\n<p><span style=\"font-weight: 400; color: #999999;\">Conversamos con Florencia para conocer de cerca su experiencia -o lo que ha sido- en su formaci\u00f3n con Slow Fashion Next.<\/span><\/p>\n<p><span style=\"color: #c43f3f;\"><b>\u00bfQu\u00e9 fue lo que m\u00e1s te impact\u00f3 de estudiar con Slow Fashion Next?<\/b><\/span><\/p>\n<p><span style=\"font-weight: 400;\">Lo que mas me impact\u00f3 fue ver (adem\u00e1s del impacto ambiental) <\/span><b>el maltrato animal y humano<\/b><span style=\"font-weight: 400;\"> que hay dentro de la industria de la moda. Cuando uno escucha la palabra sostenibildad, quiz\u00e1s primero lo asocia a un concepto referido al ambiente, pero no contemplamos en primera instancia a los animales maltratados y que tambi\u00e9n mueren y a los trabajadores explotados, y ver im\u00e1genes de estos casos me gener\u00f3 cierta impresi\u00f3n.<\/span><\/p>\n<p><span style=\"color: #c43f3f;\"><span style=\"font-weight: 400;\">\u00a0<\/span><b>\u00bfQu\u00e9 lecci\u00f3n de vida, dise\u00f1o o sostenibilidad te gustar\u00eda compartir con Am\u00e9rica Latina?<\/b><\/span><\/p>\n<p><span style=\"font-weight: 400;\">Si bien a grandes rasgos conoc\u00eda productos del mundo sostenible, <\/span><b>lo que m\u00e1s me llam\u00f3 la atenci\u00f3n fue la compostabilidad<\/b><span style=\"font-weight: 400;\">, este m\u00e9todo de crear productos con un<\/span><i><span style=\"font-weight: 400;\"> ciclo de vida circular o tambi\u00e9n llamado de la \u201ccuna a la cuna\u201d<\/span><\/i><span style=\"font-weight: 400;\"> lo cual permite comprar una prenda y al finalizar su ciclo de vida, en vez de desecharla a la basura, se entierra y se convierte en abono para el suelo, devolviendo parte de aquello que la naturaleza nos dio para producir esa prenda y eliminando el concepto de desperdicio.\u00a0<\/span><\/p>\n<p><span style=\"color: #c43f3f;\"><b>\u00bfQu\u00e9 te aport\u00f3 a nivel personal y profesional esta oportunidad?<\/b><\/span><\/p>\n<p><span style=\"font-weight: 400;\">Me permiti\u00f3 ver otra forma de abordar mi carrera. Yo soy estudiante de dise\u00f1o textil e indumentaria, y siento que todo este conocimiento nuevo que me brind\u00f3 el curso de Slow Fashion Next puede aplicarse perfectamente en mis trabajos para <\/span><b>aportar con un granito de arena al medio ambiente y causar el menor impacto negativo posible en \u00e9l.\u00a0<\/b><\/p>\n<p><span style=\"color: #c43f3f;\"><b>V\u00ednculo con MOLA<\/b><\/span><\/p>\n<p><b>Me aport\u00f3 ver la realidad.<\/b><span style=\"font-weight: 400;\"> C\u00f3mo vivimos en una sociedad consumista al extremo, de estos temas no se habla porque no conviene, es preferible taparlos como si nada pasara. Pero hay <\/span><b>un gran problema de fondo que necesita salir a la luz<\/b><span style=\"font-weight: 400;\">, gente que muere atr\u00e1s de esa prenda que te compraste y que vas a usar nada m\u00e1s que 2 veces, suelos y aguas contaminadas, explotaci\u00f3n infantil, condiciones laborales p\u00e9simas, enfermedades y animales muertos por qu\u00edmicos, y puedo seguir nombrando mucho m\u00e1s.\u00a0<\/span><\/p>\n<p><span style=\"color: #c43f3f;\"><b>\u00bfQu\u00e9 le recomendar\u00edas a otra persona\/emprendedor\/dise\u00f1ador para iniciar en el \u00e1mbito de la sostenibilidad?<\/b><\/span><\/p>\n<p><span style=\"font-weight: 400;\">Yo le recomendar\u00eda que comience a <\/span><b>indagar<\/b><span style=\"font-weight: 400;\"> en este mundo con seguridad. Uno por miedo a pensar que es dif\u00edcil llevar una vida o marca sostenible no se mete, pero hay much\u00edsimas alternativas de textiles o materiales amigables con el medio ambiente. Es verdad que el mundo todav\u00eda no est\u00e1 100% preparado para un sociedad y modo de consumo sostenible, pero <\/span><b>es un proceso que se hace con concientizaci\u00f3n y que est\u00e1 tomando mucha fuerza hoy en d\u00eda<\/b><span style=\"font-weight: 400;\">.\u00a0<\/span><\/p>\n<p><span style=\"color: #c43f3f;\"><b>LOS INVITO A&#8230;.<\/b><\/span><\/p>\n<p><span style=\"font-weight: 400;\">Hablando de mi experiencia personal, creo que las redes sociales son un gran mecanismo de difusi\u00f3n de informaci\u00f3n. Conoc\u00ed a MOLA a trav\u00e9s de Instagram y as\u00ed me fui abriendo hacia otras p\u00e1ginas de marcas que realizaban productos sostenibles y me pareci\u00f3 un mundo nuevo y s\u00faper interesante.\u00a0<\/span><\/p>\n<p style=\"text-align: center;\"><i><span style=\"font-weight: 400;\">Hoy con las <\/span><\/i><b><i>redes sociale<\/i><\/b><i><span style=\"font-weight: 400;\">s tenemos todo a nuestro alcance y es la forma m\u00e1s directa de llegar a los j\u00f3venes, los cu\u00e1les son los que generalmente impulsan el cambio. Por otra parte <\/span><\/i><b><i>participar de charlas, eventos y concursos<\/i><\/b><i><span style=\"font-weight: 400;\"> ayuda a poner en pr\u00e1ctica lo que uno sabe hacer e ir creciendo d\u00eda a d\u00eda.\u00a0<\/span><\/i><\/p>\n<p>Ver video aqu\u00ed:\u00a0<a href=\"https:\/\/youtu.be\/hhoH7T4esJ0\">https:\/\/youtu.be\/hhoH7T4esJ0<\/a><\/p>\n<\/div><\/div><\/div><\/div><\/div>","protected":false},"excerpt":{"rendered":"<p>Lorem ipsum dolor sit amet, consectetur adipiscing elit. Nam pharetra dictum eleifend. Sed posuere magna at luctus pretium. Aliquam ligula sem, aliquet sit amet nisi ac, dignissim porta ipsum.<\/p>","protected":false},"author":9,"featured_media":4856,"comment_status":"open","ping_status":"open","sticky":false,"template":"","format":"standard","meta":{"_monsterinsights_skip_tracking":false,"_monsterinsights_sitenote_active":false,"_monsterinsights_sitenote_note":"","_monsterinsights_sitenote_category":0,"footnotes":""},"categories":[40],"tags":[93,91,95,89,48,92,47,96,90,88],"class_list":["post-4846","post","type-post","status-publish","format-standard","has-post-thumbnail","hentry","category-blog","tag-disenadores-sostenibles","tag-ethical-fashion","tag-innovacion","tag-moda-etica","tag-moda-latina","tag-moda-latinoamericana","tag-moda-sostenible","tag-moda-sustentable","tag-sustainable","tag-universo-mola"],"_links":{"self":[{"href":"https:\/\/universomola.com\/en\/wp-json\/wp\/v2\/posts\/4846","targetHints":{"allow":["GET"]}}],"collection":[{"href":"https:\/\/universomola.com\/en\/wp-json\/wp\/v2\/posts"}],"about":[{"href":"https:\/\/universomola.com\/en\/wp-json\/wp\/v2\/types\/post"}],"author":[{"embeddable":true,"href":"https:\/\/universomola.com\/en\/wp-json\/wp\/v2\/users\/9"}],"replies":[{"embeddable":true,"href":"https:\/\/universomola.com\/en\/wp-json\/wp\/v2\/comments?post=4846"}],"version-history":[{"count":1,"href":"https:\/\/universomola.com\/en\/wp-json\/wp\/v2\/posts\/4846\/revisions"}],"predecessor-version":[{"id":4863,"href":"https:\/\/universomola.com\/en\/wp-json\/wp\/v2\/posts\/4846\/revisions\/4863"}],"wp:featuredmedia":[{"embeddable":true,"href":"https:\/\/universomola.com\/en\/wp-json\/wp\/v2\/media\/4856"}],"wp:attachment":[{"href":"https:\/\/universomola.com\/en\/wp-json\/wp\/v2\/media?parent=4846"}],"wp:term":[{"taxonomy":"category","embeddable":true,"href":"https:\/\/universomola.com\/en\/wp-json\/wp\/v2\/categories?post=4846"},{"taxonomy":"post_tag","embeddable":true,"href":"https:\/\/universomola.com\/en\/wp-json\/wp\/v2\/tags?post=4846"}],"curies":[{"name":"wp","href":"https:\/\/api.w.org\/{rel}","templated":true}]}}