{"id":4866,"date":"2018-09-29T22:25:42","date_gmt":"2018-09-30T01:25:42","guid":{"rendered":"http:\/\/desarrollosdeprueba.xyz\/universo_mola\/?p=4866"},"modified":"2021-08-04T22:31:22","modified_gmt":"2021-08-05T01:31:22","slug":"cerrito-de-indios-en-san-francisco-eeuu","status":"publish","type":"post","link":"https:\/\/universomola.com\/en\/cerrito-de-indios-en-san-francisco-eeuu\/","title":{"rendered":"CERRITO DE INDIOS EN SAN FRANCISCO, EEUU"},"content":{"rendered":"<div class=\"fusion-fullwidth fullwidth-box fusion-builder-row-1 fusion-flex-container nonhundred-percent-fullwidth non-hundred-percent-height-scrolling\" style=\"--awb-border-radius-top-left:0px;--awb-border-radius-top-right:0px;--awb-border-radius-bottom-right:0px;--awb-border-radius-bottom-left:0px;--awb-flex-wrap:wrap;\" ><div class=\"fusion-builder-row fusion-row fusion-flex-align-items-flex-start fusion-flex-content-wrap\" style=\"max-width:1248px;margin-left: calc(-4% \/ 2 );margin-right: calc(-4% \/ 2 );\"><div class=\"fusion-layout-column fusion_builder_column fusion-builder-column-0 fusion_builder_column_1_1 1_1 fusion-flex-column\" style=\"--awb-bg-size:cover;--awb-width-large:100%;--awb-margin-top-large:0px;--awb-spacing-right-large:1.92%;--awb-margin-bottom-large:0px;--awb-spacing-left-large:1.92%;--awb-width-medium:100%;--awb-spacing-right-medium:1.92%;--awb-spacing-left-medium:1.92%;--awb-width-small:100%;--awb-spacing-right-small:1.92%;--awb-spacing-left-small:1.92%;\"><div class=\"fusion-column-wrapper fusion-flex-justify-content-flex-start fusion-content-layout-column\"><div class=\"fusion-text fusion-text-1\"><p><em><span style=\"color: #33cccc;\">Escrito por: Dise\u00f1adores de Universo MOLA<\/span><\/em><\/p>\n<p><span style=\"font-weight: 400;\">A mitad del 2018, MOLA cerr\u00f3 la alianza con <\/span><span style=\"color: #00ccff;\"><b>San Francisco Sustainable Fashion Week International<\/b><\/span><span style=\"font-weight: 400;\">, con \u00e1nimos de crear un puente entre Am\u00e9rica Latina y el Norte de nuestro continente, para as\u00ed, continuar visibilizando y abriendo posibilidades para que el dise\u00f1o latino se posicione en el mundo a trav\u00e9s de la sostenibilidad.<\/span><\/p>\n<p><span style=\"font-weight: 400;\">Lee la rese\u00f1a que nos trae de primera mano, Cerrito de Indios de Uruguay, de su paso por el Green Glam Event el 7 de Septiembre, 2018.<\/span><\/p>\n<p><b>Am\u00e9rica Latiendo Unida.<\/b><\/p>\n<p><span style=\"font-weight: 400;\">As\u00ed vivi\u00f3 <\/span><b><span style=\"color: #00ccff;\">Cerrito de Indios<\/span><\/b><span style=\"font-weight: 400;\"> la experiencia de haber sido parte de la <\/span><b>pasarela de Green Glam Event en el City Hall de San Francisco<\/b><span style=\"font-weight: 400;\">. Siendo parte de la Global Climate Action Summit, la organizaci\u00f3n convoc\u00f3 a trav\u00e9s de MOLA a la <\/span><b>nueva marca uruguaya de dise\u00f1o textil sustentable<\/b><span style=\"font-weight: 400;\">. Toda la ciudad se manifest\u00f3 por los distintos barrios en pos del cuidado de los recursos naturales. Marchas multitudinarias y conferencias\u00a0 en espacios\u00a0 p\u00fablicos fueron algunos de los formatos. La inauguraci\u00f3n se destac\u00f3 por el especial desfile con la selecci\u00f3n de ciertos proyectos que trabajan conceptos de sustentabilidad, desperdicio cero, trabajo justo. <\/span><b>San Francisco es fuente de visi\u00f3n a largo plazo e uni\u00f3n de identidades.<\/b><\/p>\n<p><b>Gracias totales.<\/b><span style=\"font-weight: 400;\">\u00a0<\/span><\/p>\n<p style=\"text-align: center;\"><span style=\"color: #c91c1c;\"><b style=\"color: #c91c1c;\">\u00a1Felicidades <\/b><span style=\"color: #c91c1c;\"><b>Mar\u00eda<\/b><\/span><b style=\"color: #c91c1c;\"> Paz, <\/b><span style=\"color: #c91c1c;\"><b>Mar\u00eda<\/b><\/span><b style=\"color: #c91c1c;\"> Bel\u00e9n y Juan!<\/b><\/span><\/p>\n<\/div><\/div><\/div><\/div><\/div>","protected":false},"excerpt":{"rendered":"<p>Lorem ipsum dolor sit amet, consectetur adipiscing elit. Nam pharetra dictum eleifend. Sed posuere magna at luctus pretium. Aliquam ligula sem, aliquet sit amet nisi ac, dignissim porta ipsum.<\/p>","protected":false},"author":9,"featured_media":4867,"comment_status":"open","ping_status":"open","sticky":false,"template":"","format":"standard","meta":{"_monsterinsights_skip_tracking":false,"_monsterinsights_sitenote_active":false,"_monsterinsights_sitenote_note":"","_monsterinsights_sitenote_category":0,"footnotes":""},"categories":[40],"tags":[91,95,48,92,47,96,90,88],"class_list":["post-4866","post","type-post","status-publish","format-standard","has-post-thumbnail","hentry","category-blog","tag-ethical-fashion","tag-innovacion","tag-moda-latina","tag-moda-latinoamericana","tag-moda-sostenible","tag-moda-sustentable","tag-sustainable","tag-universo-mola"],"_links":{"self":[{"href":"https:\/\/universomola.com\/en\/wp-json\/wp\/v2\/posts\/4866","targetHints":{"allow":["GET"]}}],"collection":[{"href":"https:\/\/universomola.com\/en\/wp-json\/wp\/v2\/posts"}],"about":[{"href":"https:\/\/universomola.com\/en\/wp-json\/wp\/v2\/types\/post"}],"author":[{"embeddable":true,"href":"https:\/\/universomola.com\/en\/wp-json\/wp\/v2\/users\/9"}],"replies":[{"embeddable":true,"href":"https:\/\/universomola.com\/en\/wp-json\/wp\/v2\/comments?post=4866"}],"version-history":[{"count":1,"href":"https:\/\/universomola.com\/en\/wp-json\/wp\/v2\/posts\/4866\/revisions"}],"predecessor-version":[{"id":4868,"href":"https:\/\/universomola.com\/en\/wp-json\/wp\/v2\/posts\/4866\/revisions\/4868"}],"wp:featuredmedia":[{"embeddable":true,"href":"https:\/\/universomola.com\/en\/wp-json\/wp\/v2\/media\/4867"}],"wp:attachment":[{"href":"https:\/\/universomola.com\/en\/wp-json\/wp\/v2\/media?parent=4866"}],"wp:term":[{"taxonomy":"category","embeddable":true,"href":"https:\/\/universomola.com\/en\/wp-json\/wp\/v2\/categories?post=4866"},{"taxonomy":"post_tag","embeddable":true,"href":"https:\/\/universomola.com\/en\/wp-json\/wp\/v2\/tags?post=4866"}],"curies":[{"name":"wp","href":"https:\/\/api.w.org\/{rel}","templated":true}]}}