{"id":4869,"date":"2018-10-18T22:32:03","date_gmt":"2018-10-19T01:32:03","guid":{"rendered":"http:\/\/desarrollosdeprueba.xyz\/universo_mola\/?p=4869"},"modified":"2021-08-04T22:43:26","modified_gmt":"2021-08-05T01:43:26","slug":"costurero-de-la-memoria-kilometros-de-vida-y-memoria","status":"publish","type":"post","link":"https:\/\/universomola.com\/en\/costurero-de-la-memoria-kilometros-de-vida-y-memoria\/","title":{"rendered":"COSTURERO DE LA MEMORIA, KIL\u00d3METROS DE VIDA Y MEMORIA"},"content":{"rendered":"<div class=\"fusion-fullwidth fullwidth-box fusion-builder-row-1 fusion-flex-container nonhundred-percent-fullwidth non-hundred-percent-height-scrolling\" style=\"--awb-border-radius-top-left:0px;--awb-border-radius-top-right:0px;--awb-border-radius-bottom-right:0px;--awb-border-radius-bottom-left:0px;--awb-flex-wrap:wrap;\" ><div class=\"fusion-builder-row fusion-row fusion-flex-align-items-flex-start fusion-flex-content-wrap\" style=\"max-width:1248px;margin-left: calc(-4% \/ 2 );margin-right: calc(-4% \/ 2 );\"><div class=\"fusion-layout-column fusion_builder_column fusion-builder-column-0 fusion_builder_column_1_1 1_1 fusion-flex-column\" style=\"--awb-bg-size:cover;--awb-width-large:100%;--awb-margin-top-large:0px;--awb-spacing-right-large:1.92%;--awb-margin-bottom-large:0px;--awb-spacing-left-large:1.92%;--awb-width-medium:100%;--awb-spacing-right-medium:1.92%;--awb-spacing-left-medium:1.92%;--awb-width-small:100%;--awb-spacing-right-small:1.92%;--awb-spacing-left-small:1.92%;\"><div class=\"fusion-column-wrapper fusion-flex-justify-content-flex-start fusion-content-layout-column\"><div class=\"fusion-text fusion-text-1\"><p><em><span style=\"color: #33cccc;\">Escrito por: Noticias de Universo MOLA<\/span><\/em><\/p>\n<p><span style=\"color: #999999;\"><span style=\"font-weight: 400;\">By <\/span><b>Lina Bermeo<\/b><span style=\"font-weight: 400;\">, Directora Creativa TARPUI. Costurera de la memoria.<\/span><\/span><\/p>\n<p><span style=\"font-weight: 400;\">\u00a0<\/span><span style=\"font-weight: 400;\">\u201cPachakutik\u201d de la lengua Inga que significa <\/span><b>\u201cponer en orden el caos\u201d<\/b><span style=\"font-weight: 400;\"> \u201ccuando se teje o se talla se equilibra el cuerpo y el esp\u00edritu, se produce entonces una acci\u00f3n transformadora que pone en orden el pensamiento\u201d Esto han hecho entonces Madres, esposas, hijas, hermanas, amigas, parejas, confidentes, v\u00edctimas de violencia de diversa \u00edndole en Colombia.<\/span><\/p>\n<p><span style=\"font-weight: 400;\">Ahora gestoras de paz, con incidencia pol\u00edtica, pedagogas de la memoria, denunciantes con ah\u00ednco. Ellas han puesto en orden el caos y se han dado a la tarea desde hace 5 a\u00f1os en liderar el costurero de la memoria, kil\u00f3metros de vida y memoria, donde <\/span><b>a trav\u00e9s de los hilos, las puntadas, los retazos y las historias construyen PAZ.<\/b><\/p>\n<p><span style=\"font-weight: 400;\">Una iniciativa de varias organizaciones de derechos humanos que en principio se pensaba como espacio de resiliencia para diversas v\u00edctimas del conflicto en <\/span><b>Colombia<\/b><span style=\"font-weight: 400;\">, <\/span><b>convirti\u00f3 el tejido en herramienta de un poderoso colectivo de mujeres valientes<\/b><span style=\"font-weight: 400;\">, de aguja empu\u00f1ada y de manos firmes para bordar, contar y tejer sobre lienzos sus palabras recias ante la impunidad, el olvido. Como resultado unos telares donde cuentan sus hechos victimizan tes pero m\u00e1s all\u00e1, plasman una memoria colectiva como legado para hacer pedagog\u00eda en espacios acad\u00e9micos, civiles, gubernamentales y sociales con la finalidad de que se conozca la verdad, la sociedad se apropie de lo que ha dejado la guerra pero sobre todo se inicien procesos de paz y de no repetici\u00f3n, es ese el principal objetivo que las sigue reuniendo despu\u00e9s de a\u00f1os de trabajo, no solo aprovechar el contexto pol\u00edtico de paz si no construirla en conjunto.<\/span><\/p>\n<p><span style=\"font-weight: 400;\">\u00a0<\/span><span style=\"font-weight: 400;\">Este a\u00f1o en el marco de la semana por la paz iniciaron <\/span><b>un proyecto que representa a los l\u00edderes y lideresas sociales asesinados en lo corrido del 2018<\/b><span style=\"font-weight: 400;\">, es un \u00e1rbol que mide m\u00e1s de 8 metros de largo, su follaje est\u00e1 bordado hoja a hoja cada una con el nombre de las personas asesinadas, representa las semillas que han dejado en sus comunidades , pero tambi\u00e9n la impunidad, la indiferencia y la resistencia, el \u00e1rbol ha estado en diferentes universidades y espacios privados y p\u00fablicos y se pretende quede terminado para el <\/span><b>10 de diciembre<\/b><span style=\"font-weight: 400;\"> d\u00eda de los <\/span><span style=\"font-weight: 400;\">derechos humanos donde va a ser expuesto en la nueva jurisdicci\u00f3n especial para la paz en un evento conmemorativo.<\/span><\/p>\n<p><span style=\"font-weight: 400;\">\u00a0<\/span><span style=\"font-weight: 400;\">Por otro lado el costurero de la memoria est\u00e1 preparando <\/span><b>una iniciativa que enlaza la costura, con la memoria y la moda sostenible<\/b><span style=\"font-weight: 400;\">, si bien han usado sus retazos para hacer telares quieren ahora llevar a las prendas que cuentan historias toda su trayectoria para generar en otros contextos su incidencia de paz y lograr de esta forma un sostenimiento econ\u00f3mico para el costurero.\u00a0<\/span><\/p>\n<p><span style=\"font-weight: 400;\">\u00a0<\/span><span style=\"font-weight: 400;\">Las costureras ya han hilado, urdido, tejido, ya han deconstruido, construido y reconstruido su dolo y lo han convertido en un gran movimiento con narrativas muy sentidas, que permiten en su hacer bello y laborioso dar a conocer de manera gr\u00e1fica y art\u00edstica, unas memorias individuales y colectivas que sin duda alguna fortalecen los procesos de paz que se erigen desde diferentes formas de resistencia en nuestro pa\u00eds.<\/span><\/p>\n<p><span style=\"font-weight: 400;\">\u00a0<\/span><\/p>\n<p><span style=\"color: #33cccc;\"><b>El Costurero De La Memoria<\/b><\/span><span style=\"font-weight: 400;\"> ahora enfrenta un reto y es el de hacer sostenible lo que han cimentado, est\u00e1n abiertas a nuevas posibilidades que les permitan desarrollar de manera tranquila en cuesti\u00f3n de recursos, todos los proyectos de pedagog\u00eda que desean llevar a cabo, es una invitaci\u00f3n entonces a organizaciones, colectivos, academia y a la sociedad civil, entablar un dialogo con el costurero y aportar de manera significativa enlaces que les permitan preservar este legado de memoria hist\u00f3rica para futuras generaciones y que como es su consigna se conozcan los procesos,<\/span><b> se llegue a la verdad y no haya repetici\u00f3n<\/b><span style=\"font-weight: 400;\">.\u00a0\u00a0<\/span><\/p>\n<\/div><\/div><\/div><\/div><\/div>","protected":false},"excerpt":{"rendered":"<p>Lorem ipsum dolor sit amet, consectetur adipiscing elit. Nam pharetra dictum eleifend. Sed posuere magna at luctus pretium. Aliquam ligula sem, aliquet sit amet nisi ac, dignissim porta ipsum.<\/p>","protected":false},"author":9,"featured_media":4870,"comment_status":"open","ping_status":"open","sticky":false,"template":"","format":"standard","meta":{"_monsterinsights_skip_tracking":false,"_monsterinsights_sitenote_active":false,"_monsterinsights_sitenote_note":"","_monsterinsights_sitenote_category":0,"footnotes":""},"categories":[40],"tags":[93,91,95,89,48,92,47,96,90,88],"class_list":["post-4869","post","type-post","status-publish","format-standard","has-post-thumbnail","hentry","category-blog","tag-disenadores-sostenibles","tag-ethical-fashion","tag-innovacion","tag-moda-etica","tag-moda-latina","tag-moda-latinoamericana","tag-moda-sostenible","tag-moda-sustentable","tag-sustainable","tag-universo-mola"],"_links":{"self":[{"href":"https:\/\/universomola.com\/en\/wp-json\/wp\/v2\/posts\/4869","targetHints":{"allow":["GET"]}}],"collection":[{"href":"https:\/\/universomola.com\/en\/wp-json\/wp\/v2\/posts"}],"about":[{"href":"https:\/\/universomola.com\/en\/wp-json\/wp\/v2\/types\/post"}],"author":[{"embeddable":true,"href":"https:\/\/universomola.com\/en\/wp-json\/wp\/v2\/users\/9"}],"replies":[{"embeddable":true,"href":"https:\/\/universomola.com\/en\/wp-json\/wp\/v2\/comments?post=4869"}],"version-history":[{"count":1,"href":"https:\/\/universomola.com\/en\/wp-json\/wp\/v2\/posts\/4869\/revisions"}],"predecessor-version":[{"id":4871,"href":"https:\/\/universomola.com\/en\/wp-json\/wp\/v2\/posts\/4869\/revisions\/4871"}],"wp:featuredmedia":[{"embeddable":true,"href":"https:\/\/universomola.com\/en\/wp-json\/wp\/v2\/media\/4870"}],"wp:attachment":[{"href":"https:\/\/universomola.com\/en\/wp-json\/wp\/v2\/media?parent=4869"}],"wp:term":[{"taxonomy":"category","embeddable":true,"href":"https:\/\/universomola.com\/en\/wp-json\/wp\/v2\/categories?post=4869"},{"taxonomy":"post_tag","embeddable":true,"href":"https:\/\/universomola.com\/en\/wp-json\/wp\/v2\/tags?post=4869"}],"curies":[{"name":"wp","href":"https:\/\/api.w.org\/{rel}","templated":true}]}}