{"id":4877,"date":"2018-10-26T23:24:01","date_gmt":"2018-10-27T02:24:01","guid":{"rendered":"http:\/\/desarrollosdeprueba.xyz\/universo_mola\/?p=4877"},"modified":"2021-08-04T23:48:27","modified_gmt":"2021-08-05T02:48:27","slug":"5-marcas-de-moda-solidaria-que-deberias-conocer","status":"publish","type":"post","link":"https:\/\/universomola.com\/en\/5-marcas-de-moda-solidaria-que-deberias-conocer\/","title":{"rendered":"5 MARCAS DE MODA SOLIDARIA QUE DEBER\u00cdAS CONOCER"},"content":{"rendered":"<div class=\"fusion-fullwidth fullwidth-box fusion-builder-row-1 fusion-flex-container nonhundred-percent-fullwidth non-hundred-percent-height-scrolling\" style=\"--awb-border-radius-top-left:0px;--awb-border-radius-top-right:0px;--awb-border-radius-bottom-right:0px;--awb-border-radius-bottom-left:0px;--awb-flex-wrap:wrap;\" ><div class=\"fusion-builder-row fusion-row fusion-flex-align-items-flex-start fusion-flex-content-wrap\" style=\"max-width:1248px;margin-left: calc(-4% \/ 2 );margin-right: calc(-4% \/ 2 );\"><div class=\"fusion-layout-column fusion_builder_column fusion-builder-column-0 fusion_builder_column_1_1 1_1 fusion-flex-column\" style=\"--awb-bg-size:cover;--awb-width-large:100%;--awb-margin-top-large:0px;--awb-spacing-right-large:1.92%;--awb-margin-bottom-large:0px;--awb-spacing-left-large:1.92%;--awb-width-medium:100%;--awb-spacing-right-medium:1.92%;--awb-spacing-left-medium:1.92%;--awb-width-small:100%;--awb-spacing-right-small:1.92%;--awb-spacing-left-small:1.92%;\"><div class=\"fusion-column-wrapper fusion-flex-justify-content-flex-start fusion-content-layout-column\"><div class=\"fusion-text fusion-text-1\"><p><em><span style=\"color: #33cccc;\">Escrito por: Recomendados de Universo MOLA<\/span><\/em><\/p>\n<p><span style=\"font-weight: 400; color: #999999;\">Por Santiago Albornoz, Productor de Moda MOLA<\/span><\/p>\n<p><span style=\"font-weight: 400;\">La moda consciente se ha convertido en sin\u00f3nimo de respeto al medio ambiente y de quienes nos rodean. Cada vez son m\u00e1s las marcas que buscan un impacto positivo tanto en la producci\u00f3n de sus prendas como de quienes las confeccionan. Es muy importante entender que la sostenibilidad trata del relacionamiento, tanto con nosotros mismos, los que est\u00e1n con nosotros\u00a0 y el planeta que nos da vida.<\/span><\/p>\n<p><span style=\"font-weight: 400;\">Nos alegra saber que Am\u00e9rica Latina est\u00e1 empezando a despertar en el \u00e1mbito empresarial la necesidad de generar un triple impacto positivo en las vidas de todos.\u00a0<\/span><\/p>\n<p><span style=\"font-weight: 400;\">Descubre las marcas latinoamericanas que est\u00e1n cambiando el paradigma.\u00a0<\/span><\/p>\n<p><span style=\"font-weight: 400;\">ALGOBONITO<br \/>\n<\/span><span style=\"font-weight: 400;\">ARTE PARA USAR<br \/>\n<\/span><span style=\"font-weight: 400;\">CORRIENTES , AR.<\/span><\/p>\n<p><span style=\"font-weight: 400;\">Sus productos se caracterizan por sus bordados originales\u00a0 realizados 100% a mano utilizando una t\u00e9cnica artesanal, aprendida de generaci\u00f3n en generaci\u00f3n. Su colecci\u00f3n de ponchos, chalinas y ruanas son producidas por grupos de tejedoras en la regi\u00f3n norte del pa\u00eds. ALGO BONITO busca fomentar la inserci\u00f3n laboral a trav\u00e9s de la capacitaci\u00f3n de cada artesana para producir cada prenda.<\/span><\/p>\n<p><img decoding=\"async\" class=\"alignnone size-full wp-image-4878 lazyload\" data-src=\"http:\/\/desarrollosdeprueba.xyz\/universo_mola\/wp-content\/uploads\/2021\/08\/Captura5.png\" alt=\"\" width=\"625\" height=\"419\" data-srcset=\"https:\/\/universomola.com\/wp-content\/uploads\/2021\/08\/Captura5-200x134.png 200w, https:\/\/universomola.com\/wp-content\/uploads\/2021\/08\/Captura5-300x201.png 300w, https:\/\/universomola.com\/wp-content\/uploads\/2021\/08\/Captura5-400x268.png 400w, https:\/\/universomola.com\/wp-content\/uploads\/2021\/08\/Captura5-500x335.png 500w, https:\/\/universomola.com\/wp-content\/uploads\/2021\/08\/Captura5-600x402.png 600w, https:\/\/universomola.com\/wp-content\/uploads\/2021\/08\/Captura5.png 625w\" data-sizes=\"(max-width: 625px) 100vw, 625px\" src=\"data:image\/svg+xml;base64,PHN2ZyB3aWR0aD0iMSIgaGVpZ2h0PSIxIiB4bWxucz0iaHR0cDovL3d3dy53My5vcmcvMjAwMC9zdmciPjwvc3ZnPg==\" style=\"--smush-placeholder-width: 625px; --smush-placeholder-aspect-ratio: 625\/419;\" \/><\/p>\n<p><span style=\"font-weight: 400;\">XINCA<br \/>\n<\/span><span style=\"font-weight: 400;\">MENDOZA, AR.<\/span><\/p>\n<p><span style=\"font-weight: 400;\">Fabricada con el reciclado de caucho de neum\u00e1ticos fuera de uso. En el proceso productivo, generan trabajo para personas excluidas del sistema (convictos cumpliendo condena, talleres sociales, entre otros) dando oportunidades laborales en sectores postergados de sociedad.<\/span><span style=\"font-weight: 400;\"><br \/>\n<\/span><span style=\"font-weight: 400;\">Ver video aqu\u00ed:\u00a0<\/span><a href=\"https:\/\/youtu.be\/zpI42nH4uic\"><span style=\"font-weight: 400;\">https:\/\/youtu.be\/zpI42nH4uic<\/span><\/a><\/p>\n<p><span style=\"font-weight: 400;\">Amelia Toro<br \/>\n<\/span><span style=\"font-weight: 400;\">BOGOTA, COL.<\/span><\/p>\n<p><span style=\"font-weight: 400;\">Dedicada a producir prendas de calidad hechas a mano, fabricadas por una sola persona de principio a fin, compartiendo su etiqueta con cada costurera. Amelia Toro apoya la generaci\u00f3n de empleo a padres de familia y se compromete a promover el trabajo de grupos ind\u00edgenas de Am\u00e9rica Latina, integrando su oficio en sus dise\u00f1os en un esfuerzo por continuar con el patrimonio cultural . Su prop\u00f3sito es continuar dando futuro a las t\u00e9cnicas transmitidas a trav\u00e9s de generaciones de artesanos.<\/span><\/p>\n<p><span style=\"font-weight: 400;\">Ver video aqu\u00ed:\u00a0<\/span><a href=\"https:\/\/youtu.be\/gOZJoRKXvik\"><span style=\"font-weight: 400;\">https:\/\/youtu.be\/gOZJoRKXvik<\/span><\/a><\/p>\n<p><span style=\"font-weight: 400;\">ZURITA<br \/>\n<\/span><span style=\"font-weight: 400;\">CHILE<\/span><\/p>\n<p><span style=\"font-weight: 400;\">Sus creaciones capturan un fuerte compromiso con el medio ambiente y bienestar social. Zurita trabaja en estrecha colaboraci\u00f3n con artesanas Aymara del Altiplano Chileno, tejedores Quechua de la regi\u00f3n de Potos\u00ed, Bolivia como costureras y sastres de la ciudad de Santiago, promoviendo el conocimiento y valoraci\u00f3n de los oficios tradicionales como fuente de identidad cultural y memoria colectiva del territorio.<\/span><span style=\"font-weight: 400;\"><br \/>\n<\/span><\/p>\n<p><img decoding=\"async\" class=\"alignnone size-full wp-image-4879 lazyload\" data-src=\"http:\/\/desarrollosdeprueba.xyz\/universo_mola\/wp-content\/uploads\/2021\/08\/Captura6.png\" alt=\"\" width=\"640\" height=\"383\" data-srcset=\"https:\/\/universomola.com\/wp-content\/uploads\/2021\/08\/Captura6-200x120.png 200w, https:\/\/universomola.com\/wp-content\/uploads\/2021\/08\/Captura6-300x180.png 300w, https:\/\/universomola.com\/wp-content\/uploads\/2021\/08\/Captura6-400x239.png 400w, https:\/\/universomola.com\/wp-content\/uploads\/2021\/08\/Captura6-500x299.png 500w, https:\/\/universomola.com\/wp-content\/uploads\/2021\/08\/Captura6-600x359.png 600w, https:\/\/universomola.com\/wp-content\/uploads\/2021\/08\/Captura6.png 640w\" data-sizes=\"(max-width: 640px) 100vw, 640px\" src=\"data:image\/svg+xml;base64,PHN2ZyB3aWR0aD0iMSIgaGVpZ2h0PSIxIiB4bWxucz0iaHR0cDovL3d3dy53My5vcmcvMjAwMC9zdmciPjwvc3ZnPg==\" style=\"--smush-placeholder-width: 640px; --smush-placeholder-aspect-ratio: 640\/383;\" \/><\/p>\n<p><span style=\"font-weight: 400;\">MINKA<br \/>\n<\/span><span style=\"font-weight: 400;\">CHILE<\/span><\/p>\n<p><span style=\"font-weight: 400;\">Sus accesorios, hechos a mano, son producidos por mujeres artesanas privadas de libertad capacitadas por la marca en t\u00e9cnicas de reutilizaci\u00f3n textil, nociones b\u00e1sicas de dise\u00f1o y herramientas de auto emprendimiento. Minka promueve el contacto directo entre consumidor y productor, grabando cada accesorio con la firma de la artesana que lo elabor\u00f3.<\/span><\/p>\n<p><span style=\"font-weight: 400;\">A continuaci\u00f3n te dejamos algunos testimonios de sus artesanas:<\/span><\/p>\n<p><i><span style=\"font-weight: 400;\">\u00abMinka despert\u00f3 mi imaginaci\u00f3n para crear con mis manos, dibujando en g\u00e9nero, jugando con los colores y formar lo que mi mente quer\u00eda plasmar. Hoy orgullosa de mis logros, seguir es mi anhelo, para seguir trabajando y aprendiendo como hasta ahora\u00bb\u00a0 Ruth Salinas, Centro Penitenciario Femenino San Joaqu\u00edn\u00a0<\/span><\/i><\/p>\n<p><span style=\"font-weight: 400;\">BONUSTRACK<br \/>\n<\/span><span style=\"font-weight: 400;\">CARCEL\u00a0<\/span><\/p>\n<p><span style=\"font-weight: 400;\">Copenhagen, Dinamarca.<\/span><\/p>\n<p><span style=\"font-weight: 400;\">Crea colecciones anuales a partir de la confecci\u00f3n de prendas hechas por mujeres privadas de libertad. La marca danesa busca proporcionar nuevas habilidades t\u00e9cnicas y salarios dignos, con el fin de reestructurar la vida de cada mujer ya sea para cubrir costos b\u00e1sicos o poder enviar a sus hijos a la escuela. Para su primera colecci\u00f3n Carcel trabaj\u00f3 con una prisi\u00f3n femenina en Cusco, Per\u00fa para crear prendas b\u00e1sicas en lana de alpaca.<\/span><span style=\"font-weight: 400;\"><br \/>\n<\/span><span style=\"font-weight: 400;\"><br \/>\n<\/span><span style=\"font-weight: 400;\">Ver video aqu\u00ed: <\/span><a href=\"https:\/\/youtu.be\/abMOJvACK10\"><span style=\"font-weight: 400;\">https:\/\/youtu.be\/abMOJvACK10<\/span><\/a><\/p>\n<p><span style=\"font-weight: 400;\">\u00bfConoces m\u00e1s marcas de moda solidaria? \u00a1Cu\u00e9ntanos en los comentarios!<\/span><\/p>\n<\/div><\/div><\/div><\/div><\/div>","protected":false},"excerpt":{"rendered":"<p>Lorem ipsum dolor sit amet, consectetur adipiscing elit. Nam pharetra dictum eleifend. Sed posuere magna at luctus pretium. Aliquam ligula sem, aliquet sit amet nisi ac, dignissim porta ipsum.<\/p>","protected":false},"author":9,"featured_media":4880,"comment_status":"open","ping_status":"open","sticky":false,"template":"","format":"standard","meta":{"_monsterinsights_skip_tracking":false,"_monsterinsights_sitenote_active":false,"_monsterinsights_sitenote_note":"","_monsterinsights_sitenote_category":0,"footnotes":""},"categories":[40],"tags":[93,91,95,89,48,92,47,96,90,88],"class_list":["post-4877","post","type-post","status-publish","format-standard","has-post-thumbnail","hentry","category-blog","tag-disenadores-sostenibles","tag-ethical-fashion","tag-innovacion","tag-moda-etica","tag-moda-latina","tag-moda-latinoamericana","tag-moda-sostenible","tag-moda-sustentable","tag-sustainable","tag-universo-mola"],"_links":{"self":[{"href":"https:\/\/universomola.com\/en\/wp-json\/wp\/v2\/posts\/4877","targetHints":{"allow":["GET"]}}],"collection":[{"href":"https:\/\/universomola.com\/en\/wp-json\/wp\/v2\/posts"}],"about":[{"href":"https:\/\/universomola.com\/en\/wp-json\/wp\/v2\/types\/post"}],"author":[{"embeddable":true,"href":"https:\/\/universomola.com\/en\/wp-json\/wp\/v2\/users\/9"}],"replies":[{"embeddable":true,"href":"https:\/\/universomola.com\/en\/wp-json\/wp\/v2\/comments?post=4877"}],"version-history":[{"count":2,"href":"https:\/\/universomola.com\/en\/wp-json\/wp\/v2\/posts\/4877\/revisions"}],"predecessor-version":[{"id":4882,"href":"https:\/\/universomola.com\/en\/wp-json\/wp\/v2\/posts\/4877\/revisions\/4882"}],"wp:featuredmedia":[{"embeddable":true,"href":"https:\/\/universomola.com\/en\/wp-json\/wp\/v2\/media\/4880"}],"wp:attachment":[{"href":"https:\/\/universomola.com\/en\/wp-json\/wp\/v2\/media?parent=4877"}],"wp:term":[{"taxonomy":"category","embeddable":true,"href":"https:\/\/universomola.com\/en\/wp-json\/wp\/v2\/categories?post=4877"},{"taxonomy":"post_tag","embeddable":true,"href":"https:\/\/universomola.com\/en\/wp-json\/wp\/v2\/tags?post=4877"}],"curies":[{"name":"wp","href":"https:\/\/api.w.org\/{rel}","templated":true}]}}