{"id":5072,"date":"2018-11-30T19:34:40","date_gmt":"2018-11-30T22:34:40","guid":{"rendered":"http:\/\/desarrollosdeprueba.xyz\/universo_mola\/?p=5072"},"modified":"2021-08-06T19:44:58","modified_gmt":"2021-08-06T22:44:58","slug":"6-marcas-para-vestir-este-verano","status":"publish","type":"post","link":"https:\/\/universomola.com\/en\/6-marcas-para-vestir-este-verano\/","title":{"rendered":"6 MARCAS PARA VESTIR ESTE VERANO"},"content":{"rendered":"<div class=\"fusion-fullwidth fullwidth-box fusion-builder-row-1 fusion-flex-container nonhundred-percent-fullwidth non-hundred-percent-height-scrolling\" style=\"--awb-border-radius-top-left:0px;--awb-border-radius-top-right:0px;--awb-border-radius-bottom-right:0px;--awb-border-radius-bottom-left:0px;--awb-flex-wrap:wrap;\" ><div class=\"fusion-builder-row fusion-row fusion-flex-align-items-flex-start fusion-flex-content-wrap\" style=\"max-width:1248px;margin-left: calc(-4% \/ 2 );margin-right: calc(-4% \/ 2 );\"><div class=\"fusion-layout-column fusion_builder_column fusion-builder-column-0 fusion_builder_column_1_1 1_1 fusion-flex-column\" style=\"--awb-bg-size:cover;--awb-width-large:100%;--awb-margin-top-large:0px;--awb-spacing-right-large:1.92%;--awb-margin-bottom-large:0px;--awb-spacing-left-large:1.92%;--awb-width-medium:100%;--awb-spacing-right-medium:1.92%;--awb-spacing-left-medium:1.92%;--awb-width-small:100%;--awb-spacing-right-small:1.92%;--awb-spacing-left-small:1.92%;\"><div class=\"fusion-column-wrapper fusion-flex-justify-content-flex-start fusion-content-layout-column\"><div class=\"fusion-text fusion-text-1\"><p><em><span style=\"color: #33cccc;\">Escrito por: Recomendados de Universo MOLA<\/span><\/em><\/p>\n<p><span style=\"color: #999999;\"><span style=\"font-weight: 400;\">By <\/span><b>Santiago Albornoz<\/b><span style=\"font-weight: 400;\">, Productor de Moda MOLA<\/span><\/span><\/p>\n<p><span style=\"font-weight: 400;\">Esta temporada de Primavera\/ Verano <\/span><b>viste consciente<\/b><span style=\"font-weight: 400;\"> apoyando el <\/span><b>dise\u00f1o local,<\/b><span style=\"font-weight: 400;\"> comprometido con un mundo de la <\/span><b>moda m\u00e1s sostenible<\/b><span style=\"font-weight: 400;\">. Te presentamos <\/span><b>seis propuestas latinoamericanas<\/b><span style=\"font-weight: 400;\"> del cono sur para vestir este <\/span><b>verano<\/b><span style=\"font-weight: 400;\">.<\/span><\/p>\n<p><span style=\"font-weight: 400;\"> <img decoding=\"async\" class=\"alignnone size-full wp-image-5073 lazyload\" data-src=\"http:\/\/desarrollosdeprueba.xyz\/universo_mola\/wp-content\/uploads\/2021\/08\/Captura30.png\" alt=\"\" width=\"577\" height=\"305\" data-srcset=\"https:\/\/universomola.com\/wp-content\/uploads\/2021\/08\/Captura30-200x106.png 200w, https:\/\/universomola.com\/wp-content\/uploads\/2021\/08\/Captura30-300x159.png 300w, https:\/\/universomola.com\/wp-content\/uploads\/2021\/08\/Captura30-400x211.png 400w, https:\/\/universomola.com\/wp-content\/uploads\/2021\/08\/Captura30-500x264.png 500w, https:\/\/universomola.com\/wp-content\/uploads\/2021\/08\/Captura30.png 577w\" data-sizes=\"(max-width: 577px) 100vw, 577px\" src=\"data:image\/svg+xml;base64,PHN2ZyB3aWR0aD0iMSIgaGVpZ2h0PSIxIiB4bWxucz0iaHR0cDovL3d3dy53My5vcmcvMjAwMC9zdmciPjwvc3ZnPg==\" style=\"--smush-placeholder-width: 577px; --smush-placeholder-aspect-ratio: 577\/305;\" \/><\/span><\/p>\n<p><span style=\"font-weight: 400; color: #999999;\">Fotos cortes\u00eda de Facebook Cerrito de Indios<\/span><\/p>\n<p><span style=\"color: #d62b2b;\"><b>CERRITO DE INDIOS &#8211; URUGUAY<\/b><\/span><\/p>\n<p><span style=\"font-weight: 400;\">Prendas que cuentan una historia a trav\u00e9s de <\/span><b>t\u00e9cnicas de te\u00f1ido, confecci\u00f3n e impresi\u00f3n artesanal<\/b><span style=\"font-weight: 400;\">.\u00a0\u00a0<\/span><\/p>\n<p><span style=\"font-weight: 400;\">Sus colecciones se caracterizan por sus tejidos naturales y estampas <\/span><b>ecoprint<\/b><span style=\"font-weight: 400;\"> hechas con impresi\u00f3n bot\u00e1nica.<\/span><\/p>\n<p><span style=\"font-weight: 400;\">Recomendamos sus camisas ecoprint hechas en <\/span><b>lino<\/b><span style=\"font-weight: 400;\"> con un calce suelto y c\u00f3modo para llevar este verano.<\/span><\/p>\n<p><b>Descubre mas de la colecci\u00f3n en su Eshop<\/b><span style=\"color: #33cccc;\"><a style=\"color: #33cccc;\" href=\"https:\/\/www.cerritodeindios.com\/hola\/tienda\/\"> <b>https:\/\/www.cerritodeindios.com\/hola\/tienda\/<\/b><\/a><\/span><\/p>\n<p><img decoding=\"async\" class=\"alignnone size-full wp-image-5067 lazyload\" data-src=\"http:\/\/desarrollosdeprueba.xyz\/universo_mola\/wp-content\/uploads\/2018\/11\/Captura31.png\" alt=\"\" width=\"593\" height=\"268\" data-srcset=\"https:\/\/universomola.com\/wp-content\/uploads\/2018\/11\/Captura31-200x90.png 200w, https:\/\/universomola.com\/wp-content\/uploads\/2018\/11\/Captura31-300x136.png 300w, https:\/\/universomola.com\/wp-content\/uploads\/2018\/11\/Captura31-400x181.png 400w, https:\/\/universomola.com\/wp-content\/uploads\/2018\/11\/Captura31-500x226.png 500w, https:\/\/universomola.com\/wp-content\/uploads\/2018\/11\/Captura31.png 593w\" data-sizes=\"(max-width: 593px) 100vw, 593px\" src=\"data:image\/svg+xml;base64,PHN2ZyB3aWR0aD0iMSIgaGVpZ2h0PSIxIiB4bWxucz0iaHR0cDovL3d3dy53My5vcmcvMjAwMC9zdmciPjwvc3ZnPg==\" style=\"--smush-placeholder-width: 593px; --smush-placeholder-aspect-ratio: 593\/268;\" \/><\/p>\n<p><span style=\"font-weight: 400; color: #999999;\">Fotos cortes\u00eda de Instagram @Inner.uy<\/span><\/p>\n<p><span style=\"color: #d62b2b;\"><b>INNER- URUGUAY<\/b><\/span><\/p>\n<p><span style=\"font-weight: 400;\">Marca indumentaria femenina, hecho <\/span><b>100% a mano<\/b><span style=\"font-weight: 400;\"> de forma local y con la mejor calidad de materiales.<\/span><\/p>\n<p><span style=\"font-weight: 400;\">Recomendamos sus conjuntos de la nueva colecci\u00f3n de Primavera\/Verano para vestir consciente sin perder <\/span><b>estilo<\/b><span style=\"font-weight: 400;\"> de dia y de noche.<\/span><\/p>\n<p><span style=\"font-weight: 400;\">Descubre m\u00e1s de la colecci\u00f3n <\/span><b>INNER<\/b><span style=\"font-weight: 400;\"> en <\/span><span style=\"color: #33cccc;\"><a style=\"color: #33cccc;\" href=\"https:\/\/www.instagram.com\/inner.uy\/?hl=es-la\"><b>https:\/\/www.instagram.com\/inner.uy\/?hl=es-la<\/b><\/a><\/span><\/p>\n<p><img decoding=\"async\" class=\"alignnone size-full wp-image-5068 lazyload\" data-src=\"http:\/\/desarrollosdeprueba.xyz\/universo_mola\/wp-content\/uploads\/2018\/11\/Captura32.png\" alt=\"\" width=\"590\" height=\"229\" data-srcset=\"https:\/\/universomola.com\/wp-content\/uploads\/2018\/11\/Captura32-200x78.png 200w, https:\/\/universomola.com\/wp-content\/uploads\/2018\/11\/Captura32-300x116.png 300w, https:\/\/universomola.com\/wp-content\/uploads\/2018\/11\/Captura32-400x155.png 400w, https:\/\/universomola.com\/wp-content\/uploads\/2018\/11\/Captura32-500x194.png 500w, https:\/\/universomola.com\/wp-content\/uploads\/2018\/11\/Captura32.png 590w\" data-sizes=\"(max-width: 590px) 100vw, 590px\" src=\"data:image\/svg+xml;base64,PHN2ZyB3aWR0aD0iMSIgaGVpZ2h0PSIxIiB4bWxucz0iaHR0cDovL3d3dy53My5vcmcvMjAwMC9zdmciPjwvc3ZnPg==\" style=\"--smush-placeholder-width: 590px; --smush-placeholder-aspect-ratio: 590\/229;\" \/><\/p>\n<p><span style=\"font-weight: 400; color: #999999;\">Fotos cortes\u00eda de Facebook GetWild<\/span><\/p>\n<p><span style=\"color: #d62b2b;\"><b>GETWILD &#8211; ARGENTINA<\/b><\/span><\/p>\n<p><span style=\"font-weight: 400;\">L\u00ednea de indumentaria y accesorios org\u00e1nicos hechos a partir de la <\/span><b>fibra natural de la ca\u00f1a de bamb\u00fa<\/b><span style=\"font-weight: 400;\">.\u00a0 Una colecci\u00f3n de b\u00e1sicos para mujeres, hombres y ni\u00f1os.<\/span><\/p>\n<p><span style=\"font-weight: 400;\">Recomendamos sus remeras porque son <\/span><b>hipoalerg\u00e9nicas<\/b><span style=\"font-weight: 400;\">,\u00a0 resisten altas temperaturas (contienen <\/span><b>filtro UV<\/b><span style=\"font-weight: 400;\">), absorben cuatro veces m\u00e1s transpiraci\u00f3n que una remera de algod\u00f3n y son extremadamente suaves.<\/span><\/p>\n<p><span style=\"font-weight: 400;\">Descubre mas de la colecci\u00f3n en su<\/span><b> Eshop<\/b><span style=\"font-weight: 400;\">: <\/span><span style=\"color: #33cccc;\"><a style=\"color: #33cccc;\" href=\"https:\/\/www.getwild.com.ar\/\"><b>https:\/\/www.getwild.com.ar\/<\/b><\/a><\/span><\/p>\n<p><img decoding=\"async\" class=\"alignnone size-full wp-image-5069 lazyload\" data-src=\"http:\/\/desarrollosdeprueba.xyz\/universo_mola\/wp-content\/uploads\/2018\/11\/Captura33.png\" alt=\"\" width=\"567\" height=\"262\" data-srcset=\"https:\/\/universomola.com\/wp-content\/uploads\/2018\/11\/Captura33-200x92.png 200w, https:\/\/universomola.com\/wp-content\/uploads\/2018\/11\/Captura33-300x139.png 300w, https:\/\/universomola.com\/wp-content\/uploads\/2018\/11\/Captura33-400x185.png 400w, https:\/\/universomola.com\/wp-content\/uploads\/2018\/11\/Captura33-500x231.png 500w, https:\/\/universomola.com\/wp-content\/uploads\/2018\/11\/Captura33.png 567w\" data-sizes=\"(max-width: 567px) 100vw, 567px\" src=\"data:image\/svg+xml;base64,PHN2ZyB3aWR0aD0iMSIgaGVpZ2h0PSIxIiB4bWxucz0iaHR0cDovL3d3dy53My5vcmcvMjAwMC9zdmciPjwvc3ZnPg==\" style=\"--smush-placeholder-width: 567px; --smush-placeholder-aspect-ratio: 567\/262;\" \/><\/p>\n<p><span style=\"font-weight: 400; color: #999999;\">Fotos cortes\u00eda de Instagram @Telare.cl<\/span><\/p>\n<p><span style=\"color: #d62b2b;\"><b>TELARE &#8211; CHILE<\/b><\/span><\/p>\n<p><b>Upcycling<\/b><span style=\"font-weight: 400;\"> de prendas y accesorios hechos a partir de <\/span><b>descartes textiles<\/b><span style=\"font-weight: 400;\">. Telare reutiliza telas y retazos en desuso, creando nuevos tejidos a trav\u00e9s del <\/span><b>telar<\/b><span style=\"font-weight: 400;\">.<\/span><\/p>\n<p><span style=\"font-weight: 400;\">Recomendados sus vestidos y bolsos <\/span><b>100% reciclados<\/b><span style=\"font-weight: 400;\">, \u00fanicos y con mucha actitud!<\/span><\/p>\n<p><b>Descubre m\u00e1s de la colecci\u00f3n en<\/b><span style=\"color: #33cccc;\"><a style=\"color: #33cccc;\" href=\"https:\/\/www.instagram.com\/telare.cl\/\"> <b>https:\/\/www.instagram.com\/telare.cl\/<\/b><\/a><\/span><\/p>\n<p><img decoding=\"async\" class=\"alignnone size-full wp-image-5070 lazyload\" data-src=\"http:\/\/desarrollosdeprueba.xyz\/universo_mola\/wp-content\/uploads\/2018\/11\/Captura34.png\" alt=\"\" width=\"584\" height=\"314\" data-srcset=\"https:\/\/universomola.com\/wp-content\/uploads\/2018\/11\/Captura34-200x108.png 200w, https:\/\/universomola.com\/wp-content\/uploads\/2018\/11\/Captura34-300x161.png 300w, https:\/\/universomola.com\/wp-content\/uploads\/2018\/11\/Captura34-400x215.png 400w, https:\/\/universomola.com\/wp-content\/uploads\/2018\/11\/Captura34-500x269.png 500w, https:\/\/universomola.com\/wp-content\/uploads\/2018\/11\/Captura34.png 584w\" data-sizes=\"(max-width: 584px) 100vw, 584px\" src=\"data:image\/svg+xml;base64,PHN2ZyB3aWR0aD0iMSIgaGVpZ2h0PSIxIiB4bWxucz0iaHR0cDovL3d3dy53My5vcmcvMjAwMC9zdmciPjwvc3ZnPg==\" style=\"--smush-placeholder-width: 584px; --smush-placeholder-aspect-ratio: 584\/314;\" \/><\/p>\n<p><span style=\"font-weight: 400; color: #999999;\">Fotos cortes\u00eda de Instagram @chain_sustainable<\/span><\/p>\n<p><span style=\"color: #d62b2b;\"><b>CHAIN &#8211; ARGENTINA<\/b><\/span><\/p>\n<p><span style=\"font-weight: 400;\">Firma argentina <\/span><b>zero waste<\/b><span style=\"font-weight: 400;\">, con dise\u00f1os hechos a mano y comprometida a ser 100% sostenible. Telas y <\/span><b>tinturas org\u00e1nicas<\/b><span style=\"font-weight: 400;\"> caracterizan a cada prenda CHAIN.<\/span><\/p>\n<p><span style=\"font-weight: 400;\">\u201cTratarlo con amor, arreglala cuando se rompa y compostala cuando dejes de usarla\u201d &#8211; Bordado en cada prenda CHAIN.<\/span><\/p>\n<p><span style=\"font-weight: 400;\">Recomendamos su \u00faltima colecci\u00f3n \u201c Los Feriantes\u201d &#8211; <\/span><b>genderless<\/b><span style=\"font-weight: 400;\">&#8211; en colores pastel logrado a partir de tintas naturales provenientes de alimentos en desuso y con calces sueltos y transparencias, ideales para vestir este verano.<\/span><\/p>\n<p><b>Descubre m\u00e1s de la colecci\u00f3n en<\/b><span style=\"color: #33cccc;\"><a style=\"color: #33cccc;\" href=\"https:\/\/chain.com.ar\/\"> <b>https:\/\/chain.com.ar\/<\/b><\/a><\/span><\/p>\n<p><img decoding=\"async\" class=\"alignnone size-full wp-image-5071 lazyload\" data-src=\"http:\/\/desarrollosdeprueba.xyz\/universo_mola\/wp-content\/uploads\/2018\/11\/Captura35.png\" alt=\"\" width=\"568\" height=\"298\" data-srcset=\"https:\/\/universomola.com\/wp-content\/uploads\/2018\/11\/Captura35-200x105.png 200w, https:\/\/universomola.com\/wp-content\/uploads\/2018\/11\/Captura35-300x157.png 300w, https:\/\/universomola.com\/wp-content\/uploads\/2018\/11\/Captura35-400x210.png 400w, https:\/\/universomola.com\/wp-content\/uploads\/2018\/11\/Captura35-500x262.png 500w, https:\/\/universomola.com\/wp-content\/uploads\/2018\/11\/Captura35.png 568w\" data-sizes=\"(max-width: 568px) 100vw, 568px\" src=\"data:image\/svg+xml;base64,PHN2ZyB3aWR0aD0iMSIgaGVpZ2h0PSIxIiB4bWxucz0iaHR0cDovL3d3dy53My5vcmcvMjAwMC9zdmciPjwvc3ZnPg==\" style=\"--smush-placeholder-width: 568px; --smush-placeholder-aspect-ratio: 568\/298;\" \/><\/p>\n<p><span style=\"font-weight: 400; color: #999999;\">Fotos cortes\u00eda de Facebook Maria Bouvier<\/span><\/p>\n<p><span style=\"color: #d62b2b;\"><b>MARIA BOUVIER &#8211; URUGUAY<\/b><\/span><\/p>\n<p><span style=\"font-weight: 400;\">Marca indumentaria femenina hecha en <\/span><b>100%<\/b> <b>algod\u00f3n org\u00e1nico certificado<\/b><span style=\"font-weight: 400;\"> y coloreada con tintes naturales hechas <\/span><b>a mano<\/b><span style=\"font-weight: 400;\"> y de forma local.<\/span><\/p>\n<p><span style=\"font-weight: 400;\">Sus prendas son atemporales y presentan estampas a partir flores y plantas en desuso.<\/span><\/p>\n<p><span style=\"font-weight: 400;\">Recomendamos sus b\u00e1sicos: camisas y faldas con una molder\u00eda original y detalles que las hacen \u00fanicas.<\/span><\/p>\n<p><span style=\"font-weight: 400;\">Descubre m\u00e1s de la colecci\u00f3n MARIA BOUVIER en <\/span><span style=\"color: #33cccc;\"><a style=\"color: #33cccc;\" href=\"https:\/\/www.mariabouvier.com\/\"><b>https:\/\/www.mariabouvier.com\/<\/b><\/a><\/span><\/p>\n<p><span style=\"font-weight: 400;\">\u00a0<\/span><\/p>\n<\/div><\/div><\/div><\/div><\/div>","protected":false},"excerpt":{"rendered":"<p>Lorem ipsum dolor sit amet, consectetur adipiscing elit. Nam pharetra dictum eleifend. Sed posuere magna at luctus pretium. Aliquam ligula sem, aliquet sit amet nisi ac, dignissim porta ipsum.<\/p>","protected":false},"author":9,"featured_media":5074,"comment_status":"open","ping_status":"open","sticky":false,"template":"","format":"standard","meta":{"_monsterinsights_skip_tracking":false,"_monsterinsights_sitenote_active":false,"_monsterinsights_sitenote_note":"","_monsterinsights_sitenote_category":0,"footnotes":""},"categories":[40],"tags":[93,91,95,89,48,92,47,96,88],"class_list":["post-5072","post","type-post","status-publish","format-standard","has-post-thumbnail","hentry","category-blog","tag-disenadores-sostenibles","tag-ethical-fashion","tag-innovacion","tag-moda-etica","tag-moda-latina","tag-moda-latinoamericana","tag-moda-sostenible","tag-moda-sustentable","tag-universo-mola"],"_links":{"self":[{"href":"https:\/\/universomola.com\/en\/wp-json\/wp\/v2\/posts\/5072","targetHints":{"allow":["GET"]}}],"collection":[{"href":"https:\/\/universomola.com\/en\/wp-json\/wp\/v2\/posts"}],"about":[{"href":"https:\/\/universomola.com\/en\/wp-json\/wp\/v2\/types\/post"}],"author":[{"embeddable":true,"href":"https:\/\/universomola.com\/en\/wp-json\/wp\/v2\/users\/9"}],"replies":[{"embeddable":true,"href":"https:\/\/universomola.com\/en\/wp-json\/wp\/v2\/comments?post=5072"}],"version-history":[{"count":1,"href":"https:\/\/universomola.com\/en\/wp-json\/wp\/v2\/posts\/5072\/revisions"}],"predecessor-version":[{"id":5075,"href":"https:\/\/universomola.com\/en\/wp-json\/wp\/v2\/posts\/5072\/revisions\/5075"}],"wp:featuredmedia":[{"embeddable":true,"href":"https:\/\/universomola.com\/en\/wp-json\/wp\/v2\/media\/5074"}],"wp:attachment":[{"href":"https:\/\/universomola.com\/en\/wp-json\/wp\/v2\/media?parent=5072"}],"wp:term":[{"taxonomy":"category","embeddable":true,"href":"https:\/\/universomola.com\/en\/wp-json\/wp\/v2\/categories?post=5072"},{"taxonomy":"post_tag","embeddable":true,"href":"https:\/\/universomola.com\/en\/wp-json\/wp\/v2\/tags?post=5072"}],"curies":[{"name":"wp","href":"https:\/\/api.w.org\/{rel}","templated":true}]}}