{"id":5076,"date":"2018-12-19T19:46:58","date_gmt":"2018-12-19T22:46:58","guid":{"rendered":"http:\/\/desarrollosdeprueba.xyz\/universo_mola\/?p=5076"},"modified":"2021-08-07T19:34:13","modified_gmt":"2021-08-07T22:34:13","slug":"tres-marcas-uruguayas-en-eco-fashion-week-australia","status":"publish","type":"post","link":"https:\/\/universomola.com\/en\/tres-marcas-uruguayas-en-eco-fashion-week-australia\/","title":{"rendered":"TRES MARCAS URUGUAYAS EN ECO FASHION WEEK AUSTRALIA"},"content":{"rendered":"<div class=\"fusion-fullwidth fullwidth-box fusion-builder-row-1 fusion-flex-container nonhundred-percent-fullwidth non-hundred-percent-height-scrolling\" style=\"--awb-border-radius-top-left:0px;--awb-border-radius-top-right:0px;--awb-border-radius-bottom-right:0px;--awb-border-radius-bottom-left:0px;--awb-flex-wrap:wrap;\" ><div class=\"fusion-builder-row fusion-row fusion-flex-align-items-flex-start fusion-flex-content-wrap\" style=\"max-width:1248px;margin-left: calc(-4% \/ 2 );margin-right: calc(-4% \/ 2 );\"><div class=\"fusion-layout-column fusion_builder_column fusion-builder-column-0 fusion_builder_column_1_1 1_1 fusion-flex-column\" style=\"--awb-bg-size:cover;--awb-width-large:100%;--awb-margin-top-large:0px;--awb-spacing-right-large:1.92%;--awb-margin-bottom-large:0px;--awb-spacing-left-large:1.92%;--awb-width-medium:100%;--awb-spacing-right-medium:1.92%;--awb-spacing-left-medium:1.92%;--awb-width-small:100%;--awb-spacing-right-small:1.92%;--awb-spacing-left-small:1.92%;\"><div class=\"fusion-column-wrapper fusion-flex-justify-content-flex-start fusion-content-layout-column\"><div class=\"fusion-text fusion-text-1\"><p><em><span style=\"color: #33cccc;\">Escrito por: Noticias de Universo MOLA<\/span><\/em><\/p>\n<p><b>AM\u00c9RICA LATINA Y MOLA FUERON REPRESENTADAS POR TRES MARCAS DE MODA SOSTENIBLE URUGUAYAS EN ECO FASHION WEEK AUSTRALIA<\/b><\/p>\n<p><span style=\"font-weight: 400;\">Although often grouped together, <\/span><b>hub internacional de moda sostenible latinoamericana MOLA<\/b><span style=\"font-weight: 400;\"> program, of the <\/span><span style=\"color: #000000;\"><a style=\"color: #000000;\" href=\"http:\/\/www.entresolesylunas.org\/\"><span style=\"font-weight: 400;\">Entre Soles y Lunas Foundation<\/span><\/a><\/span><span style=\"font-weight: 400;\"> est\u00e1 creando una red para que las marcas que pertenecen al mismo se visibilicen en plataformas internacionales.\u00a0<\/span><\/p>\n<p><span style=\"font-weight: 400;\">El pasado Noviembre de 2018, <\/span><span style=\"color: #33cccc;\"><span style=\"font-weight: 400;\">GAIA<\/span><span style=\"font-weight: 400;\">, <\/span><span style=\"font-weight: 400;\">Cerrito de Indios <\/span><\/span><span style=\"font-weight: 400;\">and <\/span><span style=\"font-weight: 400; color: #33cccc;\">Maria Bouvier<\/span><span style=\"font-weight: 400;\">, tres marcas de moda sostenible uruguaya con una identidad \u00fanica tuvieron la posibilidad de presentar sus prendas en tres ocasiones de la referente <\/span><span style=\"font-weight: 400; color: #33cccc;\">Eco Fashion Week Australia<\/span><span style=\"font-weight: 400;\"> gracias a los puentes creados por MOLA. El evento tuvo lugar en dos puntos geogr\u00e1ficos distintos de Australia: Port Douglas y Perth.\u00a0<\/span><\/p>\n<p><img decoding=\"async\" class=\"alignnone size-full wp-image-5078 lazyload\" data-src=\"http:\/\/desarrollosdeprueba.xyz\/universo_mola\/wp-content\/uploads\/2021\/08\/Captura36.png\" alt=\"\" width=\"256\" height=\"450\" data-srcset=\"https:\/\/universomola.com\/wp-content\/uploads\/2021\/08\/Captura36-171x300.png 171w, https:\/\/universomola.com\/wp-content\/uploads\/2021\/08\/Captura36-200x352.png 200w, https:\/\/universomola.com\/wp-content\/uploads\/2021\/08\/Captura36.png 256w\" data-sizes=\"(max-width: 256px) 100vw, 256px\" src=\"data:image\/svg+xml;base64,PHN2ZyB3aWR0aD0iMSIgaGVpZ2h0PSIxIiB4bWxucz0iaHR0cDovL3d3dy53My5vcmcvMjAwMC9zdmciPjwvc3ZnPg==\" style=\"--smush-placeholder-width: 256px; --smush-placeholder-aspect-ratio: 256\/450;\" \/><\/p>\n<p><b>GAIA<\/b><span style=\"font-weight: 400;\">, con sus prendas de alto cuidado basadas en el reciclado de hilados, la reutilizaci\u00f3n de textiles y el trabajo con artesanos y materias primas nobles, impactaron con su est\u00e9tica llamativa e innovadora. <\/span><b>Maria Bouvier<\/b><span style=\"font-weight: 400;\">, con sus siluetas femeninas y transgresoras, sus costuras y molder\u00eda impoluta y especialmente, por sus te\u00f1idos naturales y materias primas naturales, se llev\u00f3 los corazones de los asistentes de EFWA. El equilibrio perfecto de este grupo de prendas latinoamericanas se logr\u00f3 con la presencia de <\/span><b>Cerrito de Indios<\/b><span style=\"font-weight: 400;\">, quienes se destacaron por sus siluetas descontracturadas y particularmente por sus te\u00f1idos de eco-print con flora nativa uruguaya y sus colores org\u00e1nicos. <\/span><\/p>\n<p><img decoding=\"async\" class=\"alignnone size-full wp-image-5077 lazyload\" data-src=\"http:\/\/desarrollosdeprueba.xyz\/universo_mola\/wp-content\/uploads\/2021\/08\/Captura37.png\" alt=\"\" width=\"421\" height=\"389\" data-srcset=\"https:\/\/universomola.com\/wp-content\/uploads\/2021\/08\/Captura37-200x185.png 200w, https:\/\/universomola.com\/wp-content\/uploads\/2021\/08\/Captura37-300x277.png 300w, https:\/\/universomola.com\/wp-content\/uploads\/2021\/08\/Captura37-400x370.png 400w, https:\/\/universomola.com\/wp-content\/uploads\/2021\/08\/Captura37.png 421w\" data-sizes=\"(max-width: 421px) 100vw, 421px\" src=\"data:image\/svg+xml;base64,PHN2ZyB3aWR0aD0iMSIgaGVpZ2h0PSIxIiB4bWxucz0iaHR0cDovL3d3dy53My5vcmcvMjAwMC9zdmciPjwvc3ZnPg==\" style=\"--smush-placeholder-width: 421px; --smush-placeholder-aspect-ratio: 421\/389;\" \/><\/p>\n<p><img decoding=\"async\" class=\"alignnone size-full wp-image-5079 lazyload\" data-src=\"http:\/\/desarrollosdeprueba.xyz\/universo_mola\/wp-content\/uploads\/2021\/08\/Captura38.png\" alt=\"\" width=\"229\" height=\"408\" data-srcset=\"https:\/\/universomola.com\/wp-content\/uploads\/2021\/08\/Captura38-168x300.png 168w, https:\/\/universomola.com\/wp-content\/uploads\/2021\/08\/Captura38-200x356.png 200w, https:\/\/universomola.com\/wp-content\/uploads\/2021\/08\/Captura38.png 229w\" data-sizes=\"(max-width: 229px) 100vw, 229px\" src=\"data:image\/svg+xml;base64,PHN2ZyB3aWR0aD0iMSIgaGVpZ2h0PSIxIiB4bWxucz0iaHR0cDovL3d3dy53My5vcmcvMjAwMC9zdmciPjwvc3ZnPg==\" style=\"--smush-placeholder-width: 229px; --smush-placeholder-aspect-ratio: 229\/408;\" \/><\/p>\n<p><span style=\"font-weight: 400;\">Seg\u00fan la organizaci\u00f3n de EFWA, la colecci\u00f3n curada de MOLA conformada por 6 outfits de estas tres marcas uruguayas fue \u201ctan hermosa como consciente\u201d. Las tres pasarelas fueron un explosi\u00f3n de color y trabajo hecho a mano.<\/span><\/p>\n<p><img decoding=\"async\" class=\"alignnone size-full wp-image-5080 lazyload\" data-src=\"http:\/\/desarrollosdeprueba.xyz\/universo_mola\/wp-content\/uploads\/2021\/08\/Captura39.png\" alt=\"\" width=\"262\" height=\"461\" data-srcset=\"https:\/\/universomola.com\/wp-content\/uploads\/2021\/08\/Captura39-170x300.png 170w, https:\/\/universomola.com\/wp-content\/uploads\/2021\/08\/Captura39-200x352.png 200w, https:\/\/universomola.com\/wp-content\/uploads\/2021\/08\/Captura39.png 262w\" data-sizes=\"(max-width: 262px) 100vw, 262px\" src=\"data:image\/svg+xml;base64,PHN2ZyB3aWR0aD0iMSIgaGVpZ2h0PSIxIiB4bWxucz0iaHR0cDovL3d3dy53My5vcmcvMjAwMC9zdmciPjwvc3ZnPg==\" style=\"--smush-placeholder-width: 262px; --smush-placeholder-aspect-ratio: 262\/461;\" \/><\/p>\n<\/div><\/div><\/div><\/div><\/div>","protected":false},"excerpt":{"rendered":"<p>Lorem ipsum dolor sit amet, consectetur adipiscing elit. Nam pharetra dictum eleifend. Sed posuere magna at luctus pretium. Aliquam ligula sem, aliquet sit amet nisi ac, dignissim porta ipsum.<\/p>","protected":false},"author":9,"featured_media":5099,"comment_status":"open","ping_status":"open","sticky":false,"template":"","format":"standard","meta":{"_monsterinsights_skip_tracking":false,"_monsterinsights_sitenote_active":false,"_monsterinsights_sitenote_note":"","_monsterinsights_sitenote_category":0,"footnotes":""},"categories":[40],"tags":[93,91,95,89,48,92,47,96,90,88],"class_list":["post-5076","post","type-post","status-publish","format-standard","has-post-thumbnail","hentry","category-blog","tag-disenadores-sostenibles","tag-ethical-fashion","tag-innovacion","tag-moda-etica","tag-moda-latina","tag-moda-latinoamericana","tag-moda-sostenible","tag-moda-sustentable","tag-sustainable","tag-universo-mola"],"_links":{"self":[{"href":"https:\/\/universomola.com\/en\/wp-json\/wp\/v2\/posts\/5076","targetHints":{"allow":["GET"]}}],"collection":[{"href":"https:\/\/universomola.com\/en\/wp-json\/wp\/v2\/posts"}],"about":[{"href":"https:\/\/universomola.com\/en\/wp-json\/wp\/v2\/types\/post"}],"author":[{"embeddable":true,"href":"https:\/\/universomola.com\/en\/wp-json\/wp\/v2\/users\/9"}],"replies":[{"embeddable":true,"href":"https:\/\/universomola.com\/en\/wp-json\/wp\/v2\/comments?post=5076"}],"version-history":[{"count":1,"href":"https:\/\/universomola.com\/en\/wp-json\/wp\/v2\/posts\/5076\/revisions"}],"predecessor-version":[{"id":5082,"href":"https:\/\/universomola.com\/en\/wp-json\/wp\/v2\/posts\/5076\/revisions\/5082"}],"wp:featuredmedia":[{"embeddable":true,"href":"https:\/\/universomola.com\/en\/wp-json\/wp\/v2\/media\/5099"}],"wp:attachment":[{"href":"https:\/\/universomola.com\/en\/wp-json\/wp\/v2\/media?parent=5076"}],"wp:term":[{"taxonomy":"category","embeddable":true,"href":"https:\/\/universomola.com\/en\/wp-json\/wp\/v2\/categories?post=5076"},{"taxonomy":"post_tag","embeddable":true,"href":"https:\/\/universomola.com\/en\/wp-json\/wp\/v2\/tags?post=5076"}],"curies":[{"name":"wp","href":"https:\/\/api.w.org\/{rel}","templated":true}]}}