{"id":5091,"date":"2019-01-15T21:17:32","date_gmt":"2019-01-16T00:17:32","guid":{"rendered":"http:\/\/desarrollosdeprueba.xyz\/universo_mola\/?p=5091"},"modified":"2021-08-07T21:22:35","modified_gmt":"2021-08-08T00:22:35","slug":"nueva-vuelta-al-sol-hola-2019","status":"publish","type":"post","link":"https:\/\/universomola.com\/en\/nueva-vuelta-al-sol-hola-2019\/","title":{"rendered":"NUEVA VUELTA AL SOL &#8211; \u00a1HOLA 2019!"},"content":{"rendered":"<div class=\"fusion-fullwidth fullwidth-box fusion-builder-row-1 fusion-flex-container nonhundred-percent-fullwidth non-hundred-percent-height-scrolling\" style=\"--awb-border-radius-top-left:0px;--awb-border-radius-top-right:0px;--awb-border-radius-bottom-right:0px;--awb-border-radius-bottom-left:0px;--awb-flex-wrap:wrap;\" ><div class=\"fusion-builder-row fusion-row fusion-flex-align-items-flex-start fusion-flex-content-wrap\" style=\"max-width:1248px;margin-left: calc(-4% \/ 2 );margin-right: calc(-4% \/ 2 );\"><div class=\"fusion-layout-column fusion_builder_column fusion-builder-column-0 fusion_builder_column_1_1 1_1 fusion-flex-column\" style=\"--awb-bg-size:cover;--awb-width-large:100%;--awb-margin-top-large:0px;--awb-spacing-right-large:1.92%;--awb-margin-bottom-large:0px;--awb-spacing-left-large:1.92%;--awb-width-medium:100%;--awb-spacing-right-medium:1.92%;--awb-spacing-left-medium:1.92%;--awb-width-small:100%;--awb-spacing-right-small:1.92%;--awb-spacing-left-small:1.92%;\"><div class=\"fusion-column-wrapper fusion-flex-justify-content-flex-start fusion-content-layout-column\"><div class=\"fusion-text fusion-text-1\"><p><em><span style=\"color: #33cccc;\">Escrito por: Noticias de Universo MOLA<\/span><\/em><\/p>\n<p><span style=\"color: #999999;\"><span style=\"font-weight: 400;\">By <\/span><b>Valentina Su\u00e1rez<\/b><span style=\"font-weight: 400;\">, Directora MOLA<\/span><\/span><\/p>\n<p><span style=\"font-weight: 400;\">Desde hace un tiempo aparecieron en el radar de nuestros d\u00edas, las palabras sostenible, sustentable, \u00e9tico, especialmente en el ecosistema de la industria textil y moda. Algunos se jactan de estas palabras y conceptos cuasi grandilocuentes para establecer una discriminaci\u00f3n cultural en los estilos de vida; otros, intentan ser parte de este movimiento de una forma natural, casi intuitiva, por creencia y por decisi\u00f3n propia.\u00a0\u00a0<\/span><\/p>\n<p><span style=\"font-weight: 400;\">Hablamos de <\/span><i><span style=\"font-weight: 400;\">consciencia<\/span><\/i><span style=\"font-weight: 400;\">, pero qu\u00e9 concepto dif\u00edcil de explicar. \u00bfUstedes han intentado explicarle a un ni\u00f1o qu\u00e9 es? Yo s\u00ed, y creanme que no es f\u00e1cil. Es ah\u00ed cuando entra mi gran cuestionamiento: si algo tan habitual es tan dif\u00edcil de explicar, \u00bfc\u00f3mo pretendemos que todos adhiramos a esta nueva ola de humanismo? Como quien no quiere la cosa (y porque es mi trabajo), me encuentro ac\u00e1 sentada, escribiendo para todos ustedes la explicaci\u00f3n de <\/span><b>qu\u00e9 es moda sostenible<\/b><span style=\"font-weight: 400;\"> en espa\u00f1ol, es decir, <\/span><i><span style=\"font-weight: 400;\">para que todos entiendan.<\/span><\/i><span style=\"font-weight: 400;\"> Ya me dir\u00e1n despu\u00e9s si logr\u00e9 el cometido.\u00a0<\/span><\/p>\n<p><span style=\"font-weight: 400;\">Para entenderlo mejor, voy a explicar los conceptos de menor a mayor.\u00a0<\/span><\/p>\n<p><b>Sostenibilidad en moda<\/b><\/p>\n<p><span style=\"font-weight: 400;\">Sostenibilidad, es la habilidad de sostener. S\u00ed, as\u00ed de simple. Ahora, sostener qu\u00e9 y c\u00f3mo, esa es la pregunta. La idea general trata de poder mantener un producto o negocio (en el caso de la moda) a lo largo del tiempo sin afectar negativamente el medio ambiente o las personas, y mucho menos la econom\u00eda, para que generaciones futuras puedan gozar de lo mismo. Pens\u00e9moslo al rev\u00e9s, si tenemos un negocio cuya materia prima es la madera, y no somos conscientes &#8211; ojo al t\u00e9rmino &#8211; de que tenemos que cuidar esos arbolitos que nos est\u00e1n dando de qu\u00e9 vivir, va a llegar un momento en el que se acaben y ya no tengamos negocio.\u00a0<\/span><\/p>\n<p><span style=\"font-weight: 400;\">Ahora, la sostenibilidad empieza a ir m\u00e1s a fondo. Esa consciencia sobre el cuidado de los arbolitos trata sobre: si talas, planta m\u00e1s, no uses qu\u00edmicos, cuida la fauna y flora aut\u00f3ctona que rodea a esos arbolitos, cuida a las personas que trabajan con esos arbolitos (los arbolitos no se talan solos), y as\u00ed podr\u00eda seguir para que entiendan m\u00e1s el punto.\u00a0 En la moda, estamos hablando en el mismo idioma, solo que tenemos una industria que es un monstruo a nivel mundial, que utiliza muchos recursos y que empieza a tocar otras industrias (qu\u00edmica, agropecuaria, petrolera, entre otros). Imag\u00ednense que la industria textil y moda es un gran pulpo, pero casi como \u00darsula (de la Sirenita).\u00a0<\/span><\/p>\n<p><span style=\"font-weight: 400;\">Pong\u00e1monos serios, la industria textil y moda es la responsable hoy en d\u00eda del <\/span><b>10% de las emisiones de CO2<\/b><span style=\"font-weight: 400;\">, que si no hab\u00edas escuchado es el responsable del <\/span><i><span style=\"font-weight: 400;\">sobre<\/span><\/i><span style=\"font-weight: 400;\"> calentamiento global que estamos viviendo. S\u00ed, eso de que se derriten los polos es real. \u00bfPor qu\u00e9 es responsable? Piensen en las grandes f\u00e1bricas o en la cantidad de veces que las marcas de moda (r\u00e1pida) se les dio por quemar las sobras de prendas que no vendieron, en vez de donarlas o reciclarlas. Por otra parte, <\/span><i><span style=\"font-weight: 400;\">como para seguir d\u00e1ndoles datos interesantes, <\/span><\/i><span style=\"font-weight: 400;\">la industria tambi\u00e9n es la responsable del<\/span><b> 20% de los t\u00f3xicos que est\u00e1n en nuestros oc\u00e9anos<\/b><span style=\"font-weight: 400;\">, s\u00ed, los mismos que pasan a los pecesitos que despu\u00e9s tu tranquilamente te comes; y no, no es \u201csolo en los mares alrededor de Asia\u201d, porque aqu\u00ed es cuando te cuento que no solamente Bangladesh produce ropa. Mind blown? En Am\u00e9rica Latina tambi\u00e9n producimos, y mucho. Pero de eso hablar\u00e9 despu\u00e9s o en otra oportunidad.\u00a0<\/span><\/p>\n<p><b>Sostenibilidad para MOLA<\/b><\/p>\n<p><span style=\"font-weight: 400;\">Aqu\u00ed es cuando me pongo seria y les cuento la base de la creaci\u00f3n de MOLA. Resulta que despu\u00e9s de mucho investigar (#\u00f1o\u00f1a), llegamos a la conclusi\u00f3n y al concepto general de qu\u00e9 era para nosotros la sostenibilidad, y por qu\u00e9 era tan importante empezar a comunicarlo al mundo. Estamos hablando de algo mucho m\u00e1s transgresor que el upcycling o el reciclado, estamos hablando de un estilo de vida, de un comando de decisiones, de una consciencia que habla puramente en el mismo idioma. Algo as\u00ed como tener m\u00e1s activado el angelito que el diablito que nos habla a todos en los hombros.\u00a0<\/span><\/p>\n<p><span style=\"font-weight: 400;\">El Universo nos ha llevado a encontrarnos con m\u00e1s personas que, en alg\u00fan momento muy aleatorio de sus vidas, les hizo el famoso \u201cclick\u201d y \u201c\u00a1pum!\u201d ahora son m\u00e1s conscientes que antes, y lo mejor es que comparten la misma visi\u00f3n de la sostenibilidad que MOLA. Ya s\u00e9, estoy dando vueltas, pero quiero que entiendan el porqu\u00e9 de todo lo que estamos creando y la importancia de que se sumen. Eso de que muchos granitos de arena hacen playa, es 100% real.<\/span><\/p>\n<p><span style=\"font-weight: 400;\">Al punto. La sostenibilidad para MOLA &#8211; adem\u00e1s de ser un estilo de vida &#8211; <\/span><b>es la consciencia absoluta de saber que cualquier acci\u00f3n que realizamos tiene una consecuencia y por lo tanto una reacci\u00f3n en algo o alguien. <\/b><span style=\"font-weight: 400;\">\u00a1Bum! Ahi est\u00e1. La sostenibilidad &#8211; y perd\u00f3n por repetir tanto el t\u00e9rmino &#8211; es como <\/span><b>una mesa en forma de tri\u00e1ngulo<\/b><span style=\"font-weight: 400;\">: si una pata le falta, el equilibrio es insostenible (\u00bfvieron lo que hice ahi?) y por lo tanto se <\/span><b>desbalancea. <\/b><span style=\"font-weight: 400;\">Cada pata es algo muy importante: una se llama <\/span><b>econom\u00eda<\/b><span style=\"font-weight: 400;\">. Esta es una de las favoritas de los magnates, \u00bfno cierto? Pero tambi\u00e9n es algo muy importante para el crecimiento de los emprendimientos, lo esencial es saber que el dinero es un medio, mas no un fin.\u00a0 La otra pata es la <\/span><b>medioambiental<\/b><span style=\"font-weight: 400;\">, esta es la m\u00e1s conocida por todos y todas, es a la que m\u00e1s se le presta atenci\u00f3n y la que, de cierta manera, tiene mayor impacto medible. Es real que tenemos que cuidar nuestra naturaleza, seamos conscientes que la Tierra ha sido un regalo y que no es de absolutamente nadie. La ultima pata, y para mi, la que m\u00e1s tenemos que tener en cuenta hoy en d\u00eda (solo porque es la menos visible) es la <\/span><b>sociedad. <\/b><span style=\"font-weight: 400;\">Aqu\u00ed hablamos de no solo tener trabajadores con condiciones de vida dignas, sin explotaci\u00f3n, con un salario justo y todo esto que habla de la \u00e9tica de la moda, sino que tambi\u00e9n tenemos que pensar (desde el punto de vista del emprendedor o empresario) en que el producto que estemos ofreciendo le haga bien al consumidor final, porque ya saben, tambi\u00e9n es persona.\u00a0<\/span><\/p>\n<p><span style=\"font-weight: 400;\">Nosotros, desde MOLA, queremos que todos ustedes se empiecen a cuestionar sobre sus h\u00e1bitos diarios: \u00bfser\u00e1 que si me guardo el papel y lo tiro en la papelera cuando encuentre una, es mejor? \u00bfy si en vez de tirar este trapo viejo a la basura, lo lavo y hago un mu\u00f1equito? \u00bfy si llevo mi bolsa de tela reciclada u org\u00e1nica a la feria, as\u00ed no demando bolsas de pl\u00e1stico? \u00bfy si este jean que ya no me entra lo vuelvo almohad\u00f3n para mi hermano? Son cosas muy peque\u00f1as quiz\u00e1s, pero creanme, CREANME, hacen la diferencia. S\u00e9 que lo m\u00e1s complicado es dar el primer paso, pero es como empezar a entrenar, despu\u00e9s de unos d\u00edas, ya te acostumbras y te empiezas a sentir mejor contigo mismo.\u00a0<\/span><\/p>\n<p><span style=\"font-weight: 400;\">A fin de cuentas, todos queremos lo mejor para todos sin querer hacerle da\u00f1o a nadie, as\u00ed que apostemos por la sostenibilidad, por el Universo MOLA, y sean parte, realmente, de este gran movimiento. Yo lo invito de todo coraz\u00f3n, porque recuerden: <\/span><b>Am\u00e9rica Latina pa\u2019l mundo.<\/b><\/p>\n<\/div><\/div><\/div><\/div><\/div>","protected":false},"excerpt":{"rendered":"<p>Lorem ipsum dolor sit amet, consectetur adipiscing elit. Nam pharetra dictum eleifend. Sed posuere magna at luctus pretium. Aliquam ligula sem, aliquet sit amet nisi ac, dignissim porta ipsum.<\/p>","protected":false},"author":9,"featured_media":5157,"comment_status":"open","ping_status":"open","sticky":false,"template":"","format":"standard","meta":{"_monsterinsights_skip_tracking":false,"_monsterinsights_sitenote_active":false,"_monsterinsights_sitenote_note":"","_monsterinsights_sitenote_category":0,"footnotes":""},"categories":[40],"tags":[93,89,48,92,47,96,88],"class_list":["post-5091","post","type-post","status-publish","format-standard","has-post-thumbnail","hentry","category-blog","tag-disenadores-sostenibles","tag-moda-etica","tag-moda-latina","tag-moda-latinoamericana","tag-moda-sostenible","tag-moda-sustentable","tag-universo-mola"],"_links":{"self":[{"href":"https:\/\/universomola.com\/en\/wp-json\/wp\/v2\/posts\/5091","targetHints":{"allow":["GET"]}}],"collection":[{"href":"https:\/\/universomola.com\/en\/wp-json\/wp\/v2\/posts"}],"about":[{"href":"https:\/\/universomola.com\/en\/wp-json\/wp\/v2\/types\/post"}],"author":[{"embeddable":true,"href":"https:\/\/universomola.com\/en\/wp-json\/wp\/v2\/users\/9"}],"replies":[{"embeddable":true,"href":"https:\/\/universomola.com\/en\/wp-json\/wp\/v2\/comments?post=5091"}],"version-history":[{"count":1,"href":"https:\/\/universomola.com\/en\/wp-json\/wp\/v2\/posts\/5091\/revisions"}],"predecessor-version":[{"id":5159,"href":"https:\/\/universomola.com\/en\/wp-json\/wp\/v2\/posts\/5091\/revisions\/5159"}],"wp:featuredmedia":[{"embeddable":true,"href":"https:\/\/universomola.com\/en\/wp-json\/wp\/v2\/media\/5157"}],"wp:attachment":[{"href":"https:\/\/universomola.com\/en\/wp-json\/wp\/v2\/media?parent=5091"}],"wp:term":[{"taxonomy":"category","embeddable":true,"href":"https:\/\/universomola.com\/en\/wp-json\/wp\/v2\/categories?post=5091"},{"taxonomy":"post_tag","embeddable":true,"href":"https:\/\/universomola.com\/en\/wp-json\/wp\/v2\/tags?post=5091"}],"curies":[{"name":"wp","href":"https:\/\/api.w.org\/{rel}","templated":true}]}}