{"id":5094,"date":"2020-01-10T19:11:13","date_gmt":"2020-01-10T22:11:13","guid":{"rendered":"http:\/\/desarrollosdeprueba.xyz\/universo_mola\/?p=5094"},"modified":"2021-08-07T19:42:20","modified_gmt":"2021-08-07T22:42:20","slug":"instrumento-de-transformacion-social-y-ambiental","status":"publish","type":"post","link":"https:\/\/universomola.com\/en\/instrumento-de-transformacion-social-y-ambiental\/","title":{"rendered":"INSTRUMENTO DE TRANSFORMACI\u00d3N SOCIAL Y AMBIENTAL"},"content":{"rendered":"<div class=\"fusion-fullwidth fullwidth-box fusion-builder-row-1 fusion-flex-container nonhundred-percent-fullwidth non-hundred-percent-height-scrolling\" style=\"--awb-border-radius-top-left:0px;--awb-border-radius-top-right:0px;--awb-border-radius-bottom-right:0px;--awb-border-radius-bottom-left:0px;--awb-flex-wrap:wrap;\" ><div class=\"fusion-builder-row fusion-row fusion-flex-align-items-flex-start fusion-flex-content-wrap\" style=\"max-width:1248px;margin-left: calc(-4% \/ 2 );margin-right: calc(-4% \/ 2 );\"><div class=\"fusion-layout-column fusion_builder_column fusion-builder-column-0 fusion_builder_column_1_1 1_1 fusion-flex-column\" style=\"--awb-bg-size:cover;--awb-width-large:100%;--awb-margin-top-large:0px;--awb-spacing-right-large:1.92%;--awb-margin-bottom-large:0px;--awb-spacing-left-large:1.92%;--awb-width-medium:100%;--awb-spacing-right-medium:1.92%;--awb-spacing-left-medium:1.92%;--awb-width-small:100%;--awb-spacing-right-small:1.92%;--awb-spacing-left-small:1.92%;\"><div class=\"fusion-column-wrapper fusion-flex-justify-content-flex-start fusion-content-layout-column\"><div class=\"fusion-text fusion-text-1\"><p><span style=\"color: #33cccc;\"><em>Por Gabriela de Laurentis, Voz del #UniversoMOLA Brasi<\/em>l<\/span><\/p>\n<p>Instrumento de transformaci\u00f3n social y ambiental<\/p>\n<p>En el art\u00edculo de este mes, la marca <strong>Manari Eco<\/strong>, nos cuenta a trav\u00e9s de su gerente, <strong>Alberto Manari, tambi\u00e9n #VozMola Brasil, un poco del prop\u00f3sito y el trabajo que realizan con las comunidades y materiales nacionales<\/strong>, como el l\u00e1tex natural brasile\u00f1o y el tejido de Comunidades ind\u00edgenas amaz\u00f3nicas.<\/p>\n<p>Manari es una marca de<strong> bolsos y mochilas<\/strong> que viene con el deseo de emprender una empresa que marque la diferencia, utilizando <strong>la moda como instrumento de transformaci\u00f3n social y ambiental.<\/strong> El trabajo de Manari busca innovar en el uso <b>de materias primas como algod\u00f3n reciclado y lonas recicladas (con fibra de botellas de pl\u00e1stico\/\u201dpet\u201d), superficies de l\u00e1tex natural y semillas.<\/b> Su esencia es buscar la inclusi\u00f3n social y contribuir a la naturaleza, haciendo un mundo mejor un poco cada d\u00eda. Un objetivo importante, adem\u00e1s de la sostenibilidad, es el car\u00e1cter social de cada empresa.<\/p>\n<p><img decoding=\"async\" class=\"wp-image-5095 alignnone lazyload\" data-src=\"http:\/\/desarrollosdeprueba.xyz\/universo_mola\/wp-content\/uploads\/2021\/08\/1-1.png\" alt=\"\" width=\"522\" height=\"295\" data-srcset=\"https:\/\/universomola.com\/wp-content\/uploads\/2021\/08\/1-1-200x113.png 200w, https:\/\/universomola.com\/wp-content\/uploads\/2021\/08\/1-1-300x170.png 300w, https:\/\/universomola.com\/wp-content\/uploads\/2021\/08\/1-1-400x226.png 400w, https:\/\/universomola.com\/wp-content\/uploads\/2021\/08\/1-1.png 465w\" data-sizes=\"(max-width: 522px) 100vw, 522px\" src=\"data:image\/svg+xml;base64,PHN2ZyB3aWR0aD0iMSIgaGVpZ2h0PSIxIiB4bWxucz0iaHR0cDovL3d3dy53My5vcmcvMjAwMC9zdmciPjwvc3ZnPg==\" style=\"--smush-placeholder-width: 522px; --smush-placeholder-aspect-ratio: 522\/295;\" \/><\/p>\n<p>La preocupaci\u00f3n de Manari por el planeta est\u00e1 necesariamente vinculada a quienes producen, sus condiciones y medios. <strong>Abordar la desigualdad de g\u00e9nero, difundir habilidades para mejorar los ingresos y permitir el acceso al mercado<\/strong> de manera digna son objetivos importantes, de los cuales la moda necesita cada vez m\u00e1s para convertirse en un instrumento de transformaci\u00f3n social y ambiental, cuidando el planeta. sin olvidar las comunidades.<\/p>\n<p><strong>Manari busca, a trav\u00e9s de sus creaciones, utilizar materiales respetuosos con el medio ambiente pero adem\u00e1s buscando apoyar a artesanos y mano de obra de regiones desfavorecidas<\/strong>. En Brasil, en R\u00edo de Janeiro m\u00e1s espec\u00edficamente, adem\u00e1s de la conocida Copacabana, hay en los suburbios, profesionales que necesitan capacitaci\u00f3n (en dise\u00f1o, orientaci\u00f3n en el proceso de fabricaci\u00f3n, gesti\u00f3n empresarial, etc.) y a trav\u00e9s de proyectos que se busca ayudarlos. A menudo son a trav\u00e9s de familias en comunidades marginadas, a menudo rodeadas de violencia, saneamiento deficiente, encabezadas por mujeres siempre en aras de la difusi\u00f3n del conocimiento.<\/p>\n<p>Lo mismo se aplica a los proveedores de las<strong> comunidades amaz\u00f3nicas<\/strong> de donde proviene el l\u00e1tex natural que usa la marca (sin ning\u00fan uso de refinaci\u00f3n de petr\u00f3leo), as\u00ed como el trabajo de l<strong>os tejedores ind\u00edgenas Mawapey Kaxinaw\u00e1<\/strong>. Tanto em R\u00edo de Janeiro como em Amazonia son mujeres l\u00edderes de sus familias o comunidades y apoyar su empoderamiento es una misi\u00f3n muy importante. En Acre, el estado amaz\u00f3nico brasile\u00f1o, hay comunidades agro-extractivas que explotan el bosque de manera sostenible mediante la cosecha de l\u00e1tex y el procesamiento de una manera que preserva el medio ambiente, en resumen, actuando en una verdadera econom\u00eda verde. Los proveedores de este material son de Epitaciol\u00e2ndia, un municipio brasile\u00f1o en el interior del estado de Acre, en el norte del pa\u00eds, cuya materia prima se utiliza para la producci\u00f3n de bolsos y accesorios, con dise\u00f1o y colores de la temporada.<\/p>\n<p><strong>Unas 150 familias se benefician de este proceso,<\/strong> que contribuye como una de las marcas en este enfoque. Los tejidos de Mawapey Kaxinaw\u00e1 con sus representaciones del bosque como \u00abpata de jaguar\u00bb, \u00abbrazo de mono\u00bb, \u00abpiel de boa\/\u201djib\u00f3ia\u201d significan una integraci\u00f3n perfecta con la naturaleza. El pueblo Kaxinaw\u00e1 se extiende desde el territorio brasile\u00f1o hasta el Per\u00fa, y su resistencia, as\u00ed como todas las comunidades ind\u00edgenas, es de admirarse.<\/p>\n<p><strong>Este enero, Manari Eco participar\u00e1 en una de las mayores ferias de moda sostenible, NeoNyt 2020 en Berl\u00edn,<\/strong> buscando representar la moda latinoamericana y sus inspiraciones en su colecci\u00f3n, siendo la voz de estos pueblos, mujeres y esta identidad local.<\/p>\n<p><img decoding=\"async\" class=\"wp-image-5096 alignnone lazyload\" data-src=\"http:\/\/desarrollosdeprueba.xyz\/universo_mola\/wp-content\/uploads\/2021\/08\/1-1-1.png\" alt=\"\" width=\"501\" height=\"285\" data-srcset=\"https:\/\/universomola.com\/wp-content\/uploads\/2021\/08\/1-1-1-460x262.png 460w, https:\/\/universomola.com\/wp-content\/uploads\/2021\/08\/1-1-1.png 466w\" data-sizes=\"(max-width: 501px) 100vw, 501px\" src=\"data:image\/svg+xml;base64,PHN2ZyB3aWR0aD0iMSIgaGVpZ2h0PSIxIiB4bWxucz0iaHR0cDovL3d3dy53My5vcmcvMjAwMC9zdmciPjwvc3ZnPg==\" style=\"--smush-placeholder-width: 501px; --smush-placeholder-aspect-ratio: 501\/285;\" \/><\/p>\n<p>Por Alberto Manari, Manari Eco @manari_eco<br \/>\nEdi\u00e7\u00e3o e tradu\u00e7\u00e3o Gabriela De Laurentis, DeLaurentis @_delaurentis_<\/p>\n<\/div><\/div><\/div><\/div><\/div>","protected":false},"excerpt":{"rendered":"<p>Lorem ipsum dolor sit amet, consectetur adipiscing elit. Nam pharetra dictum eleifend. Sed posuere magna at luctus pretium. Aliquam ligula sem, aliquet sit amet nisi ac, dignissim porta ipsum.<\/p>","protected":false},"author":9,"featured_media":5098,"comment_status":"open","ping_status":"open","sticky":false,"template":"","format":"standard","meta":{"_monsterinsights_skip_tracking":false,"_monsterinsights_sitenote_active":false,"_monsterinsights_sitenote_note":"","_monsterinsights_sitenote_category":0,"footnotes":""},"categories":[40],"tags":[93,91,95,89,48,92,47,96,90,88],"class_list":["post-5094","post","type-post","status-publish","format-standard","has-post-thumbnail","hentry","category-blog","tag-disenadores-sostenibles","tag-ethical-fashion","tag-innovacion","tag-moda-etica","tag-moda-latina","tag-moda-latinoamericana","tag-moda-sostenible","tag-moda-sustentable","tag-sustainable","tag-universo-mola"],"_links":{"self":[{"href":"https:\/\/universomola.com\/en\/wp-json\/wp\/v2\/posts\/5094","targetHints":{"allow":["GET"]}}],"collection":[{"href":"https:\/\/universomola.com\/en\/wp-json\/wp\/v2\/posts"}],"about":[{"href":"https:\/\/universomola.com\/en\/wp-json\/wp\/v2\/types\/post"}],"author":[{"embeddable":true,"href":"https:\/\/universomola.com\/en\/wp-json\/wp\/v2\/users\/9"}],"replies":[{"embeddable":true,"href":"https:\/\/universomola.com\/en\/wp-json\/wp\/v2\/comments?post=5094"}],"version-history":[{"count":3,"href":"https:\/\/universomola.com\/en\/wp-json\/wp\/v2\/posts\/5094\/revisions"}],"predecessor-version":[{"id":5102,"href":"https:\/\/universomola.com\/en\/wp-json\/wp\/v2\/posts\/5094\/revisions\/5102"}],"wp:featuredmedia":[{"embeddable":true,"href":"https:\/\/universomola.com\/en\/wp-json\/wp\/v2\/media\/5098"}],"wp:attachment":[{"href":"https:\/\/universomola.com\/en\/wp-json\/wp\/v2\/media?parent=5094"}],"wp:term":[{"taxonomy":"category","embeddable":true,"href":"https:\/\/universomola.com\/en\/wp-json\/wp\/v2\/categories?post=5094"},{"taxonomy":"post_tag","embeddable":true,"href":"https:\/\/universomola.com\/en\/wp-json\/wp\/v2\/tags?post=5094"}],"curies":[{"name":"wp","href":"https:\/\/api.w.org\/{rel}","templated":true}]}}