{"id":5103,"date":"2020-02-05T19:43:23","date_gmt":"2020-02-05T22:43:23","guid":{"rendered":"http:\/\/desarrollosdeprueba.xyz\/universo_mola\/?p=5103"},"modified":"2021-08-07T19:52:00","modified_gmt":"2021-08-07T22:52:00","slug":"instrumento-de-transformacion-social-y-ambiental-2","status":"publish","type":"post","link":"https:\/\/universomola.com\/en\/instrumento-de-transformacion-social-y-ambiental-2\/","title":{"rendered":"CLUB SOCIAL DE COSTURA"},"content":{"rendered":"<div class=\"fusion-fullwidth fullwidth-box fusion-builder-row-1 fusion-flex-container nonhundred-percent-fullwidth non-hundred-percent-height-scrolling\" style=\"--awb-border-radius-top-left:0px;--awb-border-radius-top-right:0px;--awb-border-radius-bottom-right:0px;--awb-border-radius-bottom-left:0px;--awb-flex-wrap:wrap;\" ><div class=\"fusion-builder-row fusion-row fusion-flex-align-items-flex-start fusion-flex-content-wrap\" style=\"max-width:1248px;margin-left: calc(-4% \/ 2 );margin-right: calc(-4% \/ 2 );\"><div class=\"fusion-layout-column fusion_builder_column fusion-builder-column-0 fusion_builder_column_1_1 1_1 fusion-flex-column\" style=\"--awb-bg-size:cover;--awb-width-large:100%;--awb-margin-top-large:0px;--awb-spacing-right-large:1.92%;--awb-margin-bottom-large:0px;--awb-spacing-left-large:1.92%;--awb-width-medium:100%;--awb-spacing-right-medium:1.92%;--awb-spacing-left-medium:1.92%;--awb-width-small:100%;--awb-spacing-right-small:1.92%;--awb-spacing-left-small:1.92%;\"><div class=\"fusion-column-wrapper fusion-flex-justify-content-flex-start fusion-content-layout-column\"><div class=\"fusion-text fusion-text-1\"><p><em><span style=\"color: #33cccc;\">Por Andrea de Iacovo, Voz del #UniversoMOLA Argentina.<\/span><\/em><\/p>\n<p><b>\u00bfQui\u00e9nes lo crearon y cu\u00e1ndo fue creado el Club Social de Costura?<\/b><\/p>\n<p><span style=\"font-weight: 400;\">Club Social de Costura fue creado por Romina Palma y Flor Dacal en 2016. En ese momento empezamos asociadas a Leo Daiuto que es productor, siempre colaboramos con Lola Dacal en realizaci\u00f3n audiovisual y a lo largo de estos a\u00f1os con distintos espacios, colegas e iniciativas en Argentina.<\/span><\/p>\n<p><img decoding=\"async\" class=\"wp-image-5104 alignleft lazyload\" data-src=\"http:\/\/desarrollosdeprueba.xyz\/universo_mola\/wp-content\/uploads\/2021\/08\/6.png\" alt=\"\" width=\"399\" height=\"396\" data-srcset=\"https:\/\/universomola.com\/wp-content\/uploads\/2021\/08\/6-66x66.png 66w, https:\/\/universomola.com\/wp-content\/uploads\/2021\/08\/6-100x100.png 100w, https:\/\/universomola.com\/wp-content\/uploads\/2021\/08\/6-150x150.png 150w, https:\/\/universomola.com\/wp-content\/uploads\/2021\/08\/6-200x198.png 200w, https:\/\/universomola.com\/wp-content\/uploads\/2021\/08\/6-300x298.png 300w, https:\/\/universomola.com\/wp-content\/uploads\/2021\/08\/6.png 379w\" data-sizes=\"(max-width: 399px) 100vw, 399px\" src=\"data:image\/svg+xml;base64,PHN2ZyB3aWR0aD0iMSIgaGVpZ2h0PSIxIiB4bWxucz0iaHR0cDovL3d3dy53My5vcmcvMjAwMC9zdmciPjwvc3ZnPg==\" style=\"--smush-placeholder-width: 399px; --smush-placeholder-aspect-ratio: 399\/396;\" \/><\/p>\n<hr \/>\n<p><b>Los asistentes a los workshops, talleres y cursos que dictan, \u00bfadoptan m\u00e1s el concepto de reciclar y transformar una prenda en desuso creando una nueva? o \u00bfsimplemente buscan reparar prendas que est\u00e9n da\u00f1adas o rotas de uso cotidiano?<\/b><span style=\"font-weight: 400;\">\u00a0<\/span><\/p>\n<p><span style=\"font-weight: 400;\">Los participantes del club reciclan, transforman, reparan, crean prendas con conciencia ambiental. Puede realizar y entender la importancia de hacer uno mismo, cuidar los recursos y hacer de forma colaborativa. Muchos han comenzado emprendimientos propios, otros resuelven su vestir y sobre todo descubren que pueden hacer un aporte ambiental en cada habito cotidiano.<\/span><\/p>\n<p><b>Cu\u00e9ntenos\u00a0sobre el taller de paraguas hechos bolsa.<\/b><\/p>\n<p><span style=\"font-weight: 400;\">Cazaparaguas en una acci\u00f3n en colaboraci\u00f3n con La Loca del Taper en la que recuperamos paraguas para reciclarlos y extender la vida \u00fatil de esos objetos desechables. Nos aliamos con ella y la Feria de Consumo Responsable y el Centro Cultural Recoleta para llevar adelante la recolecci\u00f3n y el reciclaje colectivo. Seguimos de campa\u00f1a recibiendo paraguas rotos y por lanzar novedades este\u00a0 a\u00f1o.<\/span><\/p>\n<hr \/>\n<p><b>\u00bfC\u00f3mo funciona el proceso de creaci\u00f3n en las prendas hechas desde cero con el proyecto social de algod\u00f3n?<\/b><\/p>\n<p><span style=\"font-weight: 400;\">Elegimos trabajar con textiles de algod\u00f3n natural hechos de forma responsable en Chaco.\u00a0 Es una manera de visibilizar nuestra forma de producci\u00f3n justa y sostenible que realizamos en colaboraci\u00f3n. Realizamos la linea del Buen Vivir que son productos biodegradables, saludables que reemplazan el uso de descartables, facilitando incorporar h\u00e1bitos sustentables al cotidiano.<\/span><\/p>\n<p><b>Todos tenemos en nuestro placard (armario\/closet) una prenda revalorada. Cuentennos cu\u00e1l es la suya y su historia.<\/b><\/p>\n<p><span style=\"font-weight: 400;\">Tenemos muchas prendas que revaloramos o creamos, nos vestimos a nosotras mismas y con prendas hechas por emprendedores sustentables y responsables. De la misma manera que elegimos apoyar a el consumo responsable en cosm\u00e9tica, alimentaci\u00f3n, transporte, descartes y lo que podamos desde nuestras acciones como consumidoras y productoras.<\/span><\/p>\n<p><b>D\u00e9jenos\u00a0un tipo sustentable y reparados que adopten en su taller.\u00a0<\/b><\/p>\n<p><span style=\"font-weight: 400;\">Una de las estrategias que aplicamos en nuestro taller trabajamos es la de descarte cero, por eso separamos todos los retazos textiles para reutilizarlos en productos y talleres, optimizando el material y reduciendo nuestra huella ambiental.<\/span><\/p>\n<\/div><\/div><\/div><\/div><\/div>","protected":false},"excerpt":{"rendered":"<p>Lorem ipsum dolor sit amet, consectetur adipiscing elit. Nam pharetra dictum eleifend. Sed posuere magna at luctus pretium. Aliquam ligula sem, aliquet sit amet nisi ac, dignissim porta ipsum.<\/p>","protected":false},"author":9,"featured_media":5107,"comment_status":"open","ping_status":"open","sticky":false,"template":"","format":"standard","meta":{"_monsterinsights_skip_tracking":false,"_monsterinsights_sitenote_active":false,"_monsterinsights_sitenote_note":"","_monsterinsights_sitenote_category":0,"footnotes":""},"categories":[40],"tags":[93,91,95,89,48,92,47,96,90,88],"class_list":["post-5103","post","type-post","status-publish","format-standard","has-post-thumbnail","hentry","category-blog","tag-disenadores-sostenibles","tag-ethical-fashion","tag-innovacion","tag-moda-etica","tag-moda-latina","tag-moda-latinoamericana","tag-moda-sostenible","tag-moda-sustentable","tag-sustainable","tag-universo-mola"],"_links":{"self":[{"href":"https:\/\/universomola.com\/en\/wp-json\/wp\/v2\/posts\/5103","targetHints":{"allow":["GET"]}}],"collection":[{"href":"https:\/\/universomola.com\/en\/wp-json\/wp\/v2\/posts"}],"about":[{"href":"https:\/\/universomola.com\/en\/wp-json\/wp\/v2\/types\/post"}],"author":[{"embeddable":true,"href":"https:\/\/universomola.com\/en\/wp-json\/wp\/v2\/users\/9"}],"replies":[{"embeddable":true,"href":"https:\/\/universomola.com\/en\/wp-json\/wp\/v2\/comments?post=5103"}],"version-history":[{"count":2,"href":"https:\/\/universomola.com\/en\/wp-json\/wp\/v2\/posts\/5103\/revisions"}],"predecessor-version":[{"id":5106,"href":"https:\/\/universomola.com\/en\/wp-json\/wp\/v2\/posts\/5103\/revisions\/5106"}],"wp:featuredmedia":[{"embeddable":true,"href":"https:\/\/universomola.com\/en\/wp-json\/wp\/v2\/media\/5107"}],"wp:attachment":[{"href":"https:\/\/universomola.com\/en\/wp-json\/wp\/v2\/media?parent=5103"}],"wp:term":[{"taxonomy":"category","embeddable":true,"href":"https:\/\/universomola.com\/en\/wp-json\/wp\/v2\/categories?post=5103"},{"taxonomy":"post_tag","embeddable":true,"href":"https:\/\/universomola.com\/en\/wp-json\/wp\/v2\/tags?post=5103"}],"curies":[{"name":"wp","href":"https:\/\/api.w.org\/{rel}","templated":true}]}}