{"id":5108,"date":"2020-02-05T19:53:07","date_gmt":"2020-02-05T22:53:07","guid":{"rendered":"http:\/\/desarrollosdeprueba.xyz\/universo_mola\/?p=5108"},"modified":"2021-08-07T19:59:20","modified_gmt":"2021-08-07T22:59:20","slug":"el-mundo-de-la-moda-sostenible","status":"publish","type":"post","link":"https:\/\/universomola.com\/en\/el-mundo-de-la-moda-sostenible\/","title":{"rendered":"EL MUNDO DE LA MODA SOSTENIBLE"},"content":{"rendered":"<div class=\"fusion-fullwidth fullwidth-box fusion-builder-row-1 fusion-flex-container nonhundred-percent-fullwidth non-hundred-percent-height-scrolling\" style=\"--awb-border-radius-top-left:0px;--awb-border-radius-top-right:0px;--awb-border-radius-bottom-right:0px;--awb-border-radius-bottom-left:0px;--awb-flex-wrap:wrap;\" ><div class=\"fusion-builder-row fusion-row fusion-flex-align-items-flex-start fusion-flex-content-wrap\" style=\"max-width:1248px;margin-left: calc(-4% \/ 2 );margin-right: calc(-4% \/ 2 );\"><div class=\"fusion-layout-column fusion_builder_column fusion-builder-column-0 fusion_builder_column_1_1 1_1 fusion-flex-column\" style=\"--awb-bg-size:cover;--awb-width-large:100%;--awb-margin-top-large:0px;--awb-spacing-right-large:1.92%;--awb-margin-bottom-large:0px;--awb-spacing-left-large:1.92%;--awb-width-medium:100%;--awb-spacing-right-medium:1.92%;--awb-spacing-left-medium:1.92%;--awb-width-small:100%;--awb-spacing-right-small:1.92%;--awb-spacing-left-small:1.92%;\"><div class=\"fusion-column-wrapper fusion-flex-justify-content-flex-start fusion-content-layout-column\"><div class=\"fusion-text fusion-text-1\"><p><em><span style=\"font-weight: 400; color: #33cccc;\">Por Monica Horta, Voz del #UniversoMOLA Brasil.<\/span><\/em><\/p>\n<p><b>La sostenibilidad no es una \u00abtendencia\u00bb, es una propuesta para una nueva vida, que pone los intereses colectivos por encima de los intereses individuales.<\/b><\/p>\n<p><span style=\"font-weight: 400;\">El mundo de la moda est\u00e1 experimentando una intensa fase de transformaci\u00f3n, debido a la revoluci\u00f3n que estamos experimentando con la llegada de Internet, hasta el punto de haber sacudido la estructura de las principales semanas de la moda en el mundo, que pas\u00f3 mucho tiempo tratando de entender este gigantesco cambio y a\u00fan sigue\u00a0 luchando por adaptarse a este formato de mundo virtual, que es cada vez m\u00e1s real.<\/span><\/p>\n<p><span style=\"font-weight: 400;\">Es un nuevo mundo fascinante, que permite a los consumidores elegir con mayor seguridad el tipo de estilo de vida que desean llevar, la persona que desean ser, de acuerdo con sus propios gustos e intereses. <\/span><b>Ya no existen las reglas fijas<\/b><span style=\"font-weight: 400;\"> que la era industrial dict\u00f3 durante mucho tiempo, generando malentendidos con sus manipulaciones est\u00e9ticas. Ahora lo que importa es la diversidad. Y obviamente, cuando puedes elegir, eliges lo mejor.<\/span><\/p>\n<p><span style=\"font-weight: 400;\">Precisamente por esta raz\u00f3n, <\/span><b>la sostenibilidad viene siendo aplicada cada vez m\u00e1s en el mundo de la moda<\/b><span style=\"font-weight: 400;\">. La moda se considera sostenible cuando se produce con reciclaje, o hecha a mano, o con telas recicladas, o con telas reutilizadas sobrantes, materias primas naturales u org\u00e1nicas, o personalizaci\u00f3n, o la combinaci\u00f3n de envases post-consumo o materiales que se descartan por error. como la basura, o la participaci\u00f3n de las comunidades, o la difusi\u00f3n de la cultura popular local, o la producci\u00f3n a peque\u00f1a escala, o la no generaci\u00f3n de residuos, o con tintes naturales, o con impresiones hechas a mano, o el uso de piezas vintage<\/span><\/p>\n<p><span style=\"font-weight: 400;\">Vale la pena recordar que esta no es una fase de creaci\u00f3n de identidades, sino de fortalecerlas. Y una identidad solo puede fortalecerse, cuando se conoce y asume adecuadamente. Solo entonces es posible tomar decisiones relevantes para una creaci\u00f3n. La autoralidad es un concepto fundamental de sostenibilidad.<\/span><\/p>\n<p><b>Viva la cultura de Am\u00e9rica Latina! Viva la historia de cada uno! Viva la sostenibilidad!<\/b><\/p>\n<p><span style=\"font-weight: 400;\">*M\u00f4nica Horta \u00e9 jornalista de moda e artista t\u00eaxtil, que dedica a sua vida a comunicar criadores de moda autoral, atrav\u00e9s de palestras, workshops, curadorias, e do MODA-SP, seu mais novo projeto de fomento do novo mundo da moda.]<\/span><\/p>\n<p><span style=\"font-weight: 400;\">* <\/span><i><span style=\"font-weight: 400;\">M\u00f4nica Horta es periodista de moda y artista textil, y dedica su vida a comunicar a los creadores de moda de autor, a trav\u00e9s de conferencias, talleres, curadores y MODA-SP, su nuevo proyecto para promover el nuevo mundo de la moda.]<\/span><\/i><\/p>\n<p><i><span style=\"font-weight: 400;\">Traducci\u00f3n Gabriela De Laurentis<\/span><\/i><\/p>\n<\/div><\/div><\/div><\/div><\/div>","protected":false},"excerpt":{"rendered":"<p>Lorem ipsum dolor sit amet, consectetur adipiscing elit. Nam pharetra dictum eleifend. Sed posuere magna at luctus pretium. Aliquam ligula sem, aliquet sit amet nisi ac, dignissim porta ipsum.<\/p>","protected":false},"author":9,"featured_media":5109,"comment_status":"open","ping_status":"open","sticky":false,"template":"","format":"standard","meta":{"_monsterinsights_skip_tracking":false,"_monsterinsights_sitenote_active":false,"_monsterinsights_sitenote_note":"","_monsterinsights_sitenote_category":0,"footnotes":""},"categories":[40],"tags":[93,91,95,89,48,92,47,96,90,88],"class_list":["post-5108","post","type-post","status-publish","format-standard","has-post-thumbnail","hentry","category-blog","tag-disenadores-sostenibles","tag-ethical-fashion","tag-innovacion","tag-moda-etica","tag-moda-latina","tag-moda-latinoamericana","tag-moda-sostenible","tag-moda-sustentable","tag-sustainable","tag-universo-mola"],"_links":{"self":[{"href":"https:\/\/universomola.com\/en\/wp-json\/wp\/v2\/posts\/5108","targetHints":{"allow":["GET"]}}],"collection":[{"href":"https:\/\/universomola.com\/en\/wp-json\/wp\/v2\/posts"}],"about":[{"href":"https:\/\/universomola.com\/en\/wp-json\/wp\/v2\/types\/post"}],"author":[{"embeddable":true,"href":"https:\/\/universomola.com\/en\/wp-json\/wp\/v2\/users\/9"}],"replies":[{"embeddable":true,"href":"https:\/\/universomola.com\/en\/wp-json\/wp\/v2\/comments?post=5108"}],"version-history":[{"count":1,"href":"https:\/\/universomola.com\/en\/wp-json\/wp\/v2\/posts\/5108\/revisions"}],"predecessor-version":[{"id":5110,"href":"https:\/\/universomola.com\/en\/wp-json\/wp\/v2\/posts\/5108\/revisions\/5110"}],"wp:featuredmedia":[{"embeddable":true,"href":"https:\/\/universomola.com\/en\/wp-json\/wp\/v2\/media\/5109"}],"wp:attachment":[{"href":"https:\/\/universomola.com\/en\/wp-json\/wp\/v2\/media?parent=5108"}],"wp:term":[{"taxonomy":"category","embeddable":true,"href":"https:\/\/universomola.com\/en\/wp-json\/wp\/v2\/categories?post=5108"},{"taxonomy":"post_tag","embeddable":true,"href":"https:\/\/universomola.com\/en\/wp-json\/wp\/v2\/tags?post=5108"}],"curies":[{"name":"wp","href":"https:\/\/api.w.org\/{rel}","templated":true}]}}