{"id":5111,"date":"2020-02-20T19:59:52","date_gmt":"2020-02-20T22:59:52","guid":{"rendered":"http:\/\/desarrollosdeprueba.xyz\/universo_mola\/?p=5111"},"modified":"2021-08-07T20:04:35","modified_gmt":"2021-08-07T23:04:35","slug":"poyvi","status":"publish","type":"post","link":"https:\/\/universomola.com\/en\/poyvi\/","title":{"rendered":"POYVI"},"content":{"rendered":"<div class=\"fusion-fullwidth fullwidth-box fusion-builder-row-1 fusion-flex-container nonhundred-percent-fullwidth non-hundred-percent-height-scrolling\" style=\"--awb-border-radius-top-left:0px;--awb-border-radius-top-right:0px;--awb-border-radius-bottom-right:0px;--awb-border-radius-bottom-left:0px;--awb-flex-wrap:wrap;\" ><div class=\"fusion-builder-row fusion-row fusion-flex-align-items-flex-start fusion-flex-content-wrap\" style=\"max-width:1248px;margin-left: calc(-4% \/ 2 );margin-right: calc(-4% \/ 2 );\"><div class=\"fusion-layout-column fusion_builder_column fusion-builder-column-0 fusion_builder_column_1_1 1_1 fusion-flex-column\" style=\"--awb-bg-size:cover;--awb-width-large:100%;--awb-margin-top-large:0px;--awb-spacing-right-large:1.92%;--awb-margin-bottom-large:0px;--awb-spacing-left-large:1.92%;--awb-width-medium:100%;--awb-spacing-right-medium:1.92%;--awb-spacing-left-medium:1.92%;--awb-width-small:100%;--awb-spacing-right-small:1.92%;--awb-spacing-left-small:1.92%;\"><div class=\"fusion-column-wrapper fusion-flex-justify-content-flex-start fusion-content-layout-column\"><div class=\"fusion-text fusion-text-1\"><p><em><span style=\"color: #33cccc;\">Por Cintia Figueredo, Voz del #UniversoMOLA Paraguay<\/span><\/em><\/p>\n<p><b>Proveniente del idioma guaran\u00ed y significa \u201c<\/b><b><i>hilo grueso de algod\u00f3n\u201d<\/i><\/b><b>. Es una t\u00e9cnica de herencia familiar y su arraigo es tan fuerte que involucra a toda la familia en su proceso de producci\u00f3n y venta. Aunque existen varias ciudades paraguayas que se dedican a esta artesan\u00eda, Carapegu\u00e1 es la ciudad representativa de dicha t\u00e9cnica.<\/b><\/p>\n<p><span style=\"font-weight: 400;\">Esta t\u00e9cnica textil se origina en los pueblos precolombinos donde empleaban plantas de algodones nativos y lanas para la elaboraci\u00f3n de productos utilitarios como mantas, ponchos, hamacas y bolsos. Se utilizaba como tecnolog\u00eda, los telares verticales que son bastidores de madera atados a la cintura o contra el suelo.\u00a0<\/span><\/p>\n<hr \/>\n<p><img decoding=\"async\" class=\"size-full wp-image-5112 aligncenter lazyload\" data-src=\"http:\/\/desarrollosdeprueba.xyz\/universo_mola\/wp-content\/uploads\/2021\/08\/8.png\" alt=\"\" width=\"934\" height=\"334\" data-srcset=\"https:\/\/universomola.com\/wp-content\/uploads\/2021\/08\/8-200x72.png 200w, https:\/\/universomola.com\/wp-content\/uploads\/2021\/08\/8-300x107.png 300w, https:\/\/universomola.com\/wp-content\/uploads\/2021\/08\/8-400x143.png 400w, https:\/\/universomola.com\/wp-content\/uploads\/2021\/08\/8-500x179.png 500w, https:\/\/universomola.com\/wp-content\/uploads\/2021\/08\/8-600x215.png 600w, https:\/\/universomola.com\/wp-content\/uploads\/2021\/08\/8-700x250.png 700w, https:\/\/universomola.com\/wp-content\/uploads\/2021\/08\/8-768x275.png 768w, https:\/\/universomola.com\/wp-content\/uploads\/2021\/08\/8-800x286.png 800w, https:\/\/universomola.com\/wp-content\/uploads\/2021\/08\/8.png 934w\" data-sizes=\"(max-width: 934px) 100vw, 934px\" src=\"data:image\/svg+xml;base64,PHN2ZyB3aWR0aD0iMSIgaGVpZ2h0PSIxIiB4bWxucz0iaHR0cDovL3d3dy53My5vcmcvMjAwMC9zdmciPjwvc3ZnPg==\" style=\"--smush-placeholder-width: 934px; --smush-placeholder-aspect-ratio: 934\/334;\" \/><\/p>\n<hr \/>\n<p><span style=\"font-weight: 400;\">En la \u00e9poca de la Colonia Paraguaya (1524 \u2013 1811) fue introducido el<\/span><b> Telar Horizontal<\/b><span style=\"font-weight: 400;\">, dise\u00f1o tra\u00eddo de Europa conocido en la actualidad como telar r\u00fastico. Los nativos guaran\u00edes utilizaron esta nueva t\u00e9cnica para aumentar su producci\u00f3n y abastecer a los colonos con cobertores y otros materiales textiles.\u00a0<\/span><\/p>\n<p><span style=\"font-weight: 400;\">Actualmente, aparte de los hilos gruesos,<\/span><b> tambi\u00e9n utilizan retazos de tela o sobrantes<\/b><span style=\"font-weight: 400;\"> de la confecci\u00f3n de prendas. Existe toda una red de trabajo donde se aplica la <\/span><b>econom\u00eda circular.<\/b><span style=\"font-weight: 400;\"> Entre los productos que se realizan son: colchas, cubrecamas, alfombras, individuales, entre otros. La artesan\u00eda es una de las fuentes de ingreso m\u00e1s importantes con que cuenta esta comunidad y que mueve la econom\u00eda local. Pese a la falta de mercado y mejoramiento de la calidad y dise\u00f1o de sus productos, m\u00e1s de 11.000 familias sobreviven de dicha actividad.\u00a0<\/span><\/p>\n<p><span style=\"font-weight: 400;\">Adem\u00e1s, existen emprendimientos que han conseguido combinar la artesan\u00eda con las tendencias y necesidades actuales. Y gracias a esa innovaci\u00f3n, se han creado productos como: posavasos, porta-celulares, tapicer\u00eda para muebles, entre otros.<\/span><\/p>\n<p><span style=\"font-weight: 400;\">Mantener la cultura y tradici\u00f3n aut\u00f3ctona con el cuidado ambiental que a su vez genere trabajo a la comunidad, es posible. Con creatividad, esfuerzo y paciencia esto se alcanza.<\/span><\/p>\n<p><b>References<\/b><\/p>\n<p><span style=\"font-weight: 400;\">Hastedt, Janine Desiree. 2016. Aplicaci\u00f3n del tejido con la t\u00e9cnica del poyvi (Ciudad de Carapegu\u00e1, Departamento de Paraguar\u00ed, Paraguay) a separadores de ambientes y a revestimientos de paredes para viviendas con espacios reducidos. FADA-UNA (Facultad de Arquitectura, Dise\u00f1o y Arte \u2013 Universidad Nacional de Asunci\u00f3n). San Lorenzo Paraguay.\u00a0<\/span><\/p>\n<p><a href=\"https:\/\/carapegua.blogspot.com\/p\/blog-page.html\"><span style=\"font-weight: 400;\">http:\/\/carapegua.blogspot.com\/p\/blog-page.html<\/span><\/a><\/p>\n<p><span style=\"font-weight: 400;\">https:\/\/www.adndigital.com.py\/carapegua-la-capital-del-poyvi-al-gran-centro-comercial-e-industrial\/<\/span><\/p>\n<\/div><\/div><\/div><\/div><\/div>","protected":false},"excerpt":{"rendered":"<p>Lorem ipsum dolor sit amet, consectetur adipiscing elit. Nam pharetra dictum eleifend. Sed posuere magna at luctus pretium. Aliquam ligula sem, aliquet sit amet nisi ac, dignissim porta ipsum.<\/p>","protected":false},"author":9,"featured_media":5113,"comment_status":"open","ping_status":"open","sticky":false,"template":"","format":"standard","meta":{"_monsterinsights_skip_tracking":false,"_monsterinsights_sitenote_active":false,"_monsterinsights_sitenote_note":"","_monsterinsights_sitenote_category":0,"footnotes":""},"categories":[40],"tags":[93,91,95,89,48,92,47,96,90,88],"class_list":["post-5111","post","type-post","status-publish","format-standard","has-post-thumbnail","hentry","category-blog","tag-disenadores-sostenibles","tag-ethical-fashion","tag-innovacion","tag-moda-etica","tag-moda-latina","tag-moda-latinoamericana","tag-moda-sostenible","tag-moda-sustentable","tag-sustainable","tag-universo-mola"],"_links":{"self":[{"href":"https:\/\/universomola.com\/en\/wp-json\/wp\/v2\/posts\/5111","targetHints":{"allow":["GET"]}}],"collection":[{"href":"https:\/\/universomola.com\/en\/wp-json\/wp\/v2\/posts"}],"about":[{"href":"https:\/\/universomola.com\/en\/wp-json\/wp\/v2\/types\/post"}],"author":[{"embeddable":true,"href":"https:\/\/universomola.com\/en\/wp-json\/wp\/v2\/users\/9"}],"replies":[{"embeddable":true,"href":"https:\/\/universomola.com\/en\/wp-json\/wp\/v2\/comments?post=5111"}],"version-history":[{"count":1,"href":"https:\/\/universomola.com\/en\/wp-json\/wp\/v2\/posts\/5111\/revisions"}],"predecessor-version":[{"id":5114,"href":"https:\/\/universomola.com\/en\/wp-json\/wp\/v2\/posts\/5111\/revisions\/5114"}],"wp:featuredmedia":[{"embeddable":true,"href":"https:\/\/universomola.com\/en\/wp-json\/wp\/v2\/media\/5113"}],"wp:attachment":[{"href":"https:\/\/universomola.com\/en\/wp-json\/wp\/v2\/media?parent=5111"}],"wp:term":[{"taxonomy":"category","embeddable":true,"href":"https:\/\/universomola.com\/en\/wp-json\/wp\/v2\/categories?post=5111"},{"taxonomy":"post_tag","embeddable":true,"href":"https:\/\/universomola.com\/en\/wp-json\/wp\/v2\/tags?post=5111"}],"curies":[{"name":"wp","href":"https:\/\/api.w.org\/{rel}","templated":true}]}}