{"id":5115,"date":"2020-03-02T20:05:14","date_gmt":"2020-03-02T23:05:14","guid":{"rendered":"http:\/\/desarrollosdeprueba.xyz\/universo_mola\/?p=5115"},"modified":"2021-08-07T20:14:44","modified_gmt":"2021-08-07T23:14:44","slug":"como-ser-un-consumidor-responsable","status":"publish","type":"post","link":"https:\/\/universomola.com\/en\/como-ser-un-consumidor-responsable\/","title":{"rendered":"\u00bfC\u00d3MO SER UN CONSUMIDOR RESPONSABLE?"},"content":{"rendered":"<div class=\"fusion-fullwidth fullwidth-box fusion-builder-row-1 fusion-flex-container nonhundred-percent-fullwidth non-hundred-percent-height-scrolling\" style=\"--awb-border-radius-top-left:0px;--awb-border-radius-top-right:0px;--awb-border-radius-bottom-right:0px;--awb-border-radius-bottom-left:0px;--awb-flex-wrap:wrap;\" ><div class=\"fusion-builder-row fusion-row fusion-flex-align-items-flex-start fusion-flex-content-wrap\" style=\"max-width:1248px;margin-left: calc(-4% \/ 2 );margin-right: calc(-4% \/ 2 );\"><div class=\"fusion-layout-column fusion_builder_column fusion-builder-column-0 fusion_builder_column_1_1 1_1 fusion-flex-column\" style=\"--awb-bg-size:cover;--awb-width-large:100%;--awb-margin-top-large:0px;--awb-spacing-right-large:1.92%;--awb-margin-bottom-large:0px;--awb-spacing-left-large:1.92%;--awb-width-medium:100%;--awb-spacing-right-medium:1.92%;--awb-spacing-left-medium:1.92%;--awb-width-small:100%;--awb-spacing-right-small:1.92%;--awb-spacing-left-small:1.92%;\"><div class=\"fusion-column-wrapper fusion-flex-justify-content-flex-start fusion-content-layout-column\"><div class=\"fusion-text fusion-text-1\"><p><em><span style=\"font-weight: 400; color: #33cccc;\">Por Marjorie Ventura, Voz del #UniversoMOLA Guatemala. Fotograf\u00edas por ella.<\/span><\/em><\/p>\n<p><b>\u201cEl mundo no ver\u00e1 un cambio real si solo opinamos pero no actuamos, veremos un cambio junto con nuestro ejemplo\u201d<\/b><span style=\"font-weight: 400;\">.\u00a0 La forma en que consumimos diversidad de productos cambiar\u00e1 el mundo, podremos tener un futuro m\u00e1s prometedor.<\/span><\/p>\n<p><b>\u00bfQu\u00e9 es consumo responsable?<\/b><\/p>\n<p><span style=\"font-weight: 400;\">Busca una reacci\u00f3n en el ser humano, en donde haya <\/span><b>cambios de h\u00e1bitos de consumo, adapt\u00e1ndolos a las necesidades reales de cada uno, y a las del planeta, seleccionando opciones en favor del medio ambiente y la igualdad social<\/b><span style=\"font-weight: 400;\">. Si no intentamos ser parte de la soluci\u00f3n, estamos siendo parte del problema, actualmente se vende la moda como si fueran productos con fecha de caducidad, lo que lleva al ser humano a comerse la ropa. Si regresamos en el tiempo, nuestras abuelas ten\u00edan menos prendas, eran confeccionadas a la medida, originales creativas, textiles de alta calidad, no exist\u00eda la necesidad de comprar y comprar. Eran consumidores m\u00e1s exigentes, dif\u00edciles de persuadir con productos innecesarios y \u201cdesechables\u201d.<\/span><\/p>\n<p><span style=\"font-weight: 400;\">Estamos en una etapa en donde el medio ambiente pide un cambio dr\u00e1stico en la manera en que se vive, en que se producen y distribuyen productos, especialmente en la industria de moda, por esta raz\u00f3n aparece un t\u00e9rmino fundamental, Slow Fashion surgi\u00f3 no como soluci\u00f3n si no como respuesta al Fast Fashion y su impacto.<\/span><\/p>\n<p><img decoding=\"async\" class=\"size-full wp-image-5116 aligncenter lazyload\" data-src=\"http:\/\/desarrollosdeprueba.xyz\/universo_mola\/wp-content\/uploads\/2021\/08\/9.png\" alt=\"\" width=\"1088\" height=\"326\" data-srcset=\"https:\/\/universomola.com\/wp-content\/uploads\/2021\/08\/9-200x60.png 200w, https:\/\/universomola.com\/wp-content\/uploads\/2021\/08\/9-300x90.png 300w, https:\/\/universomola.com\/wp-content\/uploads\/2021\/08\/9-400x120.png 400w, https:\/\/universomola.com\/wp-content\/uploads\/2021\/08\/9-500x150.png 500w, https:\/\/universomola.com\/wp-content\/uploads\/2021\/08\/9-600x180.png 600w, https:\/\/universomola.com\/wp-content\/uploads\/2021\/08\/9-700x210.png 700w, https:\/\/universomola.com\/wp-content\/uploads\/2021\/08\/9-768x230.png 768w, https:\/\/universomola.com\/wp-content\/uploads\/2021\/08\/9-800x240.png 800w, https:\/\/universomola.com\/wp-content\/uploads\/2021\/08\/9-1024x307.png 1024w, https:\/\/universomola.com\/wp-content\/uploads\/2021\/08\/9.png 1088w\" data-sizes=\"(max-width: 1088px) 100vw, 1088px\" src=\"data:image\/svg+xml;base64,PHN2ZyB3aWR0aD0iMSIgaGVpZ2h0PSIxIiB4bWxucz0iaHR0cDovL3d3dy53My5vcmcvMjAwMC9zdmciPjwvc3ZnPg==\" style=\"--smush-placeholder-width: 1088px; --smush-placeholder-aspect-ratio: 1088\/326;\" \/><\/p>\n<p><b>CARACTERISTICAS DE LOS CONSUMIDORES RESPONSABLE<\/b><\/p>\n<ul>\n<li style=\"font-weight: 400;\" aria-level=\"1\"><span style=\"font-weight: 400;\">La mayor\u00eda son mujeres.<\/span><\/li>\n<li style=\"font-weight: 400;\" aria-level=\"1\"><span style=\"font-weight: 400;\">Edad comprendida entre los 25 y 45 a\u00f1os.<\/span><\/li>\n<li style=\"font-weight: 400;\" aria-level=\"1\"><span style=\"font-weight: 400;\">Con estudios superiores superiores universitarios, o desarrollando su carrera profesional en puestos medios y medios altos.<\/span><\/li>\n<li style=\"font-weight: 400;\" aria-level=\"1\"><span style=\"font-weight: 400;\">Con un nivel econ\u00f3mico medio alto, nativos digitales, viajeros, compradores online, buscan informaci\u00f3n antes de comprar, se basan en valores sostenibles, calidad y tendencia dejando en \u00faltimo lugar el precio.<\/span><\/li>\n<li style=\"font-weight: 400;\" aria-level=\"1\"><span style=\"font-weight: 400;\">Compran menos Fast Fashion.<\/span><\/li>\n<\/ul>\n<p><b>CLAVES PARA SER UN COSUMIDOR RESPONSABLE<\/b><\/p>\n<ul>\n<li style=\"font-weight: 400;\" aria-level=\"1\"><span style=\"font-weight: 400;\">Buscar cortes y estilos m\u00e1s atemporales (que no necesariamente siguen o son de las ultimas tendencias de moda)\u00a0<\/span><\/li>\n<li style=\"font-weight: 400;\" aria-level=\"1\"><span style=\"font-weight: 400;\">Apoyar peque\u00f1as marcas y dise\u00f1adores emergentes.<\/span><\/li>\n<li style=\"font-weight: 400;\" aria-level=\"1\"><span style=\"font-weight: 400;\">Adquirir ropa de segunda mano, potenciar el reciclaje.<\/span><\/li>\n<li style=\"font-weight: 400;\" aria-level=\"1\"><span style=\"font-weight: 400;\">Refrescar el closet sin comprar,\u00a0 o adquiriendo prendas de segunda y vintage, cambiar prendas con amigas, rentar, DIY o hazlo tu mismo.<\/span><\/li>\n<li style=\"font-weight: 400;\" aria-level=\"1\"><span style=\"font-weight: 400;\">Consumir prendas elaboradas con materias primas naturales y materiales creados de forma sostenible.<\/span><\/li>\n<li style=\"font-weight: 400;\" aria-level=\"1\"><span style=\"font-weight: 400;\">Elegir productos elaborados de manera \u00e9tica.<\/span><\/li>\n<li style=\"font-weight: 400;\" aria-level=\"1\"><span style=\"font-weight: 400;\">Buscar prendas de mayor calidad con el fin de que las mismas tengan una tiempo de duraci\u00f3n largo.<\/span><\/li>\n<li style=\"font-weight: 400;\" aria-level=\"1\"><span style=\"font-weight: 400;\">Investigar m\u00e1s de la procedencia de materiales y preguntar sobre las condiciones laborales de las firmas que te gustan.<\/span><\/li>\n<li style=\"font-weight: 400;\" aria-level=\"1\"><span style=\"font-weight: 400;\">Reciclar.<\/span><\/li>\n<li style=\"font-weight: 400;\" aria-level=\"1\"><span style=\"font-weight: 400;\">Compartir informaci\u00f3n enriquecedora acerca de temas de Slow Fashion, siempre y cuando venga de fuentes confiables.<\/span><\/li>\n<li style=\"font-weight: 400;\" aria-level=\"1\"><span style=\"font-weight: 400;\">Fomentar la econom\u00eda local, comprando prendas artesanales o con acabados manuales.<\/span><\/li>\n<li style=\"font-weight: 400;\" aria-level=\"1\"><span style=\"font-weight: 400;\">Considerar el impacto ambiental de las prendas que compramos, producci\u00f3n, transporte, distribuci\u00f3n, consumo y residuos.<\/span><\/li>\n<\/ul>\n<p><span style=\"font-weight: 400;\">\u00a0<\/span><\/p>\n<p><b>\u00bfD\u00d3NDE ENCUENTRO MODA SOSTENIBLE?<\/b><\/p>\n<ul>\n<li style=\"font-weight: 400;\" aria-level=\"1\"><span style=\"font-weight: 400;\">Tiendas peque\u00f1as o de dise\u00f1adores emergentes.<\/span><\/li>\n<li style=\"font-weight: 400;\" aria-level=\"1\"><span style=\"font-weight: 400;\">Las etiquetas hablan mucho de la realidad de las prendas y de quien las fabrica.<\/span><\/li>\n<li style=\"font-weight: 400;\" aria-level=\"1\"><span style=\"font-weight: 400;\">Ferias de artesan\u00edas, en donde se encuentra variedad de prendas artesanales y de materiales naturales y procesos de fabricaci\u00f3n a peque\u00f1a escala.<\/span><\/li>\n<li style=\"font-weight: 400;\" aria-level=\"1\"><span style=\"font-weight: 400;\">Tiendas online.<\/span><\/li>\n<li style=\"font-weight: 400;\" aria-level=\"1\"><span style=\"font-weight: 400;\">MOLA HUB,<\/span><\/li>\n<\/ul>\n<p><span style=\"font-weight: 400;\">\u00a0<\/span><\/p>\n<p><b>Ser consumidores responsables es un camino para exigir a las grandes industrias a cambiar su procesos, mejorarlos y mejorar el trato hacia a todo aquel involucrado en la realizaci\u00f3n de cualquier producto o prenda. Estamos seguros que la industria tiene que cambiar para satisfacer a los consumidores que se preocupan por el medio ambiente y \u00e9tica laboral.<\/b><\/p>\n<\/div><\/div><\/div><\/div><\/div>","protected":false},"excerpt":{"rendered":"<p>Lorem ipsum dolor sit amet, consectetur adipiscing elit. Nam pharetra dictum eleifend. Sed posuere magna at luctus pretium. Aliquam ligula sem, aliquet sit amet nisi ac, dignissim porta ipsum.<\/p>","protected":false},"author":9,"featured_media":5118,"comment_status":"open","ping_status":"open","sticky":false,"template":"","format":"standard","meta":{"_monsterinsights_skip_tracking":false,"_monsterinsights_sitenote_active":false,"_monsterinsights_sitenote_note":"","_monsterinsights_sitenote_category":0,"footnotes":""},"categories":[40],"tags":[93,91,95,89,48,92,47,96,90,88],"class_list":["post-5115","post","type-post","status-publish","format-standard","has-post-thumbnail","hentry","category-blog","tag-disenadores-sostenibles","tag-ethical-fashion","tag-innovacion","tag-moda-etica","tag-moda-latina","tag-moda-latinoamericana","tag-moda-sostenible","tag-moda-sustentable","tag-sustainable","tag-universo-mola"],"_links":{"self":[{"href":"https:\/\/universomola.com\/en\/wp-json\/wp\/v2\/posts\/5115","targetHints":{"allow":["GET"]}}],"collection":[{"href":"https:\/\/universomola.com\/en\/wp-json\/wp\/v2\/posts"}],"about":[{"href":"https:\/\/universomola.com\/en\/wp-json\/wp\/v2\/types\/post"}],"author":[{"embeddable":true,"href":"https:\/\/universomola.com\/en\/wp-json\/wp\/v2\/users\/9"}],"replies":[{"embeddable":true,"href":"https:\/\/universomola.com\/en\/wp-json\/wp\/v2\/comments?post=5115"}],"version-history":[{"count":1,"href":"https:\/\/universomola.com\/en\/wp-json\/wp\/v2\/posts\/5115\/revisions"}],"predecessor-version":[{"id":5119,"href":"https:\/\/universomola.com\/en\/wp-json\/wp\/v2\/posts\/5115\/revisions\/5119"}],"wp:featuredmedia":[{"embeddable":true,"href":"https:\/\/universomola.com\/en\/wp-json\/wp\/v2\/media\/5118"}],"wp:attachment":[{"href":"https:\/\/universomola.com\/en\/wp-json\/wp\/v2\/media?parent=5115"}],"wp:term":[{"taxonomy":"category","embeddable":true,"href":"https:\/\/universomola.com\/en\/wp-json\/wp\/v2\/categories?post=5115"},{"taxonomy":"post_tag","embeddable":true,"href":"https:\/\/universomola.com\/en\/wp-json\/wp\/v2\/tags?post=5115"}],"curies":[{"name":"wp","href":"https:\/\/api.w.org\/{rel}","templated":true}]}}