{"id":5120,"date":"2020-03-02T20:16:16","date_gmt":"2020-03-02T23:16:16","guid":{"rendered":"http:\/\/desarrollosdeprueba.xyz\/universo_mola\/?p=5120"},"modified":"2021-08-07T20:28:13","modified_gmt":"2021-08-07T23:28:13","slug":"ainoha-creadora-del-directorio-sustentable","status":"publish","type":"post","link":"https:\/\/universomola.com\/en\/ainoha-creadora-del-directorio-sustentable\/","title":{"rendered":"AINOHA, CREADORA DEL DIRECTORIO SUSTENTABLE"},"content":{"rendered":"<div class=\"fusion-fullwidth fullwidth-box fusion-builder-row-1 fusion-flex-container nonhundred-percent-fullwidth non-hundred-percent-height-scrolling\" style=\"--awb-border-radius-top-left:0px;--awb-border-radius-top-right:0px;--awb-border-radius-bottom-right:0px;--awb-border-radius-bottom-left:0px;--awb-flex-wrap:wrap;\" ><div class=\"fusion-builder-row fusion-row fusion-flex-align-items-flex-start fusion-flex-content-wrap\" style=\"max-width:1248px;margin-left: calc(-4% \/ 2 );margin-right: calc(-4% \/ 2 );\"><div class=\"fusion-layout-column fusion_builder_column fusion-builder-column-0 fusion_builder_column_1_1 1_1 fusion-flex-column\" style=\"--awb-bg-size:cover;--awb-width-large:100%;--awb-margin-top-large:0px;--awb-spacing-right-large:1.92%;--awb-margin-bottom-large:0px;--awb-spacing-left-large:1.92%;--awb-width-medium:100%;--awb-spacing-right-medium:1.92%;--awb-spacing-left-medium:1.92%;--awb-width-small:100%;--awb-spacing-right-small:1.92%;--awb-spacing-left-small:1.92%;\"><div class=\"fusion-column-wrapper fusion-flex-justify-content-flex-start fusion-content-layout-column\"><div class=\"fusion-text fusion-text-1\"><\/div><div class=\"fusion-text fusion-text-2\"><p><span style=\"color: #33cccc;\"><em><span style=\"font-weight: 400;\">Por Andrea de Iacovo, Voz del #UniversoMOLA Argentina. Fotograf\u00edas cortes\u00eda de Ainoha.\u00a0<\/span><\/em><\/span><\/p>\n<p><span style=\"font-weight: 400;\">Conversamos con Ainoha, creadora de Vanguardia Sustentable y Directorio Sustentable, emprendedora comprometida con el medio ambiente y la sociedad latinoamericana que busca a trav\u00e9s de sus plataformas unir y generar redes.\u00a0\u00a0<\/span><\/p>\n<p><img decoding=\"async\" class=\"wp-image-5121 alignleft lazyload\" data-src=\"http:\/\/desarrollosdeprueba.xyz\/universo_mola\/wp-content\/uploads\/2021\/08\/10-1.png\" alt=\"\" width=\"545\" height=\"677\" data-srcset=\"https:\/\/universomola.com\/wp-content\/uploads\/2021\/08\/10-1-200x249.png 200w, https:\/\/universomola.com\/wp-content\/uploads\/2021\/08\/10-1-241x300.png 241w, https:\/\/universomola.com\/wp-content\/uploads\/2021\/08\/10-1-400x497.png 400w, https:\/\/universomola.com\/wp-content\/uploads\/2021\/08\/10-1-500x621.png 500w, https:\/\/universomola.com\/wp-content\/uploads\/2021\/08\/10-1.png 503w\" data-sizes=\"(max-width: 545px) 100vw, 545px\" src=\"data:image\/svg+xml;base64,PHN2ZyB3aWR0aD0iMSIgaGVpZ2h0PSIxIiB4bWxucz0iaHR0cDovL3d3dy53My5vcmcvMjAwMC9zdmciPjwvc3ZnPg==\" style=\"--smush-placeholder-width: 545px; --smush-placeholder-aspect-ratio: 545\/677;\" \/><\/p>\n<p style=\"padding-left: 200px;\"><b>1- Ambos emprendimientos nacen con unos poquitos a\u00f1os de diferencia, podrias contarnos \u00bfc\u00f3mo surge el directorio luego de vanguardia, y en qu\u00e9 paises los creaste?<\/b><\/p>\n<p style=\"padding-left: 200px;\"><span style=\"font-weight: 400;\">Claro, ambos proyectos nacieron en M\u00e9xico. All\u00ed viv\u00ed 9 a\u00f1os y en 2019 comenc\u00e9 a mirar con cari\u00f1o nuevamente a Buenos Aires. Si bien viajo seguido por trabajo y a visitar amistades, en este momento me estoy instalando en Argentina. <\/span><a href=\"https:\/\/vanguardiasustentable.com\/\"><b>Vanguardia Sustentable<\/b><\/a><span style=\"font-weight: 400;\"> fue el comienzo. <\/span><b>Siempre me gust\u00f3 leer, escribir y la fotograf\u00eda; y estando en M\u00e9xico me anim\u00e9 a crear un blog<\/b><span style=\"font-weight: 400;\"> a trav\u00e9s del cual pudiese compartir h\u00e1bitos m\u00e1s amables con el medio ambiente que fui incorporando en mi d\u00eda a d\u00eda, y muy relacionado con un consumo m\u00e1s responsable, sent\u00ed que habr\u00eda mucha gente transitando el mismo camino y que exist\u00eda una necesidad compartida en encontrar alternativas de consumo alineadas a la filosof\u00eda de la sostenibilidad en un solo lugar: as\u00ed cre\u00e9 <\/span><a href=\"https:\/\/directoriosustentable.com\/?s=&amp;category=636&amp;location=&amp;a=true\"><span style=\"font-weight: 400;\">Directorio Sustentable<\/span><\/a><span style=\"font-weight: 400;\">, una plataforma digital que promueve el trabajo de aquellos emprendedores de Latinoam\u00e9rica que eligen emprender con impacto.\u00a0<\/span><\/p>\n<p style=\"padding-left: 200px;\"><b>2-\u00a0 \u00bfCu\u00e1l de los 2 es hoy un espacio m\u00e1s de encuentro entre productor y consumidor?<\/b><\/p>\n<p style=\"padding-left: 200px;\"><span style=\"font-weight: 400;\">Definitivamente Directorio Sustentable es un punto de encuentro donde el planeta encuentra nuevos aliados. Actualmente contamos con una curador\u00eda de <\/span><b>m\u00e1s de 2 mil emprendimientos<\/b><span style=\"font-weight: 400;\"> que potencian un consumo m\u00e1s responsable y consciente, generando innumerables conexiones entre emprendedores y consumidores.\u00a0<\/span><\/p>\n<hr \/>\n<hr \/>\n<p><b>3- A los largo de \u00e9stos a\u00f1os, \u00bfpodr\u00edas enumerar 3 emprendimientos o marcas dentro de tu directorio qu\u00e9 m\u00e1s te han sorprendido?<\/b><\/p>\n<p><span style=\"font-weight: 400;\">las presentes en Directorio Sustentable tienen un valor agregado, algo que las hace especiales y diferentes a cualquier otra de su mismo rubro. Igualmente,<\/span><b> confieso que admiro y celebro a aquellos emprendimientos que se sintonizan con la econom\u00eda azul<\/b><span style=\"font-weight: 400;\">, y hacen de los descartes, materia prima para elaborar fant\u00e1sticos productos.\u00a0<\/span><\/p>\n<p><b>4- \u00bfSent\u00eds el efecto multiplicador en Argentina ? \u00bfQu\u00e9 pa\u00edses de Latinoam\u00e9rica sent\u00e9s que est\u00e9n m\u00e1s involucrados y avanzados con temas de sustentabilidad?<\/b><\/p>\n<p><span style=\"font-weight: 400;\">Felizmente, siento que el efecto multiplicador se est\u00e1 dando en todo el mundo, pero haciendo foco en Latinoam\u00e9rica, que es donde la plataforma apunta; algunos pa\u00edses han sido pioneros, y otros han seguido la tendencia, que es una acci\u00f3n tan reveladora y v\u00e1lida como la de aquellos que iniciaron, \u00bfme explico? <\/span><b>M\u00e9xico, Argentina, Chile, Colombia y Uruguay<\/b><span style=\"font-weight: 400;\"> son los pa\u00edses que desde el principio han copado Directorio Sustentable, pero de repente, por ejemplo, aparecen propuestas innovadoras de Costa Rica y Guatemala&#8230; Y hace muy poquito se sum\u00f3 Brasil, que posee un universo de emprendimientos verdes, s\u00faper interesante&#8230; En fin, el efecto sorpresa es constante y eso me encanta&#8230; es totalmente inspirador.\u00a0<\/span><\/p>\n<p><b>5-\u00a0 Contanos qu\u00e9 expectativas tienes\u00a0 para tu directorio en relaci\u00f3n a Universo MOLA?<\/b><\/p>\n<p><b>\u00a1Me encanta MOLA, y su evoluci\u00f3n, m\u00e1s!<\/b><span style=\"font-weight: 400;\"> Es muy gratificante ver el trabajo de Valen y su equipo, c\u00f3mo han logrado imponer un espacio para la divulgaci\u00f3n de la moda sostenible en Latinoam\u00e9rica. Siento que tenemos muchos puntos de encuentro y que la alianza entre ambos proyectos, se construy\u00f3 desde la honestidad y las intenciones de aunar esfuerzos para potenciar ambas plataformas.\u00a0<\/span><\/p>\n<p><img decoding=\"async\" class=\"alignnone size-full wp-image-5122 lazyload\" data-src=\"http:\/\/desarrollosdeprueba.xyz\/universo_mola\/wp-content\/uploads\/2021\/08\/10.png\" alt=\"\" width=\"1280\" height=\"853\" data-srcset=\"https:\/\/universomola.com\/wp-content\/uploads\/2021\/08\/10-200x133.png 200w, https:\/\/universomola.com\/wp-content\/uploads\/2021\/08\/10-300x200.png 300w, https:\/\/universomola.com\/wp-content\/uploads\/2021\/08\/10-400x267.png 400w, https:\/\/universomola.com\/wp-content\/uploads\/2021\/08\/10-500x333.png 500w, https:\/\/universomola.com\/wp-content\/uploads\/2021\/08\/10-600x400.png 600w, https:\/\/universomola.com\/wp-content\/uploads\/2021\/08\/10-700x466.png 700w, https:\/\/universomola.com\/wp-content\/uploads\/2021\/08\/10-768x512.png 768w, https:\/\/universomola.com\/wp-content\/uploads\/2021\/08\/10-800x533.png 800w, https:\/\/universomola.com\/wp-content\/uploads\/2021\/08\/10-1024x682.png 1024w, https:\/\/universomola.com\/wp-content\/uploads\/2021\/08\/10-1200x800.png 1200w, https:\/\/universomola.com\/wp-content\/uploads\/2021\/08\/10.png 1280w\" data-sizes=\"(max-width: 1280px) 100vw, 1280px\" src=\"data:image\/svg+xml;base64,PHN2ZyB3aWR0aD0iMSIgaGVpZ2h0PSIxIiB4bWxucz0iaHR0cDovL3d3dy53My5vcmcvMjAwMC9zdmciPjwvc3ZnPg==\" style=\"--smush-placeholder-width: 1280px; --smush-placeholder-aspect-ratio: 1280\/853;\" \/><\/p>\n<p><b>6-\u00a0 Por \u00faltimo, d\u00e9janos un tip clave de tu dia a dia para ser m\u00e1s amigables con el medioambiente y el nombre una persona inspiradora clave en tu vida para el despertar de un mundo m\u00e1s justo, consciente y solidario.<\/b><\/p>\n<p><span style=\"font-weight: 400;\">Creo que una de los desaf\u00edos est\u00e1 en incorporar mediante h\u00e1bitos m\u00e1s responsables y conscientes las 5Rs que propone <\/span><b><i>Bea Johnson, <\/i><\/b><span style=\"font-weight: 400;\">fundadora de la filosof\u00eda basura cero: Rechazar, Reducir, Reutilizar, Reciclar y Compostar.\u00a0<\/span><\/p>\n<p><span style=\"font-weight: 400;\">Conf\u00edo en que cada quien hace lo mejor que puede. Si bien creo, que <\/span><b>el secreto est\u00e1 en esforzarse siempre un poquito m\u00e1s<\/b><span style=\"font-weight: 400;\">, cuando uno comienza a ser m\u00e1s consciente de que todas nuestras decisiones de compra y acciones generan un impacto, y si somos amorosos con nosotros mismos y nuestro entorno, naturalmente actuaremos en beneficio del bien com\u00fan (y eso incluye al medio ambiente, claro)&#8230; tendemos a evolucionar mediante nuestros h\u00e1bitos cotidianos.\u00a0<\/span><\/p>\n<p><span style=\"font-weight: 400;\">Igualmente, es un proceso <\/span><i><span style=\"font-weight: 400;\">(de mis palabras favoritas)<\/span><\/i><span style=\"font-weight: 400;\">. Todo lleva tiempo, hay que respetarlo y respetarse a uno mismo&#8230; <\/span><b>Es necesario reeducarnos<\/b><span style=\"font-weight: 400;\">. Creo que no es de un d\u00eda para otro que cambiamos nuestros h\u00e1bitos y tampoco es una competencia de quien hace m\u00e1s y mejor. Cuando uno toma decisiones desde el entendimiento, es ah\u00ed donde se genera un cambio real&#8230; y eso se instala en nosotros, reflej\u00e1ndose en nuestras acciones y perdurando en el tiempo.\u00a0<\/span><\/p>\n<p style=\"text-align: center;\"><b>Es todo cuesti\u00f3n de comenzar, animarse a informarse mejor, permitirse equivocarse, sorprenderse y lograr un cambio del que nos sintamos orgullosos de nosotros mismos&#8230;\u00a0<\/b><\/p>\n<\/div><\/div><\/div><\/div><\/div>","protected":false},"excerpt":{"rendered":"<p>Lorem ipsum dolor sit amet, consectetur adipiscing elit. Nam pharetra dictum eleifend. Sed posuere magna at luctus pretium. Aliquam ligula sem, aliquet sit amet nisi ac, dignissim porta ipsum.<\/p>","protected":false},"author":9,"featured_media":5122,"comment_status":"open","ping_status":"open","sticky":false,"template":"","format":"standard","meta":{"_monsterinsights_skip_tracking":false,"_monsterinsights_sitenote_active":false,"_monsterinsights_sitenote_note":"","_monsterinsights_sitenote_category":0,"footnotes":""},"categories":[40],"tags":[93,91,95,89,48,92,47,96,90,88],"class_list":["post-5120","post","type-post","status-publish","format-standard","has-post-thumbnail","hentry","category-blog","tag-disenadores-sostenibles","tag-ethical-fashion","tag-innovacion","tag-moda-etica","tag-moda-latina","tag-moda-latinoamericana","tag-moda-sostenible","tag-moda-sustentable","tag-sustainable","tag-universo-mola"],"_links":{"self":[{"href":"https:\/\/universomola.com\/en\/wp-json\/wp\/v2\/posts\/5120","targetHints":{"allow":["GET"]}}],"collection":[{"href":"https:\/\/universomola.com\/en\/wp-json\/wp\/v2\/posts"}],"about":[{"href":"https:\/\/universomola.com\/en\/wp-json\/wp\/v2\/types\/post"}],"author":[{"embeddable":true,"href":"https:\/\/universomola.com\/en\/wp-json\/wp\/v2\/users\/9"}],"replies":[{"embeddable":true,"href":"https:\/\/universomola.com\/en\/wp-json\/wp\/v2\/comments?post=5120"}],"version-history":[{"count":5,"href":"https:\/\/universomola.com\/en\/wp-json\/wp\/v2\/posts\/5120\/revisions"}],"predecessor-version":[{"id":5127,"href":"https:\/\/universomola.com\/en\/wp-json\/wp\/v2\/posts\/5120\/revisions\/5127"}],"wp:featuredmedia":[{"embeddable":true,"href":"https:\/\/universomola.com\/en\/wp-json\/wp\/v2\/media\/5122"}],"wp:attachment":[{"href":"https:\/\/universomola.com\/en\/wp-json\/wp\/v2\/media?parent=5120"}],"wp:term":[{"taxonomy":"category","embeddable":true,"href":"https:\/\/universomola.com\/en\/wp-json\/wp\/v2\/categories?post=5120"},{"taxonomy":"post_tag","embeddable":true,"href":"https:\/\/universomola.com\/en\/wp-json\/wp\/v2\/tags?post=5120"}],"curies":[{"name":"wp","href":"https:\/\/api.w.org\/{rel}","templated":true}]}}