{"id":5128,"date":"2020-03-02T20:28:55","date_gmt":"2020-03-02T23:28:55","guid":{"rendered":"http:\/\/desarrollosdeprueba.xyz\/universo_mola\/?p=5128"},"modified":"2021-08-07T20:33:56","modified_gmt":"2021-08-07T23:33:56","slug":"ana-tonon-creadora-de-muy-greenish","status":"publish","type":"post","link":"https:\/\/universomola.com\/en\/ana-tonon-creadora-de-muy-greenish\/","title":{"rendered":"ANA TONON, CREADORA DE MUY GREENISH"},"content":{"rendered":"<div class=\"fusion-fullwidth fullwidth-box fusion-builder-row-1 fusion-flex-container nonhundred-percent-fullwidth non-hundred-percent-height-scrolling\" style=\"--awb-border-radius-top-left:0px;--awb-border-radius-top-right:0px;--awb-border-radius-bottom-right:0px;--awb-border-radius-bottom-left:0px;--awb-flex-wrap:wrap;\" ><div class=\"fusion-builder-row fusion-row fusion-flex-align-items-flex-start fusion-flex-content-wrap\" style=\"max-width:1248px;margin-left: calc(-4% \/ 2 );margin-right: calc(-4% \/ 2 );\"><div class=\"fusion-layout-column fusion_builder_column fusion-builder-column-0 fusion_builder_column_1_1 1_1 fusion-flex-column\" style=\"--awb-bg-size:cover;--awb-width-large:100%;--awb-margin-top-large:0px;--awb-spacing-right-large:1.92%;--awb-margin-bottom-large:0px;--awb-spacing-left-large:1.92%;--awb-width-medium:100%;--awb-spacing-right-medium:1.92%;--awb-spacing-left-medium:1.92%;--awb-width-small:100%;--awb-spacing-right-small:1.92%;--awb-spacing-left-small:1.92%;\"><div class=\"fusion-column-wrapper fusion-flex-justify-content-flex-start fusion-content-layout-column\"><div class=\"fusion-text fusion-text-1\"><\/div><div class=\"fusion-text fusion-text-2\"><p><em><span style=\"font-weight: 400; color: #33cccc;\">Por Andrea de Iacovo, Voz del #UniversoMOLA Argentina.<\/span><\/em><\/p>\n<p><b>Ana Tonon<\/b><span style=\"font-weight: 400;\">, comunicadora, asesora\u00a0 en moda sostenible y creadora de <\/span><a href=\"https:\/\/www.instagram.com\/muygreenish\/\"><span style=\"font-weight: 400;\">Muy Greenish<\/span><\/a><\/p>\n<p><b>1- Cont\u00e1nos un poco qu\u00e9 inquietudes te llevaron a comunicar dentro de la sostenibilidad y c\u00f3mo se arm\u00f3 MUY GREENISH?<\/b><\/p>\n<p><b>Fund\u00e9 hace m\u00e1s de 10 a\u00f1os Verde Textil SRL<\/b><span style=\"font-weight: 400;\">, con mi socio y hermano, empresa dedicada la producci\u00f3n de textiles org\u00e1nicos certificados. Eso me vincul\u00f3 a los procesos industriales y a estudiar y aplicar normas socioambientales en las que se basaba la certificaci\u00f3n. Por eso, adem\u00e1s de comercializar telas y prendas, parte de mi trabajo era asesorar sobre moda sostenible a mis clientes, ya que hace 10 a\u00f1os atr\u00e1s se conoc\u00eda bastante poco sobre el tema. Hace un tiempo tuvimos que cerrar y cree <\/span><b>Muy Greenish<\/b><span style=\"font-weight: 400;\"> por dos razones: una para <\/span><b>estar conectada con la comunidad<\/b><span style=\"font-weight: 400;\"> con la que ven\u00eda trabajando, pero abriendo m\u00e1s el tema ya que creo que la ecolog\u00eda y la sostenibilidad es un estilo de vida (que nos hace reflexionar sobre h\u00e1bitos, forma de consumo, etc); y la otra porque not\u00e9 que hab\u00eda muy poca difusi\u00f3n de marcas y dise\u00f1ador@s muy buenos, parte de la consulta frecuente era d\u00f3nde comprar o conseguir ropa ecol\u00f3gica. As\u00ed que consider\u00e9 que era un servicio \u00fatil y necesario para <\/span><b>aportar mi granito de arena al consumo responsable<\/b><span style=\"font-weight: 400;\">. Ahora estoy en formaci\u00f3n de una consultora con dos socias m\u00e1s.<\/span><\/p>\n<p><b>2- \u00bfC\u00f3mo son tus viernes ECO de #look\u00e9tico? \u00bfcon cu\u00e1les marcas te inspir\u00e1s m\u00e1s a la hora de armar los outfits sostenibles?<\/b><\/p>\n<p><span style=\"font-weight: 400;\">En la semana, en general investigo alg\u00fan concepto de Moda \u00c9tica y luego el Viernes, para cerrar la semana, toco alguna tem\u00e1tica puntual y la acompa\u00f1o con un outfit que haga cierta referencia al tema.<\/span><\/p>\n<p><span style=\"font-weight: 400;\">Conozco a muchas marcas y emprendimientos desde hace a\u00f1os, los v\u00ed nacer o crecer, conozco a sus creador@s, s\u00e9 lo que han luchado y las dificultades que han atravesado para ser fieles a sus valores, y eso me inspira a que se hagan conocid@s y tengan el \u00e9xito que se merecen. Las marcas que me inspiran son las que trabajan en\u00a0 los temas que hacen a la Moda Lenta: cuidado de la cadena de valor (tanto ambiental como social), fibras naturales, reciclado o Upcycling, cruelty free (sin maltrato animal), segunda mano, zero waste (sin desperdicio), reutilizaci\u00f3n y gesti\u00f3n de residuo textil, econom\u00eda circular, triple impacto, comercio justo y gender free (sin g\u00e9nero), entre otros.<\/span><\/p>\n<p><b>3- Dej\u00e1nos algunos tips de h\u00e1bitos sustentables para comenzar \u00e9ste 2020 y transitarlo del modo m\u00e1s consciente posible.\u00a0<\/b><\/p>\n<ul>\n<li style=\"font-weight: 400;\" aria-level=\"1\"><span style=\"font-weight: 400;\">Autoconocerse para encontrar un estilo propio y personal, que nos despegue de \u00abseguir a la moda r\u00e1pida\u00bb, y as\u00ed crear un guardarropas que acompa\u00f1e tu personalidad para que sea duradero.<\/span><\/li>\n<li style=\"font-weight: 400;\" aria-level=\"1\"><span style=\"font-weight: 400;\">Si hay un tema de la sostenibilidad que te interesa o apasiona, pod\u00e9s acompa\u00f1arlo con prendas que \u00abhablan sobre eso\u00bb. Por ejemplo, el reciclado, el veganismo, lo natural, lo inclusivo, etc. En Muy Greenish voy mencionando cada semana marcas que adhieren a esas tem\u00e1ticas.<\/span><\/li>\n<li style=\"font-weight: 400;\" aria-level=\"1\"><span style=\"font-weight: 400;\">Elegir prendas de calidad, conocer qui\u00e9n est\u00e1 detr\u00e1s de la marca, preguntar e investigar un poco sobre lo que vestimos.\u00a0<\/span><\/li>\n<li style=\"font-weight: 400;\" aria-level=\"1\"><span style=\"font-weight: 400;\">Darle valor a la ropa, porque tiene un proceso inmenso detr\u00e1s e involucra a cientos de personas desde que comienza hasta que llega a tus manos. Ser conscientes de eso nos cambia la mirada y nos permite cuidar mejor a cada prenda.<\/span><\/li>\n<\/ul>\n<p><span style=\"font-weight: 400;\">\u00a0<\/span><\/p>\n<p><b>4-\u00a0 \u00bfCrees que se pueden\u00a0 adoptar h\u00e1bitos detox no solamente en nuestra alimentaci\u00f3n, en nuestro modo de consumir sino tambi\u00e9n dentro de la moda?<\/b><\/p>\n<p><span style=\"font-weight: 400;\">Totalmente, creo que el nuevo paradigma nos est\u00e1 llevando lentamente a un<\/span><b> minimalismo consciente.<\/b><span style=\"font-weight: 400;\"> Eso nos da \u00abaire\u00bb para pensar nuevos modelos de consumo y producci\u00f3n, nos deja elegir con m\u00e1s responsabilidad. La evoluci\u00f3n natural nos est\u00e1 pidiendo que nos despojemos de aquello m\u00e1s superficial y atendamos a temas serios y que nos interpelan como las desigualdades, el sufrimiento, la contaminaci\u00f3n, el cambio clim\u00e1tico, etc. Eso se acompa\u00f1a con un vestir m\u00e1s simple, c\u00f3modo, menos llamativo, con consumo moderado,\u00a0 sin tanto recambio y que ocupe menos espacio (f\u00edsico y mental).\u00a0<\/span><\/p>\n<p><span style=\"font-weight: 400;\">Hay varias experiencias de personas que hacen un closet con 40 prendas que no se renueva por dos o tres a\u00f1os.\u00a0<\/span><\/p>\n<p><b>5-\u00a0 Es un desafio en nuestro pa\u00eds para los dise\u00f1adores adquirir materia prima org\u00e1nica, en el rubro textil, ya que si se consigue la materia prima proveniente de otro pa\u00eds genera una huella de carbono irreversible, debido a tu experiencia en el rubro \u00bfcrees que en alg\u00fan momento Argentina pueda avanzar en la producci\u00f3n de los mismos?<\/b><\/p>\n<p><span style=\"font-weight: 400;\">Si, de hecho hubo y hay proyectos de cultivo <\/span><b><i>Org\u00e1nico, Bioden\u00e1mico y agroecol\u00f3gico<\/i><\/b><span style=\"font-weight: 400;\">. Si bien\u00a0 son producciones chicas, la demanda va traccionar a que crezca. El problema que encuentran los peque\u00f1os productores de fibra, es la etapa de hilander\u00eda. Es dif\u00edcil insertar cantidades tan chicas en industrias tan grandes, y las hilander\u00edas peque\u00f1as han cerrado casi todas. Habr\u00eda que intentar subsanar esa instancia en donde se frena la cadena.<\/span><\/p>\n<p><span style=\"font-weight: 400;\">De todas maneras como recurso sostenible, se est\u00e1 innovando en la recuperaci\u00f3n de fibra ya tejida, que se deshace y se vuelve a hilar. Pueden ver el ejemplo de <\/span><b>Recover<\/b><span style=\"font-weight: 400;\"> (Espa\u00f1a) que usa residuo textil (que no va a vertedero, ni se incinera), no utiliza agua, ni qu\u00edmicos y reduce CO2. Tambi\u00e9n ocurre con la Lana reciclada, para ropa deportiva el PET reciclado, los procesos Lyocell. Hay que buscar nuevos recursos con innovaci\u00f3n para generar nuevas telas. <\/span><b>Hay varias industrias argentinas analizando esos temas para su futura implementaci\u00f3n.<\/b><\/p>\n<p><b>6- Por \u00faltimo dej\u00e1nos una frase inspiracional para adoptar en\u00a0 nuestro dia a dia.<\/b><\/p>\n<p><span style=\"font-weight: 400;\">Siempre digo esto:<\/span><\/p>\n<p style=\"text-align: center;\"><b>Que lo que vest\u00eds se adapte a tu identidad y valores y no que te adaptes a la \u00abtendencia marcada por otros\u00bb . Vest\u00ed lo que diga claramente quien eres. Estamos en la era del prop\u00f3sito, las causas nobles, la cohesi\u00f3n y la colaboraci\u00f3n, y nuestra ropa nos tiene que acompa\u00f1ar con COHERENCIA.<\/b><\/p>\n<hr \/>\n<p><img decoding=\"async\" class=\"size-full wp-image-5129 aligncenter lazyload\" data-src=\"http:\/\/desarrollosdeprueba.xyz\/universo_mola\/wp-content\/uploads\/2021\/08\/11-1.png\" alt=\"\" width=\"587\" height=\"606\" data-srcset=\"https:\/\/universomola.com\/wp-content\/uploads\/2021\/08\/11-1-200x206.png 200w, https:\/\/universomola.com\/wp-content\/uploads\/2021\/08\/11-1-291x300.png 291w, https:\/\/universomola.com\/wp-content\/uploads\/2021\/08\/11-1-400x413.png 400w, https:\/\/universomola.com\/wp-content\/uploads\/2021\/08\/11-1-500x516.png 500w, https:\/\/universomola.com\/wp-content\/uploads\/2021\/08\/11-1.png 587w\" data-sizes=\"(max-width: 587px) 100vw, 587px\" src=\"data:image\/svg+xml;base64,PHN2ZyB3aWR0aD0iMSIgaGVpZ2h0PSIxIiB4bWxucz0iaHR0cDovL3d3dy53My5vcmcvMjAwMC9zdmciPjwvc3ZnPg==\" style=\"--smush-placeholder-width: 587px; --smush-placeholder-aspect-ratio: 587\/606;\" \/><\/p>\n<\/div><\/div><\/div><\/div><\/div>","protected":false},"excerpt":{"rendered":"<p>Lorem ipsum dolor sit amet, consectetur adipiscing elit. Nam pharetra dictum eleifend. Sed posuere magna at luctus pretium. Aliquam ligula sem, aliquet sit amet nisi ac, dignissim porta ipsum.<\/p>","protected":false},"author":9,"featured_media":5130,"comment_status":"open","ping_status":"open","sticky":false,"template":"","format":"standard","meta":{"_monsterinsights_skip_tracking":false,"_monsterinsights_sitenote_active":false,"_monsterinsights_sitenote_note":"","_monsterinsights_sitenote_category":0,"footnotes":""},"categories":[40],"tags":[93,91,95,89,48,92,47,96,90,88],"class_list":["post-5128","post","type-post","status-publish","format-standard","has-post-thumbnail","hentry","category-blog","tag-disenadores-sostenibles","tag-ethical-fashion","tag-innovacion","tag-moda-etica","tag-moda-latina","tag-moda-latinoamericana","tag-moda-sostenible","tag-moda-sustentable","tag-sustainable","tag-universo-mola"],"_links":{"self":[{"href":"https:\/\/universomola.com\/en\/wp-json\/wp\/v2\/posts\/5128","targetHints":{"allow":["GET"]}}],"collection":[{"href":"https:\/\/universomola.com\/en\/wp-json\/wp\/v2\/posts"}],"about":[{"href":"https:\/\/universomola.com\/en\/wp-json\/wp\/v2\/types\/post"}],"author":[{"embeddable":true,"href":"https:\/\/universomola.com\/en\/wp-json\/wp\/v2\/users\/9"}],"replies":[{"embeddable":true,"href":"https:\/\/universomola.com\/en\/wp-json\/wp\/v2\/comments?post=5128"}],"version-history":[{"count":1,"href":"https:\/\/universomola.com\/en\/wp-json\/wp\/v2\/posts\/5128\/revisions"}],"predecessor-version":[{"id":5131,"href":"https:\/\/universomola.com\/en\/wp-json\/wp\/v2\/posts\/5128\/revisions\/5131"}],"wp:featuredmedia":[{"embeddable":true,"href":"https:\/\/universomola.com\/en\/wp-json\/wp\/v2\/media\/5130"}],"wp:attachment":[{"href":"https:\/\/universomola.com\/en\/wp-json\/wp\/v2\/media?parent=5128"}],"wp:term":[{"taxonomy":"category","embeddable":true,"href":"https:\/\/universomola.com\/en\/wp-json\/wp\/v2\/categories?post=5128"},{"taxonomy":"post_tag","embeddable":true,"href":"https:\/\/universomola.com\/en\/wp-json\/wp\/v2\/tags?post=5128"}],"curies":[{"name":"wp","href":"https:\/\/api.w.org\/{rel}","templated":true}]}}