{"id":5132,"date":"2020-03-20T20:34:46","date_gmt":"2020-03-20T23:34:46","guid":{"rendered":"http:\/\/desarrollosdeprueba.xyz\/universo_mola\/?p=5132"},"modified":"2021-08-07T20:41:37","modified_gmt":"2021-08-07T23:41:37","slug":"dia-mundial-del-consumidor","status":"publish","type":"post","link":"https:\/\/universomola.com\/en\/dia-mundial-del-consumidor\/","title":{"rendered":"D\u00cdA MUNDIAL DEL CONSUMIDOR"},"content":{"rendered":"<div class=\"fusion-fullwidth fullwidth-box fusion-builder-row-1 fusion-flex-container nonhundred-percent-fullwidth non-hundred-percent-height-scrolling\" style=\"--awb-border-radius-top-left:0px;--awb-border-radius-top-right:0px;--awb-border-radius-bottom-right:0px;--awb-border-radius-bottom-left:0px;--awb-flex-wrap:wrap;\" ><div class=\"fusion-builder-row fusion-row fusion-flex-align-items-flex-start fusion-flex-content-wrap\" style=\"max-width:1248px;margin-left: calc(-4% \/ 2 );margin-right: calc(-4% \/ 2 );\"><div class=\"fusion-layout-column fusion_builder_column fusion-builder-column-0 fusion_builder_column_1_1 1_1 fusion-flex-column\" style=\"--awb-bg-size:cover;--awb-width-large:100%;--awb-margin-top-large:0px;--awb-spacing-right-large:1.92%;--awb-margin-bottom-large:0px;--awb-spacing-left-large:1.92%;--awb-width-medium:100%;--awb-spacing-right-medium:1.92%;--awb-spacing-left-medium:1.92%;--awb-width-small:100%;--awb-spacing-right-small:1.92%;--awb-spacing-left-small:1.92%;\"><div class=\"fusion-column-wrapper fusion-flex-justify-content-flex-start fusion-content-layout-column\"><div class=\"fusion-text fusion-text-1\"><\/div><div class=\"fusion-text fusion-text-2\"><p><em><span style=\"font-weight: 400; color: #33cccc;\">Por Tatiana Messer-Rybalowski, Voz del #UniversoMOLA Brasil .\u00a0<\/span><\/em><\/p>\n<p><i><span style=\"font-weight: 400;\">O Dia Mundial do Consumidor \u00e9 comemorado anualmente em 15 de mar\u00e7o, um dia que foi criado para proteger e lembrar dos direitos do consumidor, mas tamb\u00e9m para que as empresas e o com\u00e9rcio em geral lembrem do compromisso de respeitar todas as leis que protegem os seus consumidores.\u00a0<\/span><\/i><\/p>\n<p><b>El D\u00eda Mundial del Consumidor se celebra anualmente el 15 de marzo,<\/b><span style=\"font-weight: 400;\"> un d\u00eda creado para proteger y recordar los derechos del consumidor, pero adem\u00e1s para las empresas y el comercio en general para recordar el compromiso de respetar todas las leyes que protegen sus derechos de consumidores.<\/span><\/p>\n<p><i><span style=\"font-weight: 400;\">Considerando a relev\u00e2ncia do com\u00e9rcio atualmente, tanto de produtos quanto de servi\u00e7os, esse dia pode servir para uma reflex\u00e3o sobre o nosso papel enquanto consumidores e sobre o poder que temos em nossas m\u00e3os.<\/span><\/i><\/p>\n<p><span style=\"font-weight: 400;\">Considerando la relevancia del comercio actualmente, tanto para productos como para servicios, este d\u00eda puede servir para reflexionar sobre nuestro papel como consumidores y sobre el poder que tenemos en nuestras manos.<\/span><\/p>\n<p><i><span style=\"font-weight: 400;\">O com\u00e9rcio surge a partir dos processos de trocas na antiguidade, quando determinados grupos trocavam suas produ\u00e7\u00f5es por outras. Esse sistema de trocas, que \u00e9 considerado como a primeira forma de com\u00e9rcio, era local: apenas pessoas da mesma comunidade realizavam essas trocas. Cada fam\u00edlia possu\u00eda determinada habilidade que garantia o seu sustento. Mas havia excedentes que, ao serem estocados, pereciam. Al\u00e9m disso, havia a necessidade de itens que eles pr\u00f3prios n\u00e3o produziam, o que acabou por gerar as din\u00e2micas de troca.<\/span><\/i><\/p>\n<p><b>El comercio surge de los procesos de intercambio en la antig\u00fcedad, cuando ciertos grupos intercambiaban sus producciones por otros.<\/b><span style=\"font-weight: 400;\"> Este sistema de intercambio, que se considera la primera forma de comercio, era local: solo personas de la misma comunidad realizaban estos intercambios. Cada familia ten\u00eda una cierta habilidad que garantizaba su sustento. Pero hab\u00eda excedentes que, cuando se almacenaban, perecian. Adem\u00e1s, hab\u00eda una necesidad de art\u00edculos que ellos mismos no produc\u00edan, lo que termin\u00f3 generando din\u00e1micas de intercambio.<\/span><\/p>\n<p><i><span style=\"font-weight: 400;\">Como as trocas eram diretas e sem pre\u00e7os espec\u00edficos, barganhar era a forma de se conseguir um bom neg\u00f3cio.<\/span><\/i><\/p>\n<p><span style=\"font-weight: 400;\">Como los intercambios eran directos y sin precios espec\u00edficos, la negociaci\u00f3n fue la forma de obtener un buen trato.<\/span><\/p>\n<p><i><span style=\"font-weight: 400;\">Mas o que de fato se perpetuou como a principal ideologia do com\u00e9rcio foi trocar uma coisa por outra.\u00a0<\/span><\/i><\/p>\n<p><span style=\"font-weight: 400;\">Pero lo que, de hecho, se perpet\u00faa como la principal ideolog\u00eda del comercio era<\/span><b> intercambiar una cosa por otra.<\/b><\/p>\n<p><i><span style=\"font-weight: 400;\">Com a cont\u00ednua evolu\u00e7\u00e3o das rela\u00e7\u00f5es comerciais, foi necess\u00e1rio se criar um meio de troca que n\u00e3o ser resumisse ao escambo, uma forma de permuta ou troca direta. A primeira moeda existente foi o sal, pelo fato que o sal valia como seu peso em ouro, pois ele era antigamente uma das poucas maneiras para preservar a carne. Sal\u00e1rio deriva do <\/span><\/i><a href=\"https:\/\/pt.wikipedia.org\/wiki\/Latim\"><i><span style=\"font-weight: 400;\">latim<\/span><\/i><\/a><i><span style=\"font-weight: 400;\"> salarium, que significa \u00abpagamento de sal\u201d ou \u201cpelo sal\u201d. O termo vem do antigo <\/span><\/i><a href=\"https:\/\/pt.wikipedia.org\/wiki\/Imp%25C3%25A9rio_Romano\"><i><span style=\"font-weight: 400;\">Imp\u00e9rio Romano<\/span><\/i><\/a><i><span style=\"font-weight: 400;\">.<\/span><\/i><\/p>\n<p><span style=\"font-weight: 400;\">Con la continua evoluci\u00f3n de las relaciones comerciales,<\/span><b> fue necesario crear un medio de intercambio que no se limitara al trueque,<\/b><span style=\"font-weight: 400;\"> una forma de intercambio o intercambio directo. La primera moneda existente era la sal, ya que la sal val\u00eda su peso en oro, ya que alguna vez fue una de las pocas formas de preservar la carne. Salario deriva del latin salarium, que significa \u00abpago de sal\u00bb o \u00abpor sal\u00bb. El t\u00e9rmino proviene del antiguo Imperio Romano.<\/span><\/p>\n<p><i><span style=\"font-weight: 400;\">O crescimento do com\u00e9rcio e das rotas comerciais criou riquezas e influenciou culturas e, de certa forma, diminuiu as dist\u00e2ncias entre civiliza\u00e7\u00f5es. Diversas moedas foram sendo criadas para que houvesse refer\u00eancias de valor para a realiza\u00e7\u00e3o das opera\u00e7\u00f5es comerciais que se desenvolveram de tal forma que passou a existir o ac\u00famulo de riquezas e o desenvolvimento dos grandes imp\u00e9rios comerciais existentes nos dias atuais.\u00a0<\/span><\/i><\/p>\n<p><span style=\"font-weight: 400;\">El crecimiento del comercio y las rutas comerciales crearon riqueza e influyeron en las culturas y, en cierto modo, <\/span><b>redujeron las distancias entre civilizaciones<\/b><span style=\"font-weight: 400;\">. Se crearon varias monedas para que hubiera referencias de valor para llevar a cabo las operaciones comerciales que se desarrollaron de tal manera que pas\u00f3 a generar la acumulaci\u00f3n de riqueza y el desarrollo de los grandes imperios comerciales que existen hoy en d\u00eda.<\/span><\/p>\n<p><i><span style=\"font-weight: 400;\">Hoje em dia, a defini\u00e7\u00e3o do valor de um produto envolve uma s\u00e9rie de outros fatores, como por exemplo: transporte, sal\u00e1rios dos funcion\u00e1rios, impostos e outros gastos inerentes ao processo de produ\u00e7\u00e3o do produto ou servi\u00e7o. Devido a esses fatores, a atividade comercial foi ficando cada vez mais complexa e envolvendo uma s\u00e9rie de fatores e varia\u00e7\u00f5es que influenciam no com\u00e9rcio realizado nos dias atuais.<\/span><\/i><\/p>\n<p><b>Hoy en d\u00eda, la definici\u00f3n del valor de un producto involucra una serie de otros factores, tales como: transporte, salarios de los empleados, impuestos y otros gastos inherentes al proceso de producci\u00f3n del producto o servicio.<\/b><span style=\"font-weight: 400;\"> Debido a estos factores, la actividad comercial se ha vuelto cada vez m\u00e1s compleja e involucra una serie de factores y variaciones que influyen en el comercio actual.<\/span><\/p>\n<p><i><span style=\"font-weight: 400;\">Al\u00e9m disso, diversas ferramentas e meios de produ\u00e7\u00e3o proporcionam formas para que bens e servi\u00e7os estejam cada vez mais acess\u00edveis.\u00a0 No entanto, a complexidade da cadeia produtiva faz com que as dist\u00e2ncias hoje se ampliem e o contato entre produtor e consumidor praticamente n\u00e3o mais exista. O entendimento da constru\u00e7\u00e3o dos valores torna-se cada vez mais intrincado, pois abrange uma s\u00e9rie de atividades de vendas de bens e servi\u00e7os.\u00a0<\/span><\/i><\/p>\n<p><span style=\"font-weight: 400;\">Adem\u00e1s, diversas herramientas y medios de producci\u00f3n proporcionan formas para que los bienes y servicios sean cada vez m\u00e1s accesibles. Sin embargo, la complejidad de la cadena de producci\u00f3n hace que las distancias actuales se ampl\u00eden y el contacto entre el productor y el consumidor pr\u00e1cticamente ya no exista.<\/span><b> Comprender la construcci\u00f3n de valores es cada vez m\u00e1s complejo, ya que abarca una serie de actividades para la venta de bienes y servicios.<\/b><\/p>\n<p><i><span style=\"font-weight: 400;\">O com\u00e9rcio deixa de ser uma simples troca de necessidades para se tornar uma aquisi\u00e7\u00e3o de valores simb\u00f3licos. Esta rela\u00e7\u00e3o entre oferta e demanda de produtos e servi\u00e7os acaba excedendo o plano da mera satisfa\u00e7\u00e3o utilit\u00e1ria de necessidades e se projeta tamb\u00e9m como uma a\u00e7\u00e3o de car\u00e1ter simb\u00f3lico. O consumo transforma-se em um instrumento de express\u00e3o e afirma\u00e7\u00e3o da imagem e da identidade p\u00fablica do indiv\u00edduo. Seja como doador de status ou como produtor de significados e identidades, o consumo projeta-se cada vez mais como fen\u00f4meno cultural de interlocu\u00e7\u00e3o e representa\u00e7\u00e3o social.\u00a0<\/span><\/i><\/p>\n<p><span style=\"font-weight: 400;\">El comercio deja de ser un simple intercambio de necesidades para convertirse en una adquisici\u00f3n de valores simb\u00f3licos. Esta relaci\u00f3n entre la oferta y la demanda de productos y servicios termina excediendo el plan de simple satisfacci\u00f3n utilitaria de las necesidades y tambi\u00e9n se proyecta como una acci\u00f3n simb\u00f3lica.<\/span><b> El consumo se convierte en un instrumento de expresi\u00f3n y afirmaci\u00f3n de la imagen e identidad p\u00fablica del indiv\u00edduo.<\/b><span style=\"font-weight: 400;\"> Ya sea como donador de estatus o como productor de significados e identidades, el consumo se proyecta cada vez m\u00e1s como un fen\u00f3meno cultural de interlocuci\u00f3n y representaci\u00f3n social.<\/span><\/p>\n<p><i><span style=\"font-weight: 400;\">Rela\u00e7\u00f5es antes somente comerciais, transformam-se em novas formas de participa\u00e7\u00e3o pol\u00edtica equivalentes ao voto. As escolhas de compra se consolidam como atos de reconhecimento de aceita\u00e7\u00e3o ou n\u00e3o de determinadas pr\u00e1ticas. Consumir algo \u00e9 dar um voto \u00e0quele produto ou empresa.<\/span><\/i><\/p>\n<p><span style=\"font-weight: 400;\">Las relaciones que antes solo eran comerciales, se transforman en nuevas formas de participaci\u00f3n pol\u00edtica equivalentes al voto. Las opciones de compra se consolidan como actos de reconocimiento de aceptaci\u00f3n o no de ciertas pr\u00e1cticas. <\/span><b>Consumir algo es darle un voto a ese producto o empresa.<\/b><\/p>\n<p><i><span style=\"font-weight: 400;\">Desta forma, podemos pensar que esse dia mundial do consumidor, mais que um dia que foi criado para proteger e lembrar dos direitos do consumidor, pode ser um dia para nos lembrar sobre o papel do consumidor contempor\u00e2neo, um agente pol\u00edtico preocupado com as a\u00e7\u00f5es do presente e os reflexos no futuro. Um consumidor que usa seu poder de compra como forma de influenciar marcas e empresas a seguir valores e pol\u00edticas favor\u00e1veis \u00e0 sociedade e ao meio ambiente.\u00a0<\/span><\/i><\/p>\n<p><b>De esta manera, podemos pensar que este d\u00eda mundial del consumidor, m\u00e1s de un d\u00eda creado para proteger y recordar los derechos del consumidor, puede ser un d\u00eda para recordarnos el papel del consumidor contempor\u00e1neo, un agente pol\u00edtico preocupado por las acciones del presente y los reflejos en el futuro. Un consumidor que utiliza su poder adquisitivo como una forma de influir en las marcas y las empresas para que sigan valores y pol\u00edticas favorables para la sociedad y el medio ambiente.<\/b><\/p>\n<p><em><strong>traducci\u00f3n Gabriela De Laurentis<\/strong><\/em><\/p>\n<\/div><\/div><\/div><\/div><\/div>","protected":false},"excerpt":{"rendered":"<p>Lorem ipsum dolor sit amet, consectetur adipiscing elit. Nam pharetra dictum eleifend. Sed posuere magna at luctus pretium. Aliquam ligula sem, aliquet sit amet nisi ac, dignissim porta ipsum.<\/p>","protected":false},"author":9,"featured_media":5133,"comment_status":"open","ping_status":"open","sticky":false,"template":"","format":"standard","meta":{"_monsterinsights_skip_tracking":false,"_monsterinsights_sitenote_active":false,"_monsterinsights_sitenote_note":"","_monsterinsights_sitenote_category":0,"footnotes":""},"categories":[40],"tags":[93,91,95,89,48,92,47,96,90,88],"class_list":["post-5132","post","type-post","status-publish","format-standard","has-post-thumbnail","hentry","category-blog","tag-disenadores-sostenibles","tag-ethical-fashion","tag-innovacion","tag-moda-etica","tag-moda-latina","tag-moda-latinoamericana","tag-moda-sostenible","tag-moda-sustentable","tag-sustainable","tag-universo-mola"],"_links":{"self":[{"href":"https:\/\/universomola.com\/en\/wp-json\/wp\/v2\/posts\/5132","targetHints":{"allow":["GET"]}}],"collection":[{"href":"https:\/\/universomola.com\/en\/wp-json\/wp\/v2\/posts"}],"about":[{"href":"https:\/\/universomola.com\/en\/wp-json\/wp\/v2\/types\/post"}],"author":[{"embeddable":true,"href":"https:\/\/universomola.com\/en\/wp-json\/wp\/v2\/users\/9"}],"replies":[{"embeddable":true,"href":"https:\/\/universomola.com\/en\/wp-json\/wp\/v2\/comments?post=5132"}],"version-history":[{"count":1,"href":"https:\/\/universomola.com\/en\/wp-json\/wp\/v2\/posts\/5132\/revisions"}],"predecessor-version":[{"id":5134,"href":"https:\/\/universomola.com\/en\/wp-json\/wp\/v2\/posts\/5132\/revisions\/5134"}],"wp:featuredmedia":[{"embeddable":true,"href":"https:\/\/universomola.com\/en\/wp-json\/wp\/v2\/media\/5133"}],"wp:attachment":[{"href":"https:\/\/universomola.com\/en\/wp-json\/wp\/v2\/media?parent=5132"}],"wp:term":[{"taxonomy":"category","embeddable":true,"href":"https:\/\/universomola.com\/en\/wp-json\/wp\/v2\/categories?post=5132"},{"taxonomy":"post_tag","embeddable":true,"href":"https:\/\/universomola.com\/en\/wp-json\/wp\/v2\/tags?post=5132"}],"curies":[{"name":"wp","href":"https:\/\/api.w.org\/{rel}","templated":true}]}}