{"id":5135,"date":"2020-04-09T20:42:18","date_gmt":"2020-04-09T23:42:18","guid":{"rendered":"http:\/\/desarrollosdeprueba.xyz\/universo_mola\/?p=5135"},"modified":"2021-08-07T20:46:46","modified_gmt":"2021-08-07T23:46:46","slug":"vestuario-que-reutiliza-materiales","status":"publish","type":"post","link":"https:\/\/universomola.com\/en\/vestuario-que-reutiliza-materiales\/","title":{"rendered":"VESTUARIO QUE REUTILIZA MATERIALES"},"content":{"rendered":"<div class=\"fusion-fullwidth fullwidth-box fusion-builder-row-1 fusion-flex-container nonhundred-percent-fullwidth non-hundred-percent-height-scrolling\" style=\"--awb-border-radius-top-left:0px;--awb-border-radius-top-right:0px;--awb-border-radius-bottom-right:0px;--awb-border-radius-bottom-left:0px;--awb-flex-wrap:wrap;\" ><div class=\"fusion-builder-row fusion-row fusion-flex-align-items-flex-start fusion-flex-content-wrap\" style=\"max-width:1248px;margin-left: calc(-4% \/ 2 );margin-right: calc(-4% \/ 2 );\"><div class=\"fusion-layout-column fusion_builder_column fusion-builder-column-0 fusion_builder_column_1_1 1_1 fusion-flex-column\" style=\"--awb-bg-size:cover;--awb-width-large:100%;--awb-margin-top-large:0px;--awb-spacing-right-large:1.92%;--awb-margin-bottom-large:0px;--awb-spacing-left-large:1.92%;--awb-width-medium:100%;--awb-spacing-right-medium:1.92%;--awb-spacing-left-medium:1.92%;--awb-width-small:100%;--awb-spacing-right-small:1.92%;--awb-spacing-left-small:1.92%;\"><div class=\"fusion-column-wrapper fusion-flex-justify-content-flex-start fusion-content-layout-column\"><div class=\"fusion-text fusion-text-1\"><\/div><div class=\"fusion-text fusion-text-2\"><p><em><span style=\"font-weight: 400; color: #33cccc;\">Por Andrea de Iacovo, Voz del #UniversoMOLA Argentina. Fotograf\u00edas cortes\u00eda de Ainoha.\u00a0<\/span><\/em><\/p>\n<p><b>Laura Torrecillas, bailarina, dise\u00f1adora, creadora de prendas \u00fanicas en vestuario a trav\u00e9s de la revalorizaci\u00f3n y reutilizaci\u00f3n de materiales.<\/b><\/p>\n<p><b>1- Contanos c\u00f3mo fu\u00e9 tu giro dentro de la creaci\u00f3n del vestuario convencional al vestuario sustentable y qu\u00e9 ideas y valores te llevaron a hacerlo.<\/b><\/p>\n<p><span style=\"font-weight: 400;\">Comenc\u00e9 a trabajar como vestuarista en los proyectos donde bailaba y en general eran producciones sin presupuesto, y me adapt\u00e9 a la sustentabilidad, no hab\u00eda mucha opci\u00f3n al momento de comprar materiales y adopt\u00e9 el camino de resignificar, a modo de elecci\u00f3n y manera de trabajo.<\/span><\/p>\n<p><b>2- \u00bfC\u00f3mo fu\u00e9 la aceptaci\u00f3n y demanda\u00a0 de tus clientes\u00a0 con la idea de alquilar el vestuario? \u00bfTe apoyaron en esta consigna?<\/b><\/p>\n<p><span style=\"font-weight: 400;\">No hab\u00eda un h\u00e1bito de alquilar, s\u00ed de comprar ropa second hand y transformarla fuera del \u00e1mbito de la danza; por ejemplo en cine, t.v. ,teatro, s\u00ed se opta por el alquiler de vestuarios y prendas, hoy en dia por suerte\u00a0 se est\u00e1 instalando c\u00f3mo algo m\u00e1s cotidiano.<\/span><\/p>\n<p><b>3- Debido a tu experiencia\u00a0 previa al vestuario como bailarina, \u00bfpens\u00e1s que hay mucho consumo innecesario en cuanto a materiales, materias primas y\u00a0 confecci\u00f3n dentro del mismo?<\/b><\/p>\n<p><span style=\"font-weight: 400;\">Es un poco contradictorio, ya que los que m\u00e1s presupuesto tienen para el vestuario, reutilizan y reciclan continuamente, los que realizan producciones a menor escala no tienen tan adaptado el reciclaje. En mi caso cuando me convocan para un proyecto les abro el abanico de opciones y me comprometo a crear generando un menor\u00a0 impacto ambiental dentro de lo posible, y las respuestas son buenas ante la propuesta sustentable.<\/span><\/p>\n<p><b>4- \u00bfCu\u00e1les son los materiales qu\u00e9 te seducen m\u00e1s a la hora de crear?<\/b><\/p>\n<p><span style=\"font-weight: 400;\">Mezclar texturas, siempre redescubriendo los materiales y d\u00e1ndole el uso menos pensado. Reutilizo pl\u00e1stico, creando una nueva forma de vida circular,\u00a0 por su resistencia\u00a0 la hora de trabajarlo me brinda\u00a0 unas opci\u00f3n de creaciones infinitas.<\/span><\/p>\n<p><b>5- Contanos cu\u00e1l fu\u00e9 hasta hoy tu desaf\u00edo no convencional a la hora de elegir materialidades y tu dise\u00f1o favorito (estrella)<\/b><\/p>\n<p><span style=\"font-weight: 400;\">No tengo uno en especial, cada proyecto nuevo presenta su juego. Un desaf\u00edo fue Pandemonium, para la compa\u00f1ia Casta Diva de M\u00f3nica Fracchia, a\u00f1o 2003. Eramos 10 int\u00e9rpretes, fue mi primer proyecto grande dise\u00f1ado y realizado sin adquirir materiales, sino reciclando, todo lo que vino despu\u00e9s trae consigo una c\u00e9lula de esas prendas.\u00a0\u00a0<\/span><\/p>\n<p><b>6- Por \u00faltimo, dejanos un tip de consumo responsable que adaptes en tu taller y cont\u00e1nos c\u00f3mo conociste a Universo MOLA.<\/b><\/p>\n<p><span style=\"font-weight: 400;\">Siempre reutilizar, resignificar, dispongo de prendas en desuso para transformar en mi dep\u00f3sito y presto mucha atenci\u00f3n al nivel de desperdicio qu\u00e9 se genera en cada proyecto,\u00a0 lo que en uno es basura, ser\u00e1 materia prima en otro, y as\u00ed armo un ciclo de consumo d\u00f3nde todo puede alargar\u00a0 su tiempo de\u00a0 vida \u00fatil.<\/span><\/p>\n<p><span style=\"font-weight: 400;\">Conoci a Universo MOLA, por Boobamara, participando del evento de Sitges en Palermo, Bs,As, d\u00f3nde fui convocada con mis dise\u00f1os. Gracias a MOLA por armar comunidad y difundir mi espacio.<\/span><\/p>\n<p><span style=\"font-weight: 400;\">facebook: La TORRE Vestuarios<\/span><\/p>\n<p><span style=\"font-weight: 400;\">instagram: latorrevestuarios<\/span><\/p>\n<\/div><\/div><\/div><\/div><\/div>","protected":false},"excerpt":{"rendered":"<p>Lorem ipsum dolor sit amet, consectetur adipiscing elit. Nam pharetra dictum eleifend. Sed posuere magna at luctus pretium. Aliquam ligula sem, aliquet sit amet nisi ac, dignissim porta ipsum.<\/p>","protected":false},"author":9,"featured_media":5136,"comment_status":"open","ping_status":"open","sticky":false,"template":"","format":"standard","meta":{"_monsterinsights_skip_tracking":false,"_monsterinsights_sitenote_active":false,"_monsterinsights_sitenote_note":"","_monsterinsights_sitenote_category":0,"footnotes":""},"categories":[40],"tags":[93,91,95,89,48,92,47,96,90,88],"class_list":["post-5135","post","type-post","status-publish","format-standard","has-post-thumbnail","hentry","category-blog","tag-disenadores-sostenibles","tag-ethical-fashion","tag-innovacion","tag-moda-etica","tag-moda-latina","tag-moda-latinoamericana","tag-moda-sostenible","tag-moda-sustentable","tag-sustainable","tag-universo-mola"],"_links":{"self":[{"href":"https:\/\/universomola.com\/en\/wp-json\/wp\/v2\/posts\/5135","targetHints":{"allow":["GET"]}}],"collection":[{"href":"https:\/\/universomola.com\/en\/wp-json\/wp\/v2\/posts"}],"about":[{"href":"https:\/\/universomola.com\/en\/wp-json\/wp\/v2\/types\/post"}],"author":[{"embeddable":true,"href":"https:\/\/universomola.com\/en\/wp-json\/wp\/v2\/users\/9"}],"replies":[{"embeddable":true,"href":"https:\/\/universomola.com\/en\/wp-json\/wp\/v2\/comments?post=5135"}],"version-history":[{"count":1,"href":"https:\/\/universomola.com\/en\/wp-json\/wp\/v2\/posts\/5135\/revisions"}],"predecessor-version":[{"id":5137,"href":"https:\/\/universomola.com\/en\/wp-json\/wp\/v2\/posts\/5135\/revisions\/5137"}],"wp:featuredmedia":[{"embeddable":true,"href":"https:\/\/universomola.com\/en\/wp-json\/wp\/v2\/media\/5136"}],"wp:attachment":[{"href":"https:\/\/universomola.com\/en\/wp-json\/wp\/v2\/media?parent=5135"}],"wp:term":[{"taxonomy":"category","embeddable":true,"href":"https:\/\/universomola.com\/en\/wp-json\/wp\/v2\/categories?post=5135"},{"taxonomy":"post_tag","embeddable":true,"href":"https:\/\/universomola.com\/en\/wp-json\/wp\/v2\/tags?post=5135"}],"curies":[{"name":"wp","href":"https:\/\/api.w.org\/{rel}","templated":true}]}}