{"id":5138,"date":"2020-05-05T20:48:14","date_gmt":"2020-05-05T23:48:14","guid":{"rendered":"http:\/\/desarrollosdeprueba.xyz\/universo_mola\/?p=5138"},"modified":"2021-08-07T20:59:05","modified_gmt":"2021-08-07T23:59:05","slug":"vestuario-que-reutiliza-materiales-2","status":"publish","type":"post","link":"https:\/\/universomola.com\/en\/vestuario-que-reutiliza-materiales-2\/","title":{"rendered":"ENTREVISTA A LAS CHICAS DEL PLANETA"},"content":{"rendered":"<div class=\"fusion-fullwidth fullwidth-box fusion-builder-row-1 fusion-flex-container nonhundred-percent-fullwidth non-hundred-percent-height-scrolling\" style=\"--awb-border-radius-top-left:0px;--awb-border-radius-top-right:0px;--awb-border-radius-bottom-right:0px;--awb-border-radius-bottom-left:0px;--awb-flex-wrap:wrap;\" ><div class=\"fusion-builder-row fusion-row fusion-flex-align-items-flex-start fusion-flex-content-wrap\" style=\"max-width:1248px;margin-left: calc(-4% \/ 2 );margin-right: calc(-4% \/ 2 );\"><div class=\"fusion-layout-column fusion_builder_column fusion-builder-column-0 fusion_builder_column_1_1 1_1 fusion-flex-column\" style=\"--awb-bg-size:cover;--awb-width-large:100%;--awb-margin-top-large:0px;--awb-spacing-right-large:1.92%;--awb-margin-bottom-large:0px;--awb-spacing-left-large:1.92%;--awb-width-medium:100%;--awb-spacing-right-medium:1.92%;--awb-spacing-left-medium:1.92%;--awb-width-small:100%;--awb-spacing-right-small:1.92%;--awb-spacing-left-small:1.92%;\"><div class=\"fusion-column-wrapper fusion-flex-justify-content-flex-start fusion-content-layout-column\"><div class=\"fusion-text fusion-text-1\"><\/div><div class=\"fusion-text fusion-text-2\"><p><em><span style=\"font-weight: 400; color: #33cccc;\">Por Andrea de Iacovo, Voz del #UniversoMOLA Argentina. <\/span><\/em><\/p>\n<p style=\"text-align: center;\"><i><span style=\"font-weight: 400;\">\u00abLa manera en que hoy se produce y se confecciona es insostenible, no s\u00f3lo por el da\u00f1o ambiental y la contaminaci\u00f3n, sino tambi\u00e9n el costado social que representa. Mantener el ritmo y los precios del fast fashion implica que otros paguen los costos con salarios miserables y condiciones laborales precarias.\u00bb<\/span><\/i><\/p>\n<p><span style=\"font-weight: 400;\">Hablamos con Mora y Orne de Fracking Design y Las Chicas del Planeta, sobre c\u00f3mo est\u00e1n llevando adelante un emprendimiento de moda sostenible durante la pandemia.<\/span><\/p>\n<p><b>1- \u00bfC\u00f3mo llevan adelante el confinamiento?<\/b><\/p>\n<p><span style=\"font-weight: 400;\">Mora:<\/span><span style=\"font-weight: 400;\"> El confinamiento lo llevamos muy distinto desde el lado familiar, ya que ambas tenemos hijos de edades muy distintas, yo tengo un beb\u00e9 de 6 meses, que no demanda salir al exterior, sino todo lo contrario hizo mucho \u00abpiso\u00bb y eso lo ayud\u00f3 a desarrollar muy r\u00e1pido sus habilidades motoras. Mientras que Orne, tiene 2 hijes en la primaria, donde la demanda es much\u00edsimo mayor, las famosas tareas virtuales, estar inventando juegos y actividades constantemente para que los chicos no se aburran&#8230; es distinto.<\/span><\/p>\n<p><span style=\"font-weight: 400;\">Lo que s\u00ed pasamos igual fueron las ganas de trabajar, nosotras tenemos una pyme y como a todos esta crisis puso un stop en la econom\u00eda y las actividades comerciales. Pero no quer\u00edamos quedarnos quietas esperando, necesitabamos movernos para poder seguir dando continuidad laboral a toda la gente que trabaja con nosotros, de manera interna y externa, asique luego de las primeras 2 semanas de meditar qu\u00e9 hacer y c\u00f3mo hacerlo <\/span><b>nos pusimos a fabricar barbijos y tapa bocas.<\/b><\/p>\n<p><b>2- En cu\u00e1nto a\u00a0 la comunicaci\u00f3n en las\u00a0 redes, \u00bfen \u00e9stos d\u00edas ha crecido el feedback con sus seguidores debido a la cuarentena?<\/b><\/p>\n<p><b>\u00a1Much\u00edsimo! Creemos que tiene que ver con el crecimiento del inter\u00e9s de las personas en los problemas ambientales y sociales que la pandemia dej\u00f3 expuestos.\u00a0<\/b><\/p>\n<p><span style=\"font-weight: 400;\">A partir de esta situaci\u00f3n que nos oblig\u00f3 a realizar esta cuarentena y poner un stop total, esta pausa dej\u00f3 expuesto a los ojos de todos los problemas clim\u00e1ticos y de desigualdad.\u00a0 Algo que de lo que se habla hace muchos a\u00f1os, pero nunca se hab\u00eda visibilizado de esta manera, <\/span><b>c\u00f3mo, cuando el hombre para sus actividades industriales la naturaleza se expresa<\/b><span style=\"font-weight: 400;\">, y nos deja en evidencia los da\u00f1os que le causamos: sin nuestra intervenci\u00f3n diaria las aguas vuelven a sus colores naturales, los animales se apropian de los que fueron sus territorios.<\/span><\/p>\n<p><span style=\"font-weight: 400;\">La gente comenz\u00f3 a tomar conciencia y empez\u00f3 a buscar m\u00e1s informaci\u00f3n y otros contenidos no tan banales para pasar su tiempo en casa, creo que por eso el feedback aument\u00f3, recibimos muchos DM con consultas puntuales, nos alegra poder ayudar y aportar desde nuestro lado. <\/span><b>Sentimos que hay m\u00e1s gente comprometida.<\/b><\/p>\n<p><b>3- \u00bfC\u00f3mo ven a la industria fast fashion post covid-19 y qu\u00e9 perspectivas tienen sobre el slow fashion pasada \u00e9sta situaci\u00f3n?<\/b><\/p>\n<p><span style=\"font-weight: 400;\">La manera en que hoy se produce y se confecciona es insostenible, no s\u00f3lo por el da\u00f1o ambiental y la contaminaci\u00f3n, sino tambi\u00e9n el costado social que representa. Mantener el ritmo y los precios del fast fashion implica que otros paguen los costos con salarios miserables y condiciones laborales precarias.<\/span><\/p>\n<p><b>Entendemos que el cambio en la industria no puede ser radical de la noche a la ma\u00f1ana<\/b><span style=\"font-weight: 400;\">, ya que eso es pr\u00e1cticamente imposible por como est\u00e1 compuesto hoy el sistema. Pero s\u00ed pensamos que debe haber un compromiso real de las empresas por realizarlo, y comenzar el cambio hacia una moda m\u00e1s sostenible. <\/span><b>Creemos que las marcas que no ofrezcan un prop\u00f3sito eventualmente dejar\u00e1n de existir.<\/b><\/p>\n<p><span style=\"font-weight: 400;\">Pero aqu\u00ed tambi\u00e9n<\/span><b> va a jugar un papel muy importante el consumidor,<\/b><span style=\"font-weight: 400;\"> por eso nosotras hacemos mucho hincapi\u00e9 en nuestras redes sobre la elecci\u00f3n a la hora de comprar, si no hay demanda no hay oferta. Sin dudas creemos que va a haber mucha oferta nueva de marcas slow, sobretodo peque\u00f1os emprendedores con ganas cambiar el mundo.<\/span><\/p>\n<p><b>4- Tambi\u00e9n llevan adelante una marca de upcycling, contanos sobre los <\/b><b><i>big bag plast<\/i><\/b> <b>que usan en Fracking Design. Brevemente \u00bfde qu\u00e9 se trata su emprendimiento? y \u00bfqu\u00e9 cambios han visto en cuanto a oferta y demanda de sus productos en los \u00faltimos tiempos?<\/b><\/p>\n<p><span style=\"font-weight: 400;\">\u00a1Qu\u00e9 dif\u00edcil contarlo de manera breve! jaja Fracking Design es nuestro renacer. Un proyecto que nos devolvi\u00f3 las ganas de emprender. Nace del compromiso que ten\u00edamos desde BASILOTTA (marca de indumentaria) con en el medio ambiente, la educaci\u00f3n y el trabajo justo. En un viaje de producto que hicimos a la provincia de Neuqu\u00e9n, tuvimos la oportunidad de conocer una planta tratadora de residuos del petr\u00f3leo. <\/span><b>Entre varios residuos que descartan se encuentra la big bag pl\u00e1stica contenedora de arena, componente principal para la actividad del \u201cfracking\u201d<\/b><span style=\"font-weight: 400;\">. Esta bolsa en su mayor\u00eda se quema, no se recicla. Nosotros en Fracking Design <\/span><b>dise\u00f1amos accesorios premium<\/b><span style=\"font-weight: 400;\">, explorando el comportamiento del material, transform\u00e1ndolo en la principal materia prima, reciclando y <\/span><b>reduciendo as\u00ed la huella de carbono<\/b><span style=\"font-weight: 400;\"> de una manera diferente, creativa y circular.\u00a0 Adem\u00e1s de mitigar la huella de carbono, <\/span><b>buscamos generar impacto social atraves de nuestra cadena de producci\u00f3n<\/b><span style=\"font-weight: 400;\"> que est\u00e1 atravesada por cooperativas o unidades productivas fomentando el trabajo justo, local e inclusivo. Y no solo la confecci\u00f3n sino tambi\u00e9n otras partes de la cadena como la separaci\u00f3n del residuo y el lavado.<\/span><\/p>\n<p><span style=\"font-weight: 400;\">Un producto de triple impacto, totalmente atemporal, rompiendo as\u00ed con las estructuras de temporadas impuestas por la la industria del \u201cfast fashion\u201d, adem\u00e1s <\/span><b>son productos \u00fanicos ya que se respetan las estampas originales de las big bags, son de \u00f3ptima calidad, resistentes y\u00a0 sin g\u00e9nero.<\/b><span style=\"font-weight: 400;\"> Este proyecto tiene sin dudas una aceptaci\u00f3n muy grande, tanto del que lo consume como el que no lo hace, lo respeta, respeta las pr\u00e1cticas y los valores que transmite el producto.<\/span><\/p>\n<p><b>5- \u00bfCreen qu\u00e9 luego de esta situaci\u00f3n va a haber un cambio genuino o forzado en la industria de la moda?<\/b><\/p>\n<p><span style=\"font-weight: 400;\">Creemos que va haber de todo, seguramente haya muchos que se tengan que adaptar a esta situaci\u00f3n, por que es la realidad que estamos viviendo y la gente ya la est\u00e1 conociendo y est\u00e1 mucho m\u00e1s consciente. Hoy el consumidor opina de todo, tiene voz, no se queda callado y eso las marcas lo saben. Va a depender mucho del c\u00f3mo quieran hacerlo, si es simplemente una estrategia de marketing del tipo greenwashing o si tienen un verdadero compromiso con acciones certeras y transparentes.<\/span><\/p>\n<p><b>Pero estamos seguras que hay un nuevo consumidor, m\u00e1s comprometido con el ambiente y las generaciones futuras.<\/b><\/p>\n<p><b>6- Ecotips que adopten en el dia a dia en su taller y otro ecotip para adoptar #encasa durante el confinamiento.<\/b><\/p>\n<p><span style=\"font-weight: 400;\">Mora:<\/span><span style=\"font-weight: 400;\"> Ecotips en casa varios, pero en esta cuarentena comenc\u00e9 hacer compostaje, un nuevo desaf\u00edo para mi.\u00a0<\/span><\/p>\n<p><span style=\"font-weight: 400;\">Orne:<\/span><span style=\"font-weight: 400;\"> Tambi\u00e9n hicimos algunos videos de c\u00f3mo hacer jab\u00f3n l\u00edquido natural para la ropa, usar los reciclados (que no tenemos donde llevar) para fomentar la creatividad de los ni\u00f1os en casa y alejarlos de las tablets y celulares por un rato, hacemos germinaci\u00f3n con las semillas de las verduras que comemos, aprovechamos estos d\u00edas para reparar toda la ropa que estaba en lista de espera.<\/span><\/p>\n<\/div><\/div><\/div><\/div><\/div>","protected":false},"excerpt":{"rendered":"<p>Lorem ipsum dolor sit amet, consectetur adipiscing elit. Nam pharetra dictum eleifend. Sed posuere magna at luctus pretium. Aliquam ligula sem, aliquet sit amet nisi ac, dignissim porta ipsum.<\/p>","protected":false},"author":9,"featured_media":5144,"comment_status":"open","ping_status":"open","sticky":false,"template":"","format":"standard","meta":{"_monsterinsights_skip_tracking":false,"_monsterinsights_sitenote_active":false,"_monsterinsights_sitenote_note":"","_monsterinsights_sitenote_category":0,"footnotes":""},"categories":[40],"tags":[93,91,95,89,48,92,47,96,90,88],"class_list":["post-5138","post","type-post","status-publish","format-standard","has-post-thumbnail","hentry","category-blog","tag-disenadores-sostenibles","tag-ethical-fashion","tag-innovacion","tag-moda-etica","tag-moda-latina","tag-moda-latinoamericana","tag-moda-sostenible","tag-moda-sustentable","tag-sustainable","tag-universo-mola"],"_links":{"self":[{"href":"https:\/\/universomola.com\/en\/wp-json\/wp\/v2\/posts\/5138","targetHints":{"allow":["GET"]}}],"collection":[{"href":"https:\/\/universomola.com\/en\/wp-json\/wp\/v2\/posts"}],"about":[{"href":"https:\/\/universomola.com\/en\/wp-json\/wp\/v2\/types\/post"}],"author":[{"embeddable":true,"href":"https:\/\/universomola.com\/en\/wp-json\/wp\/v2\/users\/9"}],"replies":[{"embeddable":true,"href":"https:\/\/universomola.com\/en\/wp-json\/wp\/v2\/comments?post=5138"}],"version-history":[{"count":4,"href":"https:\/\/universomola.com\/en\/wp-json\/wp\/v2\/posts\/5138\/revisions"}],"predecessor-version":[{"id":5145,"href":"https:\/\/universomola.com\/en\/wp-json\/wp\/v2\/posts\/5138\/revisions\/5145"}],"wp:featuredmedia":[{"embeddable":true,"href":"https:\/\/universomola.com\/en\/wp-json\/wp\/v2\/media\/5144"}],"wp:attachment":[{"href":"https:\/\/universomola.com\/en\/wp-json\/wp\/v2\/media?parent=5138"}],"wp:term":[{"taxonomy":"category","embeddable":true,"href":"https:\/\/universomola.com\/en\/wp-json\/wp\/v2\/categories?post=5138"},{"taxonomy":"post_tag","embeddable":true,"href":"https:\/\/universomola.com\/en\/wp-json\/wp\/v2\/tags?post=5138"}],"curies":[{"name":"wp","href":"https:\/\/api.w.org\/{rel}","templated":true}]}}